
{"id":1758,"date":"2023-10-06T12:12:16","date_gmt":"2023-10-06T15:12:16","guid":{"rendered":"https:\/\/www.uoh.cl\/escuela-de-ciencias-sociales\/estudiantes-uoh-participaron-en-dialogo-de-proyecto-del-programa-de-las-naciones-unidas-para-el-desarrollo\/"},"modified":"2023-10-06T12:12:16","modified_gmt":"2023-10-06T15:12:16","slug":"estudiantes-uoh-participaron-en-dialogo-de-proyecto-del-programa-de-las-naciones-unidas-para-el-desarrollo","status":"publish","type":"post","link":"https:\/\/www.uoh.cl\/escuela-de-ciencias-sociales\/estudiantes-uoh-participaron-en-dialogo-de-proyecto-del-programa-de-las-naciones-unidas-para-el-desarrollo\/","title":{"rendered":"Estudiantes UOH participaron en di\u00e1logo de proyecto del Programa de las Naciones Unidas para el Desarrollo"},"content":{"rendered":"<div class=\"wpb-content-wrapper\"><p>[vc_section el_class=&#8221;container mx-auto align-items-center circle&#8211;pattern&#8221; css=&#8221;.vc_custom_1648956589196{padding-top: 3rem !important;}&#8221;][vc_row][vc_column]<div class=\"breadcrumb\"><ol itemscope itemtype=\"https:\/\/schema.org\/BreadcrumbList\"><li itemprop=\"itemListElement\" itemscope itemtype=\"https:\/\/schema.org\/ListItem\"><a itemprop=\"item\" href=\"http:\/\/www.uoh.cl\"><span itemprop=\"name\">Inicio<\/span><\/a><meta itemprop=\"position\" content=\"1\" \/><li itemprop=\"itemListElement\" itemscope itemtype=\"https:\/\/schema.org\/ListItem\"><a itemprop=\"item\" href=\"https:\/\/www.uoh.cl\/escuela-de-ciencias-sociales\"><span itemprop=\"name\">Escuela de Ciencias de Sociales<\/span><\/a><meta itemprop=\"position\" content=\"2\" \/><li itemprop=\"itemListElement\" itemscope itemtype=\"https:\/\/schema.org\/ListItem\"><a itemprop=\"item\" href=\"https:\/\/www.uoh.cl\/escuela-de-ciencias-sociales\/noticias\/\"><span itemprop=\"name\">Noticias<\/span><\/a><meta itemprop=\"position\" content=\"3\" \/><li itemprop=\"itemListElement\" itemscope itemtype=\"https:\/\/schema.org\/ListItem\"><span itemprop=\"name\">Estudiantes UOH participaron en di\u00e1logo de proyecto del Programa de <\/span><meta itemprop=\"position\" content=\"4\" \/><\/ol><\/div><ul class=\"p-0 list-style-none d-inline-block\"><li class=\"p-0\"><a href=https:\/\/www.uoh.cl\/escuela-de-ciencias-sociales\/category\/ciencias-sociales\/ class=\"px-1 py-2\">Ciencias Sociales<\/a><\/li><\/ul><div class=\"date_publish_post\"> \u25cf Vie 06 de Octubre 2023<\/div><div class=\"uoh_title_component-container\"><h1 class=\"title title--ms d-inline-block title--decorator  big\">Estudiantes UOH participaron en di\u00e1logo de proyecto del Programa de las Naciones Unidas para el Desarrollo<\/h1><\/div>[vc_row_inner el_class=&#8221;border-separator m-0&#8243;][vc_column_inner width=&#8221;2\/3&#8243;]<div class=\"author_wp_class\"> Escrito por <span>Universidad de O'Higgins<\/span><\/div>[\/vc_column_inner][vc_column_inner el_class=&#8221;align-items-end-publish&#8221; width=&#8221;1\/3&#8243;]<div class=\"uoh_social_network_component uoh_row col-12 justify-content-end m-0 p-0\"> <div class=\"icon__facebook-share-button\">\n                       <a href=\"https:\/\/www.facebook.com\/sharer\/sharer.php?u=https:\/\/www.uoh.cl\/escuela-de-ciencias-sociales\/estudiantes-uoh-participaron-en-dialogo-de-proyecto-del-programa-de-las-naciones-unidas-para-el-desarrollo\/\" target=\"_blank\"> <div class=\"icon__facebook-svg\"><svg version=\"1.1\" xmlns=\"http:\/\/www.w3.org\/2000\/svg\" xmlns:xlink=\"http:\/\/www.w3.org\/1999\/xlink\" x=\"0px\" y=\"0px\" width=\"22.4px\" height=\"48.3px\" viewBox=\"0 0 22.4 48.3\" style=\"overflow:visible;enable-background:new 0 0 22.4 48.3;\" xml:space=\"preserve\">\n                <defs>\n                <\/defs>\n                <path class=\"st0\" d=\"M22.4,15.6h-7.6v-5c0-1.9,1.2-2.3,2.1-2.3c0.9,0,5.4,0,5.4,0V0l-7.4,0C6.6,0,4.8,6.2,4.8,10.1v5.5H0v8.5h4.8\n                    c0,10.9,0,24.1,0,24.1h10c0,0,0-13.3,0-24.1h6.8L22.4,15.6z\"><\/path>\n                <\/svg><\/a><\/div>\n                    <\/div><div class=\"icon__twitter-share-button\">\n                        <div class=\"icon__twitter-svg\"><a target=\"_blank\" href=\"http:\/\/twitter.com\/share?url=https:\/\/www.uoh.cl\/escuela-de-ciencias-sociales\/estudiantes-uoh-participaron-en-dialogo-de-proyecto-del-programa-de-las-naciones-unidas-para-el-desarrollo\/\"><svg xmlns=\"http:\/\/www.w3.org\/2000\/svg\" height=\"1em\" viewBox=\"0 0 512 512\"><!--! Font Awesome Free 6.4.2 by @fontawesome - https:\/\/fontawesome.com License - https:\/\/fontawesome.com\/license (Commercial License) Copyright 2023 Fonticons, Inc. --><path d=\"M389.2 48h70.6L305.6 224.2 487 464H345L233.7 318.6 106.5 464H35.8L200.7 275.5 26.8 48H172.4L272.9 180.9 389.2 48zM364.4 421.8h39.1L151.1 88h-42L364.4 421.8z\"\/><\/svg><\/a><\/div>\n                        <\/div><div class=\"icon__linkedin-share-button\">\n                        <div class=\"icon__linkedin-svg\">\n                        <a target=\"__blank\" href=\"https:\/\/www.linkedin.com\/sharing\/share-offsite\/?url=https:\/\/www.uoh.cl\/escuela-de-ciencias-sociales\/estudiantes-uoh-participaron-en-dialogo-de-proyecto-del-programa-de-las-naciones-unidas-para-el-desarrollo\/\"><svg enable-background=\"new 0 0 100 100\" height=\"100px\" id=\"Layer_1\" version=\"1.1\" viewBox=\"0 0 100 100\" width=\"100px\" xml:space=\"preserve\" xmlns=\"http:\/\/www.w3.org\/2000\/svg\" xmlns:xlink=\"http:\/\/www.w3.org\/1999\/xlink\"><g><circle cx=\"50\" cy=\"50\" fill=\"#ccc\" r=\"45\"\/><g id=\"LinkedIn_1_\"><rect fill=\"#FFFFFF\" height=\"24.361\" width=\"7.69\" x=\"31.271\" y=\"43.569\"\/><path d=\"M59.968,43.334c-4.406,0-7.165,2.387-7.677,4.058v-3.823h-8.636c0.109,2.03,0,24.361,0,24.361h8.636    V54.748c0-0.733-0.034-1.465,0.19-1.991c0.594-1.464,1.869-2.985,4.162-2.985c2.998,0,4.361,2.253,4.361,5.552V67.93h8.721V54.384    C69.726,46.839,65.432,43.334,59.968,43.334z\" fill=\"#FFFFFF\"\/><path d=\"M34.973,32.069c-2.839,0-4.696,1.823-4.696,4.229c0,2.361,1.804,4.224,4.589,4.224h0.054    c2.891,0,4.69-1.869,4.69-4.229C39.555,33.888,37.81,32.069,34.973,32.069z\" fill=\"#FFFFFF\"\/><\/g><\/g><\/svg><\/a><\/div>\n\n            <\/div><\/div>[\/vc_column_inner][\/vc_row_inner][vc_single_image image=&#8221;24779&#8243; img_size=&#8221;full&#8221; add_caption=&#8221;yes&#8221; alignment=&#8221;center&#8221; onclick=&#8221;img_link_large&#8221; img_link_target=&#8221;_blank&#8221;][vc_column_text]\u00a0[\/vc_column_text][vc_column_text]<\/p>\n<ul>\n<li><em>&#8220;1.8 mil millones de j\u00f3venes por el cambio&#8221; busca fomentar la participaci\u00f3n activa de los j\u00f3venes en la vida pol\u00edtica y social de su pa\u00eds. <\/em><\/li>\n<\/ul>\n<p>[\/vc_column_text][vc_column_text]\u00a0[\/vc_column_text][vc_column_text]Hoy, el mundo tiene m\u00e1s j\u00f3venes que en cualquier otro momento de la historia. Sin embargo, demasiados de los 1.8 mil millones de j\u00f3venes (de 10 a 24 a\u00f1os) de hoy no est\u00e1n alcanzando su m\u00e1ximo potencial debido al fracaso de las pol\u00edticas e inversiones actuales para satisfacer sus necesidades.<\/p>\n<p>En el marco del <a href=\"https:\/\/www.1point8b.org\/es\/global-forum-for-adolescents\">Foro Mundial para Adolescentes 2023<\/a> que se desarrollar\u00e1 el 11 y 12 de octubre, primer encuentro global de adolescentes, defensores y l\u00edderes mundiales, se enmarca este taller &#8220;Lo que quieren los j\u00f3venes: Di\u00e1logos desde la mirada local\u201d, del proyecto &#8220;1.8 mil millones de j\u00f3venes por el cambio&#8221;, iniciativa liderada por el Programa de las Naciones Unidas para el Desarrollo (PNUD) que busca empoderar a los j\u00f3venes para que participen activamente en la toma de decisiones y en la construcci\u00f3n de un futuro m\u00e1s sostenible e inclusivo.<\/p>\n<p>Estudiantes de la <a href=\"https:\/\/www.uoh.cl\/escuela-de-educacion\/\">Escuela de Ciencias Sociales<\/a> de la Universidad de O\u2019Higgins (UOH) fueron parte de un di\u00e1logo participativo que se discutir\u00e1 en la cita de la pr\u00f3xima semana, buscando fomentar la participaci\u00f3n activa de los j\u00f3venes en la vida pol\u00edtica y social de su pa\u00eds, promoviendo un cambio positivo y sostenible en la sociedad. Se busca empoderar a los j\u00f3venes y brindarles herramientas para que puedan expresarse y ser escuchados en temas que les afectan, como la educaci\u00f3n, el empleo, la igualdad de g\u00e9nero, entre otros. Adem\u00e1s, se busca crear una red de j\u00f3venes comprometidos con el cambio social y la construcci\u00f3n de un futuro mejor para todos.<\/p>\n<p>&#8220;Esta actividad busca escuchar a j\u00f3venes de distintas partes del mundo, por tanto, nos interesa mucho no tener una mirada centralista; no s\u00f3lo escuchar a j\u00f3venes de Santiago, sino que tambi\u00e9n de regiones, y por eso estamos haciendo estas actividades en universidades regionales, d\u00f3nde venimos a conversar con los estudiantes y saber cu\u00e1l es su opini\u00f3n respecto de sus preocupaciones e intereses en distintas tem\u00e1ticas&#8221;, apunt\u00f3 Mar\u00eda Paz Valdivieso, coordinadora de la iniciativa en Chile.<\/p>\n<p>Por su parte, para \u00c1lvaro Astudillo, director de la Escuela de Ciencias Sociales apunt\u00f3 que \u201cel di\u00e1logo participativo es la clave para construir sociedades m\u00e1s justas y cohesionadas. Se trata de un proceso en el que todos pueden expresar sus pensamientos, ideas y preocupaciones de manera abierta y respetuosa. Es sumamente importante que nuestros\/as futuros\/as profesionales de distintas carreras de nuestra escuela puedan ser parte de esta iniciativa construyendo un pa\u00eds mejor\u201d.[\/vc_column_text][vc_zigzag color=&#8221;white&#8221;][vc_row_inner][vc_column_inner width=&#8221;1\/2&#8243;][vc_single_image image=&#8221;24780&#8243; img_size=&#8221;medium&#8221; onclick=&#8221;img_link_large&#8221; img_link_target=&#8221;_blank&#8221;][\/vc_column_inner][vc_column_inner width=&#8221;1\/2&#8243;][vc_single_image image=&#8221;24781&#8243; img_size=&#8221;medium&#8221; onclick=&#8221;img_link_large&#8221; img_link_target=&#8221;_blank&#8221;][\/vc_column_inner][\/vc_row_inner][\/vc_column][\/vc_row][\/vc_section][vc_section css=&#8221;.vc_custom_1650255686594{background-color: #f6faff !important;}&#8221; el_class=&#8221;p-md-0 pt-md-5&#8243;][vc_row el_class=&#8221;container mx-auto align-items-center p-md-0 pt-5 pb-5&#8243;][vc_column el_class=&#8221;pb-5&#8243;][vc_row_inner el_class=&#8221;pb-5&#8243;][vc_column_inner]<div class=\"row m-0 p-0\"><div class=\"col-12 col-md-9 pt-5 pt-md-0\"><h2 class=\"title title--decorator title--ms d-inline-block\">Te Recomendamos<\/h2><\/div><\/div><div class=\"content-holder\"><div class=\"row  swipper-news-list not--activate-hack \"><div class=\"row -wrapper\"><div class=\"  col-sm-6 col-md-4 img-article\">\n                                        <div class=\"content-news-display row m-0 p-0\"><div class=\"holder p-0 \"><div class=\"img-wrap img-wrap-news\">\n                                        <div class=\"caption__news-category\">\n                                        <a href=\"https:\/\/www.uoh.cl\/escuela-de-ciencias-sociales\/category\/ciencias-sociales\/\">\n                                        Ciencias Sociales<\/a><\/div><img decoding=\"async\" class=\"w-100 h-100 lazyload\" data-src=\"https:\/\/www.uoh.cl\/escuela-de-ciencias-sociales\/wp-content\/uploads\/sites\/18\/2026\/04\/Estudiantes-de-Derecho-UOH-viven-la-justicia-desde-adentro-en-visita-a-la-Corte-de-Apelaciones.jpeg\" alt=\"Estudiantes de Derecho UOH viven la justicia desde adentro en visita a la Corte de Apelaciones\" style=\"--smush-placeholder-width: 1600px; --smush-placeholder-aspect-ratio: 1600\/1066;object-fit: cover; object-position: center;\" src=\"data:image\/svg+xml;base64,PHN2ZyB3aWR0aD0iMSIgaGVpZ2h0PSIxIiB4bWxucz0iaHR0cDovL3d3dy53My5vcmcvMjAwMC9zdmciPjwvc3ZnPg==\"><\/div><\/div><div class=\"caption py-3 caption__news py-md-3 pb-md-5\">\n                                    <span class=\"caption__date\">Lunes 27, Abril<\/span>\n                                     <a href=\"https:\/\/www.uoh.cl\/escuela-de-ciencias-sociales\/estudiantes-de-derecho-uoh-viven-la-justicia-desde-adentro-en-visita-a-la-corte-de-apelaciones\/\">\n                                    <h3 class=\"small-space\">Estudiantes de Derecho UOH viven la justicia desde adentro en visita a la Corte de Apelaciones<\/h3><\/a>\n\n                                    <p>Las y los estudiantes del Taller de Expresi\u00f3n Oral y Escrita de la secci\u00f3n 1 presenciaron alegatos en vivo y dialogaron con la m\u00e1xima autoridad del tribunal regional.<\/p>\n                                    <a class=\"link link--bold mt-md-3\" href=\"https:\/\/www.uoh.cl\/escuela-de-ciencias-sociales\/estudiantes-de-derecho-uoh-viven-la-justicia-desde-adentro-en-visita-a-la-corte-de-apelaciones\/\">Saber m\u00e1s <span class=\"icon icon--inline icon--link\"><svg version=\"1.1\" xmlns=\"http:\/\/www.w3.org\/2000\/svg\" xmlns:xlink=\"http:\/\/www.w3.org\/1999\/xlink\" x=\"0px\" y=\"0px\" width=\"22px\"height=\"22px\" viewBox=\"0 0 22 22\" style=\"overflow:visible;enable-background:new 0 0 80 64.6;\" xml:space=\"preserve\"><g clip-path=\"url(#acA)\"><path fill-rule=\"evenodd\" d=\"M21.913 11.266a.93.93 0 000-.711c-.022-.056-.063-.097-.091-.144s-.053-.103-.097-.15L12.306.294c-.357-.379-.955-.394-1.334-.038s-.394.955-.038 1.334l7.917 8.374H.927a.95.95 0 00-.908.983.946.946 0 00.908.908h17.924l-8.089 8.552c-.357.379-.341.977.034 1.334s.977.341 1.334-.034l9.594-10.148c.044-.044.063-.1.097-.15.028-.047.069-.088.091-.141z\"\/><\/g><defs><clipPath id=\"acA\"><path fill=\"#fff\" d=\"M0 0h22v22H0z\"\/><\/clipPath><\/defs><\/svg><\/span><\/a><\/div><\/div><\/div><div class=\"  col-sm-6 col-md-4 img-article\">\n                                        <div class=\"content-news-display row m-0 p-0\"><div class=\"holder p-0 \"><div class=\"img-wrap img-wrap-news\">\n                                        <div class=\"caption__news-category\">\n                                        <a href=\"https:\/\/www.uoh.cl\/escuela-de-ciencias-sociales\/category\/investigacion\/\">\n                                        Investigaci\u00f3n<\/a><\/div><img decoding=\"async\" class=\"w-100 h-100 lazyload\" data-src=\"https:\/\/www.uoh.cl\/escuela-de-ciencias-sociales\/wp-content\/uploads\/sites\/18\/2026\/04\/SOLEDAD-BURRONE-EVALUANDO-1.jpg\" alt=\"Ciencia desde el aula: m\u00e1s de 40 proyectos se presentaron en el II Congreso de Investigaci\u00f3n de Estudiantes UOH\" style=\"--smush-placeholder-width: 1500px; --smush-placeholder-aspect-ratio: 1500\/1000;object-fit: cover; object-position: center;\" src=\"data:image\/svg+xml;base64,PHN2ZyB3aWR0aD0iMSIgaGVpZ2h0PSIxIiB4bWxucz0iaHR0cDovL3d3dy53My5vcmcvMjAwMC9zdmciPjwvc3ZnPg==\"><\/div><\/div><div class=\"caption py-3 caption__news py-md-3 pb-md-5\">\n                                    <span class=\"caption__date\">Viernes 24, Abril<\/span>\n                                     <a href=\"https:\/\/www.uoh.cl\/escuela-de-ciencias-sociales\/ciencia-desde-el-aula-mas-de-40-proyectos-se-presentaron-en-el-ii-congreso-de-investigacion-de-estudiantes-uoh\/\">\n                                    <h3 class=\"small-space\">Ciencia desde el aula: m\u00e1s de 40 proyectos se presentaron en el II Congreso de Investigaci\u00f3n de Estudiantes UOH<\/h3><\/a>\n\n                                    <p>La actividad reuni\u00f3 a estudiantes de pregrado y postgrado de las cinco escuelas e institutos de la Universidad de O\u2019Higgins, quienes expusieron sus trabajos en formato p\u00f3ster en diversas \u00e1reas del conocimiento.<\/p>\n                                    <a class=\"link link--bold mt-md-3\" href=\"https:\/\/www.uoh.cl\/escuela-de-ciencias-sociales\/ciencia-desde-el-aula-mas-de-40-proyectos-se-presentaron-en-el-ii-congreso-de-investigacion-de-estudiantes-uoh\/\">Saber m\u00e1s <span class=\"icon icon--inline icon--link\"><svg version=\"1.1\" xmlns=\"http:\/\/www.w3.org\/2000\/svg\" xmlns:xlink=\"http:\/\/www.w3.org\/1999\/xlink\" x=\"0px\" y=\"0px\" width=\"22px\"height=\"22px\" viewBox=\"0 0 22 22\" style=\"overflow:visible;enable-background:new 0 0 80 64.6;\" xml:space=\"preserve\"><g clip-path=\"url(#acA)\"><path fill-rule=\"evenodd\" d=\"M21.913 11.266a.93.93 0 000-.711c-.022-.056-.063-.097-.091-.144s-.053-.103-.097-.15L12.306.294c-.357-.379-.955-.394-1.334-.038s-.394.955-.038 1.334l7.917 8.374H.927a.95.95 0 00-.908.983.946.946 0 00.908.908h17.924l-8.089 8.552c-.357.379-.341.977.034 1.334s.977.341 1.334-.034l9.594-10.148c.044-.044.063-.1.097-.15.028-.047.069-.088.091-.141z\"\/><\/g><defs><clipPath id=\"acA\"><path fill=\"#fff\" d=\"M0 0h22v22H0z\"\/><\/clipPath><\/defs><\/svg><\/span><\/a><\/div><\/div><\/div><div class=\"  col-sm-6 col-md-4 img-article\">\n                                        <div class=\"content-news-display row m-0 p-0\"><div class=\"holder p-0 \"><div class=\"img-wrap img-wrap-news\">\n                                        <div class=\"caption__news-category\">\n                                        <a href=\"https:\/\/www.uoh.cl\/escuela-de-ciencias-sociales\/category\/ciencias-sociales\/\">\n                                        Ciencias Sociales<\/a><\/div><img decoding=\"async\" class=\"w-100 h-100 lazyload\" data-src=\"https:\/\/www.uoh.cl\/escuela-de-ciencias-sociales\/wp-content\/uploads\/sites\/18\/2026\/04\/3-scaled.jpg\" alt=\"UOH realiz\u00f3 conversatorio sobre los desaf\u00edos de la administraci\u00f3n p\u00fablica en contextos de transformaci\u00f3n\" style=\"--smush-placeholder-width: 2560px; --smush-placeholder-aspect-ratio: 2560\/1707;object-fit: cover; object-position: center;\" src=\"data:image\/svg+xml;base64,PHN2ZyB3aWR0aD0iMSIgaGVpZ2h0PSIxIiB4bWxucz0iaHR0cDovL3d3dy53My5vcmcvMjAwMC9zdmciPjwvc3ZnPg==\"><\/div><\/div><div class=\"caption py-3 caption__news py-md-3 pb-md-5\">\n                                    <span class=\"caption__date\">Jueves 16, Abril<\/span>\n                                     <a href=\"https:\/\/www.uoh.cl\/escuela-de-ciencias-sociales\/uoh-realizo-conversatorio-sobre-los-desafios-de-la-administracion-publica-en-contextos-de-transformacion\/\">\n                                    <h3 class=\"small-space\">UOH realiz\u00f3 conversatorio sobre los desaf\u00edos de la administraci\u00f3n p\u00fablica en contextos de transformaci\u00f3n<\/h3><\/a>\n\n                                    <p>El di\u00e1logo entre estudiantes y destacados expertos nacionales abord\u00f3 la necesidad de integrar investigaci\u00f3n en pol\u00edticas p\u00fablicas, perspectiva territorial y la complejidad de los problemas p\u00fablicos en el rol de la gesti\u00f3n p\u00fablica contempor\u00e1nea.<\/p>\n                                    <a class=\"link link--bold mt-md-3\" href=\"https:\/\/www.uoh.cl\/escuela-de-ciencias-sociales\/uoh-realizo-conversatorio-sobre-los-desafios-de-la-administracion-publica-en-contextos-de-transformacion\/\">Saber m\u00e1s <span class=\"icon icon--inline icon--link\"><svg version=\"1.1\" xmlns=\"http:\/\/www.w3.org\/2000\/svg\" xmlns:xlink=\"http:\/\/www.w3.org\/1999\/xlink\" x=\"0px\" y=\"0px\" width=\"22px\"height=\"22px\" viewBox=\"0 0 22 22\" style=\"overflow:visible;enable-background:new 0 0 80 64.6;\" xml:space=\"preserve\"><g clip-path=\"url(#acA)\"><path fill-rule=\"evenodd\" d=\"M21.913 11.266a.93.93 0 000-.711c-.022-.056-.063-.097-.091-.144s-.053-.103-.097-.15L12.306.294c-.357-.379-.955-.394-1.334-.038s-.394.955-.038 1.334l7.917 8.374H.927a.95.95 0 00-.908.983.946.946 0 00.908.908h17.924l-8.089 8.552c-.357.379-.341.977.034 1.334s.977.341 1.334-.034l9.594-10.148c.044-.044.063-.1.097-.15.028-.047.069-.088.091-.141z\"\/><\/g><defs><clipPath id=\"acA\"><path fill=\"#fff\" d=\"M0 0h22v22H0z\"\/><\/clipPath><\/defs><\/svg><\/span><\/a><\/div><\/div><\/div><\/div><\/div><\/div><div class=\"pagination justify-content-center my-5\"><span aria-current=\"page\" class=\"page-numbers current\">1<\/span>\n<a class=\"page-numbers\" href=\"https:\/\/www.uoh.cl\/escuela-de-ciencias-sociales\/wp-json\/wp\/v2\/posts\/1758\/\/page\/2\">2<\/a>\n<a class=\"page-numbers\" href=\"https:\/\/www.uoh.cl\/escuela-de-ciencias-sociales\/wp-json\/wp\/v2\/posts\/1758\/\/page\/3\">3<\/a>\n<span class=\"page-numbers dots\">&hellip;<\/span>\n<a class=\"page-numbers\" href=\"https:\/\/www.uoh.cl\/escuela-de-ciencias-sociales\/wp-json\/wp\/v2\/posts\/1758\/\/page\/139\">139<\/a>\n<a class=\"next page-numbers\" href=\"https:\/\/www.uoh.cl\/escuela-de-ciencias-sociales\/wp-json\/wp\/v2\/posts\/1758\/\/page\/2\"><div class=\"icon-pagination-next\"> <?xml version=\"1.0\" ?><svg viewBox=\"0 0 96 96\" xmlns=\"http:\/\/www.w3.org\/2000\/svg\"><title\/><path d=\"M39.3756,48.0022l30.47-25.39a6.0035,6.0035,0,0,0-7.6878-9.223L26.1563,43.3906a6.0092,6.0092,0,0,0,0,9.2231L62.1578,82.615a6.0035,6.0035,0,0,0,7.6878-9.2231Z\"\/><\/svg> <\/div><\/a><\/div>[\/vc_column_inner][\/vc_row_inner][\/vc_column][\/vc_row][\/vc_section]<\/p>\n<\/div>","protected":false},"excerpt":{"rendered":"<p>&#8220;1.8 mil millones de j\u00f3venes por el cambio&#8221; busca fomentar la participaci\u00f3n activa de los j\u00f3venes en la vida pol\u00edtica y social de su pa\u00eds. <\/p>\n","protected":false},"author":34,"featured_media":1759,"comment_status":"open","ping_status":"open","sticky":false,"template":"","format":"standard","meta":{"_acf_changed":false,"footnotes":""},"categories":[19],"tags":[],"class_list":["post-1758","post","type-post","status-publish","format-standard","has-post-thumbnail","hentry","category-ciencias-sociales"],"acf":[],"yoast_head":"<!-- This site is optimized with the Yoast SEO plugin v26.6 - https:\/\/yoast.com\/wordpress\/plugins\/seo\/ -->\n<title>Estudiantes UOH participaron en di\u00e1logo de proyecto del Programa de las Naciones Unidas para el Desarrollo - Escuela de Ciencias de Sociales<\/title>\n<meta name=\"description\" content=\"&quot;1.8 mil millones de j\u00f3venes por el cambio&quot; busca fomentar la participaci\u00f3n activa de los j\u00f3venes en la vida pol\u00edtica y social de su pa\u00eds.\" \/>\n<meta name=\"robots\" content=\"noindex, nofollow\" \/>\n<meta property=\"og:locale\" content=\"es_ES\" \/>\n<meta property=\"og:type\" content=\"article\" \/>\n<meta property=\"og:title\" content=\"Estudiantes UOH participaron en di\u00e1logo de proyecto del Programa de las Naciones Unidas para el Desarrollo - Escuela de Ciencias de Sociales\" \/>\n<meta property=\"og:description\" content=\"&quot;1.8 mil millones de j\u00f3venes por el cambio&quot; busca fomentar la participaci\u00f3n activa de los j\u00f3venes en la vida pol\u00edtica y social de su pa\u00eds.\" \/>\n<meta property=\"og:url\" content=\"https:\/\/www.uoh.cl\/escuela-de-ciencias-sociales\/estudiantes-uoh-participaron-en-dialogo-de-proyecto-del-programa-de-las-naciones-unidas-para-el-desarrollo\/\" \/>\n<meta property=\"og:site_name\" content=\"Escuela de Ciencias de Sociales\" \/>\n<meta property=\"article:published_time\" content=\"2023-10-06T15:12:16+00:00\" \/>\n<meta property=\"og:image\" content=\"https:\/\/www.uoh.cl\/escuela-de-ciencias-sociales\/wp-content\/uploads\/sites\/18\/2023\/10\/Programa-de-las-Naciones-Unidas.png\" \/>\n\t<meta property=\"og:image:width\" content=\"1000\" \/>\n\t<meta property=\"og:image:height\" content=\"1000\" \/>\n\t<meta property=\"og:image:type\" content=\"image\/png\" \/>\n<meta name=\"author\" content=\"Universidad de O&#039;Higgins\" \/>\n<meta name=\"twitter:card\" content=\"summary_large_image\" \/>\n<meta name=\"twitter:label1\" content=\"Escrito por\" \/>\n\t<meta name=\"twitter:data1\" content=\"Universidad de O&#039;Higgins\" \/>\n\t<meta name=\"twitter:label2\" content=\"Tiempo estimado de lectura\" \/>\n\t<meta name=\"twitter:data2\" content=\"3 minutos\" \/>\n<script type=\"application\/ld+json\" class=\"yoast-schema-graph\">{\"@context\":\"https:\/\/schema.org\",\"@graph\":[{\"@type\":\"WebPage\",\"@id\":\"https:\/\/www.uoh.cl\/escuela-de-ciencias-sociales\/estudiantes-uoh-participaron-en-dialogo-de-proyecto-del-programa-de-las-naciones-unidas-para-el-desarrollo\/\",\"url\":\"https:\/\/www.uoh.cl\/escuela-de-ciencias-sociales\/estudiantes-uoh-participaron-en-dialogo-de-proyecto-del-programa-de-las-naciones-unidas-para-el-desarrollo\/\",\"name\":\"Estudiantes UOH participaron en di\u00e1logo de proyecto del Programa de las Naciones Unidas para el Desarrollo - Escuela de Ciencias de Sociales\",\"isPartOf\":{\"@id\":\"https:\/\/www.uoh.cl\/escuela-de-ciencias-sociales\/#website\"},\"primaryImageOfPage\":{\"@id\":\"https:\/\/www.uoh.cl\/escuela-de-ciencias-sociales\/estudiantes-uoh-participaron-en-dialogo-de-proyecto-del-programa-de-las-naciones-unidas-para-el-desarrollo\/#primaryimage\"},\"image\":{\"@id\":\"https:\/\/www.uoh.cl\/escuela-de-ciencias-sociales\/estudiantes-uoh-participaron-en-dialogo-de-proyecto-del-programa-de-las-naciones-unidas-para-el-desarrollo\/#primaryimage\"},\"thumbnailUrl\":\"https:\/\/www.uoh.cl\/escuela-de-ciencias-sociales\/wp-content\/uploads\/sites\/18\/2023\/10\/Programa-de-las-Naciones-Unidas.png\",\"datePublished\":\"2023-10-06T15:12:16+00:00\",\"author\":{\"@id\":\"https:\/\/www.uoh.cl\/escuela-de-ciencias-sociales\/#\/schema\/person\/ea242e676c7d6d7e46fc8b9e39486c4f\"},\"description\":\"\\\"1.8 mil millones de j\u00f3venes por el cambio\\\" busca fomentar la participaci\u00f3n activa de los j\u00f3venes en la vida pol\u00edtica y social de su pa\u00eds.\",\"inLanguage\":\"es-CL\",\"potentialAction\":[{\"@type\":\"ReadAction\",\"target\":[\"https:\/\/www.uoh.cl\/escuela-de-ciencias-sociales\/estudiantes-uoh-participaron-en-dialogo-de-proyecto-del-programa-de-las-naciones-unidas-para-el-desarrollo\/\"]}]},{\"@type\":\"ImageObject\",\"inLanguage\":\"es-CL\",\"@id\":\"https:\/\/www.uoh.cl\/escuela-de-ciencias-sociales\/estudiantes-uoh-participaron-en-dialogo-de-proyecto-del-programa-de-las-naciones-unidas-para-el-desarrollo\/#primaryimage\",\"url\":\"https:\/\/www.uoh.cl\/escuela-de-ciencias-sociales\/wp-content\/uploads\/sites\/18\/2023\/10\/Programa-de-las-Naciones-Unidas.png\",\"contentUrl\":\"https:\/\/www.uoh.cl\/escuela-de-ciencias-sociales\/wp-content\/uploads\/sites\/18\/2023\/10\/Programa-de-las-Naciones-Unidas.png\",\"width\":1000,\"height\":1000},{\"@type\":\"WebSite\",\"@id\":\"https:\/\/www.uoh.cl\/escuela-de-ciencias-sociales\/#website\",\"url\":\"https:\/\/www.uoh.cl\/escuela-de-ciencias-sociales\/\",\"name\":\"Escuela de Ciencias de Sociales\",\"description\":\"Otro sitio de Sitios de Universidad O'higgins\",\"potentialAction\":[{\"@type\":\"SearchAction\",\"target\":{\"@type\":\"EntryPoint\",\"urlTemplate\":\"https:\/\/www.uoh.cl\/escuela-de-ciencias-sociales\/?s={search_term_string}\"},\"query-input\":{\"@type\":\"PropertyValueSpecification\",\"valueRequired\":true,\"valueName\":\"search_term_string\"}}],\"inLanguage\":\"es-CL\"},{\"@type\":\"Person\",\"@id\":\"https:\/\/www.uoh.cl\/escuela-de-ciencias-sociales\/#\/schema\/person\/ea242e676c7d6d7e46fc8b9e39486c4f\",\"name\":\"Universidad de O'Higgins\",\"image\":{\"@type\":\"ImageObject\",\"inLanguage\":\"es-CL\",\"@id\":\"https:\/\/www.uoh.cl\/escuela-de-ciencias-sociales\/#\/schema\/person\/image\/\",\"url\":\"https:\/\/secure.gravatar.com\/avatar\/78fcb76ca05efae11fd355943c01a832a29786cc00d85b1a82c301bea2b2a214?s=96&d=mm&r=g\",\"contentUrl\":\"https:\/\/secure.gravatar.com\/avatar\/78fcb76ca05efae11fd355943c01a832a29786cc00d85b1a82c301bea2b2a214?s=96&d=mm&r=g\",\"caption\":\"Universidad de O'Higgins\"}}]}<\/script>\n<!-- \/ Yoast SEO plugin. -->","yoast_head_json":{"title":"Estudiantes UOH participaron en di\u00e1logo de proyecto del Programa de las Naciones Unidas para el Desarrollo - Escuela de Ciencias de Sociales","description":"\"1.8 mil millones de j\u00f3venes por el cambio\" busca fomentar la participaci\u00f3n activa de los j\u00f3venes en la vida pol\u00edtica y social de su pa\u00eds.","robots":{"index":"noindex","follow":"nofollow"},"og_locale":"es_ES","og_type":"article","og_title":"Estudiantes UOH participaron en di\u00e1logo de proyecto del Programa de las Naciones Unidas para el Desarrollo - Escuela de Ciencias de Sociales","og_description":"\"1.8 mil millones de j\u00f3venes por el cambio\" busca fomentar la participaci\u00f3n activa de los j\u00f3venes en la vida pol\u00edtica y social de su pa\u00eds.","og_url":"https:\/\/www.uoh.cl\/escuela-de-ciencias-sociales\/estudiantes-uoh-participaron-en-dialogo-de-proyecto-del-programa-de-las-naciones-unidas-para-el-desarrollo\/","og_site_name":"Escuela de Ciencias de Sociales","article_published_time":"2023-10-06T15:12:16+00:00","og_image":[{"width":1000,"height":1000,"url":"https:\/\/www.uoh.cl\/escuela-de-ciencias-sociales\/wp-content\/uploads\/sites\/18\/2023\/10\/Programa-de-las-Naciones-Unidas.png","type":"image\/png"}],"author":"Universidad de O'Higgins","twitter_card":"summary_large_image","twitter_misc":{"Escrito por":"Universidad de O'Higgins","Tiempo estimado de lectura":"3 minutos"},"schema":{"@context":"https:\/\/schema.org","@graph":[{"@type":"WebPage","@id":"https:\/\/www.uoh.cl\/escuela-de-ciencias-sociales\/estudiantes-uoh-participaron-en-dialogo-de-proyecto-del-programa-de-las-naciones-unidas-para-el-desarrollo\/","url":"https:\/\/www.uoh.cl\/escuela-de-ciencias-sociales\/estudiantes-uoh-participaron-en-dialogo-de-proyecto-del-programa-de-las-naciones-unidas-para-el-desarrollo\/","name":"Estudiantes UOH participaron en di\u00e1logo de proyecto del Programa de las Naciones Unidas para el Desarrollo - Escuela de Ciencias de Sociales","isPartOf":{"@id":"https:\/\/www.uoh.cl\/escuela-de-ciencias-sociales\/#website"},"primaryImageOfPage":{"@id":"https:\/\/www.uoh.cl\/escuela-de-ciencias-sociales\/estudiantes-uoh-participaron-en-dialogo-de-proyecto-del-programa-de-las-naciones-unidas-para-el-desarrollo\/#primaryimage"},"image":{"@id":"https:\/\/www.uoh.cl\/escuela-de-ciencias-sociales\/estudiantes-uoh-participaron-en-dialogo-de-proyecto-del-programa-de-las-naciones-unidas-para-el-desarrollo\/#primaryimage"},"thumbnailUrl":"https:\/\/www.uoh.cl\/escuela-de-ciencias-sociales\/wp-content\/uploads\/sites\/18\/2023\/10\/Programa-de-las-Naciones-Unidas.png","datePublished":"2023-10-06T15:12:16+00:00","author":{"@id":"https:\/\/www.uoh.cl\/escuela-de-ciencias-sociales\/#\/schema\/person\/ea242e676c7d6d7e46fc8b9e39486c4f"},"description":"\"1.8 mil millones de j\u00f3venes por el cambio\" busca fomentar la participaci\u00f3n activa de los j\u00f3venes en la vida pol\u00edtica y social de su pa\u00eds.","inLanguage":"es-CL","potentialAction":[{"@type":"ReadAction","target":["https:\/\/www.uoh.cl\/escuela-de-ciencias-sociales\/estudiantes-uoh-participaron-en-dialogo-de-proyecto-del-programa-de-las-naciones-unidas-para-el-desarrollo\/"]}]},{"@type":"ImageObject","inLanguage":"es-CL","@id":"https:\/\/www.uoh.cl\/escuela-de-ciencias-sociales\/estudiantes-uoh-participaron-en-dialogo-de-proyecto-del-programa-de-las-naciones-unidas-para-el-desarrollo\/#primaryimage","url":"https:\/\/www.uoh.cl\/escuela-de-ciencias-sociales\/wp-content\/uploads\/sites\/18\/2023\/10\/Programa-de-las-Naciones-Unidas.png","contentUrl":"https:\/\/www.uoh.cl\/escuela-de-ciencias-sociales\/wp-content\/uploads\/sites\/18\/2023\/10\/Programa-de-las-Naciones-Unidas.png","width":1000,"height":1000},{"@type":"WebSite","@id":"https:\/\/www.uoh.cl\/escuela-de-ciencias-sociales\/#website","url":"https:\/\/www.uoh.cl\/escuela-de-ciencias-sociales\/","name":"Escuela de Ciencias de Sociales","description":"Otro sitio de Sitios de Universidad O'higgins","potentialAction":[{"@type":"SearchAction","target":{"@type":"EntryPoint","urlTemplate":"https:\/\/www.uoh.cl\/escuela-de-ciencias-sociales\/?s={search_term_string}"},"query-input":{"@type":"PropertyValueSpecification","valueRequired":true,"valueName":"search_term_string"}}],"inLanguage":"es-CL"},{"@type":"Person","@id":"https:\/\/www.uoh.cl\/escuela-de-ciencias-sociales\/#\/schema\/person\/ea242e676c7d6d7e46fc8b9e39486c4f","name":"Universidad de O'Higgins","image":{"@type":"ImageObject","inLanguage":"es-CL","@id":"https:\/\/www.uoh.cl\/escuela-de-ciencias-sociales\/#\/schema\/person\/image\/","url":"https:\/\/secure.gravatar.com\/avatar\/78fcb76ca05efae11fd355943c01a832a29786cc00d85b1a82c301bea2b2a214?s=96&d=mm&r=g","contentUrl":"https:\/\/secure.gravatar.com\/avatar\/78fcb76ca05efae11fd355943c01a832a29786cc00d85b1a82c301bea2b2a214?s=96&d=mm&r=g","caption":"Universidad de O'Higgins"}}]}},"_links":{"self":[{"href":"https:\/\/www.uoh.cl\/escuela-de-ciencias-sociales\/wp-json\/wp\/v2\/posts\/1758","targetHints":{"allow":["GET"]}}],"collection":[{"href":"https:\/\/www.uoh.cl\/escuela-de-ciencias-sociales\/wp-json\/wp\/v2\/posts"}],"about":[{"href":"https:\/\/www.uoh.cl\/escuela-de-ciencias-sociales\/wp-json\/wp\/v2\/types\/post"}],"author":[{"embeddable":true,"href":"https:\/\/www.uoh.cl\/escuela-de-ciencias-sociales\/wp-json\/wp\/v2\/users\/34"}],"replies":[{"embeddable":true,"href":"https:\/\/www.uoh.cl\/escuela-de-ciencias-sociales\/wp-json\/wp\/v2\/comments?post=1758"}],"version-history":[{"count":0,"href":"https:\/\/www.uoh.cl\/escuela-de-ciencias-sociales\/wp-json\/wp\/v2\/posts\/1758\/revisions"}],"wp:featuredmedia":[{"embeddable":true,"href":"https:\/\/www.uoh.cl\/escuela-de-ciencias-sociales\/wp-json\/wp\/v2\/media\/1759"}],"wp:attachment":[{"href":"https:\/\/www.uoh.cl\/escuela-de-ciencias-sociales\/wp-json\/wp\/v2\/media?parent=1758"}],"wp:term":[{"taxonomy":"category","embeddable":true,"href":"https:\/\/www.uoh.cl\/escuela-de-ciencias-sociales\/wp-json\/wp\/v2\/categories?post=1758"},{"taxonomy":"post_tag","embeddable":true,"href":"https:\/\/www.uoh.cl\/escuela-de-ciencias-sociales\/wp-json\/wp\/v2\/tags?post=1758"}],"curies":[{"name":"wp","href":"https:\/\/api.w.org\/{rel}","templated":true}]}}