
{"id":1658,"date":"2023-07-28T16:52:01","date_gmt":"2023-07-28T19:52:01","guid":{"rendered":"https:\/\/www.uoh.cl\/escuela-de-ciencias-sociales\/estudiantes-de-psicologia-uoh-reciben-reconocimiento-al-mejor-poster-en-congreso-internacional-de-la-sociedad-chilena-de-criminologia\/"},"modified":"2023-07-28T16:52:01","modified_gmt":"2023-07-28T19:52:01","slug":"estudiantes-de-psicologia-uoh-reciben-reconocimiento-al-mejor-poster-en-congreso-internacional-de-la-sociedad-chilena-de-criminologia","status":"publish","type":"post","link":"https:\/\/www.uoh.cl\/escuela-de-ciencias-sociales\/estudiantes-de-psicologia-uoh-reciben-reconocimiento-al-mejor-poster-en-congreso-internacional-de-la-sociedad-chilena-de-criminologia\/","title":{"rendered":"Estudiantes de Psicolog\u00eda UOH reciben reconocimiento al mejor poster en congreso internacional de la Sociedad Chilena de Criminolog\u00eda"},"content":{"rendered":"<div class=\"wpb-content-wrapper\"><p>[vc_section el_class=&#8221;container mx-auto align-items-center circle&#8211;pattern&#8221; css=&#8221;.vc_custom_1648956589196{padding-top: 3rem !important;}&#8221;][vc_row][vc_column]<div class=\"breadcrumb\"><ol itemscope itemtype=\"https:\/\/schema.org\/BreadcrumbList\"><li itemprop=\"itemListElement\" itemscope itemtype=\"https:\/\/schema.org\/ListItem\"><a itemprop=\"item\" href=\"http:\/\/www.uoh.cl\"><span itemprop=\"name\">Inicio<\/span><\/a><meta itemprop=\"position\" content=\"1\" \/><li itemprop=\"itemListElement\" itemscope itemtype=\"https:\/\/schema.org\/ListItem\"><a itemprop=\"item\" href=\"https:\/\/www.uoh.cl\/escuela-de-ciencias-sociales\"><span itemprop=\"name\">Escuela de Ciencias de Sociales<\/span><\/a><meta itemprop=\"position\" content=\"2\" \/><li itemprop=\"itemListElement\" itemscope itemtype=\"https:\/\/schema.org\/ListItem\"><a itemprop=\"item\" href=\"https:\/\/www.uoh.cl\/escuela-de-ciencias-sociales\/noticias\/\"><span itemprop=\"name\">Noticias<\/span><\/a><meta itemprop=\"position\" content=\"3\" \/><li itemprop=\"itemListElement\" itemscope itemtype=\"https:\/\/schema.org\/ListItem\"><span itemprop=\"name\">Estudiantes de Psicolog\u00eda UOH reciben reconocimiento al mejor poster en <\/span><meta itemprop=\"position\" content=\"4\" \/><\/ol><\/div><ul class=\"p-0 list-style-none d-inline-block\"><li class=\"p-0\"><a href=https:\/\/www.uoh.cl\/escuela-de-ciencias-sociales\/category\/ciencias-sociales\/ class=\"px-1 py-2\">Ciencias Sociales<\/a><\/li><\/ul><div class=\"date_publish_post\"> \u25cf Vie 28 de Julio 2023<\/div><div class=\"uoh_title_component-container\"><h1 class=\"title title--ms d-inline-block title--decorator  big\">Estudiantes de Psicolog\u00eda UOH reciben reconocimiento al mejor poster en congreso internacional de la Sociedad Chilena de Criminolog\u00eda<\/h1><\/div>[vc_row_inner el_class=&#8221;border-separator m-0&#8243;][vc_column_inner width=&#8221;2\/3&#8243;]<div class=\"author_wp_class\"> Escrito por <span>Universidad de O'Higgins<\/span><\/div>[\/vc_column_inner][vc_column_inner el_class=&#8221;align-items-end-publish&#8221; width=&#8221;1\/3&#8243;]<div class=\"uoh_social_network_component uoh_row col-12 justify-content-end m-0 p-0\"> <div class=\"icon__facebook-share-button\">\n                       <a href=\"https:\/\/www.facebook.com\/sharer\/sharer.php?u=https:\/\/www.uoh.cl\/escuela-de-ciencias-sociales\/estudiantes-de-psicologia-uoh-reciben-reconocimiento-al-mejor-poster-en-congreso-internacional-de-la-sociedad-chilena-de-criminologia\/\" target=\"_blank\"> <div class=\"icon__facebook-svg\"><svg version=\"1.1\" xmlns=\"http:\/\/www.w3.org\/2000\/svg\" xmlns:xlink=\"http:\/\/www.w3.org\/1999\/xlink\" x=\"0px\" y=\"0px\" width=\"22.4px\" height=\"48.3px\" viewBox=\"0 0 22.4 48.3\" style=\"overflow:visible;enable-background:new 0 0 22.4 48.3;\" xml:space=\"preserve\">\n                <defs>\n                <\/defs>\n                <path class=\"st0\" d=\"M22.4,15.6h-7.6v-5c0-1.9,1.2-2.3,2.1-2.3c0.9,0,5.4,0,5.4,0V0l-7.4,0C6.6,0,4.8,6.2,4.8,10.1v5.5H0v8.5h4.8\n                    c0,10.9,0,24.1,0,24.1h10c0,0,0-13.3,0-24.1h6.8L22.4,15.6z\"><\/path>\n                <\/svg><\/a><\/div>\n                    <\/div><div class=\"icon__twitter-share-button\">\n                        <div class=\"icon__twitter-svg\"><a target=\"_blank\" href=\"http:\/\/twitter.com\/share?url=https:\/\/www.uoh.cl\/escuela-de-ciencias-sociales\/estudiantes-de-psicologia-uoh-reciben-reconocimiento-al-mejor-poster-en-congreso-internacional-de-la-sociedad-chilena-de-criminologia\/\"><svg xmlns=\"http:\/\/www.w3.org\/2000\/svg\" height=\"1em\" viewBox=\"0 0 512 512\"><!--! Font Awesome Free 6.4.2 by @fontawesome - https:\/\/fontawesome.com License - https:\/\/fontawesome.com\/license (Commercial License) Copyright 2023 Fonticons, Inc. --><path d=\"M389.2 48h70.6L305.6 224.2 487 464H345L233.7 318.6 106.5 464H35.8L200.7 275.5 26.8 48H172.4L272.9 180.9 389.2 48zM364.4 421.8h39.1L151.1 88h-42L364.4 421.8z\"\/><\/svg><\/a><\/div>\n                        <\/div><div class=\"icon__linkedin-share-button\">\n                        <div class=\"icon__linkedin-svg\">\n                        <a target=\"__blank\" href=\"https:\/\/www.linkedin.com\/sharing\/share-offsite\/?url=https:\/\/www.uoh.cl\/escuela-de-ciencias-sociales\/estudiantes-de-psicologia-uoh-reciben-reconocimiento-al-mejor-poster-en-congreso-internacional-de-la-sociedad-chilena-de-criminologia\/\"><svg enable-background=\"new 0 0 100 100\" height=\"100px\" id=\"Layer_1\" version=\"1.1\" viewBox=\"0 0 100 100\" width=\"100px\" xml:space=\"preserve\" xmlns=\"http:\/\/www.w3.org\/2000\/svg\" xmlns:xlink=\"http:\/\/www.w3.org\/1999\/xlink\"><g><circle cx=\"50\" cy=\"50\" fill=\"#ccc\" r=\"45\"\/><g id=\"LinkedIn_1_\"><rect fill=\"#FFFFFF\" height=\"24.361\" width=\"7.69\" x=\"31.271\" y=\"43.569\"\/><path d=\"M59.968,43.334c-4.406,0-7.165,2.387-7.677,4.058v-3.823h-8.636c0.109,2.03,0,24.361,0,24.361h8.636    V54.748c0-0.733-0.034-1.465,0.19-1.991c0.594-1.464,1.869-2.985,4.162-2.985c2.998,0,4.361,2.253,4.361,5.552V67.93h8.721V54.384    C69.726,46.839,65.432,43.334,59.968,43.334z\" fill=\"#FFFFFF\"\/><path d=\"M34.973,32.069c-2.839,0-4.696,1.823-4.696,4.229c0,2.361,1.804,4.224,4.589,4.224h0.054    c2.891,0,4.69-1.869,4.69-4.229C39.555,33.888,37.81,32.069,34.973,32.069z\" fill=\"#FFFFFF\"\/><\/g><\/g><\/svg><\/a><\/div>\n\n            <\/div><\/div>[\/vc_column_inner][\/vc_row_inner][vc_single_image image=&#8221;21016&#8243; img_size=&#8221;full&#8221; add_caption=&#8221;yes&#8221; alignment=&#8221;center&#8221; onclick=&#8221;img_link_large&#8221; img_link_target=&#8221;_blank&#8221;][vc_column_text]\u00a0[\/vc_column_text][vc_column_text]<\/p>\n<ul>\n<li><em>Germ\u00e1n Valdebenito y Annais Zavala presentaron su tesis de grado -en desarrollo- en la tercera versi\u00f3n del evento desarrollado en Iquique.<\/em><\/li>\n<\/ul>\n<p>[\/vc_column_text][vc_column_text]\u00a0[\/vc_column_text][vc_column_text]Con el apoyo del <a href=\"https:\/\/www.uoh.cl\/escuela-de-ciencias-sociales\/\">Instituto de Ciencias Sociales<\/a> de la <a href=\"https:\/\/www.uoh.cl\">Universidad de O\u2019Higgins<\/a>, los licenciados\/as de <a href=\"https:\/\/www.uoh.cl\/escuela-de-ciencias-sociales\/carreras\/psicologia\/\">Psicolog\u00eda UOH<\/a> no solamente participaron del certamen, tambi\u00e9n fueron reconocidos por su presentaci\u00f3n, siendo el poster mejor evaluado del <a href=\"https:\/\/www.youtube.com\/@Sochicrim\/streams\">Congreso Sochicrim<\/a>.<\/p>\n<p>\u201cHa sido una gran oportunidad para desarrollar los conocimientos que nos ha entregado la Universidad. Es una tremenda instancia para interactuar con grandes investigadores\/as internacionales y de nuestro pa\u00eds. Estamos muy contentos por mostrar los importantes avances que hemos conseguido con nuestro trabajo de tesis\u201d, expres\u00f3 Germ\u00e1n Zavala.<\/p>\n<p>Asimismo, Patricio Saavedra, acad\u00e9mico ICSO y profesor gu\u00eda de la tesis, considera que esta participaci\u00f3n es un hito trascendental para la carrera y para estos j\u00f3venes estudiantes. \u201cSe reconoce el valor del esfuerzo en el desarrollo de sus habilidades investigativas y, a la vez, tienen la oportunidad de compartir con investigadores\/as de mayor experiencia. Esto refuerza la idea de que la investigaci\u00f3n debe estar en el centro del quehacer universitario en todos sus niveles de formaci\u00f3n, pues el desarrollo de habilidades investigativas en sus profesionales asegura el retorno de la inversi\u00f3n y el valor agregado, en la regi\u00f3n y la sociedad en general&#8221;.<\/p>\n<p>Durante este viaje los\/as estudiantes fueron acompa\u00f1ados por la titulada de la carrera de Psicolog\u00eda UOH, Anais Moris, quien supervis\u00f3 la presentaci\u00f3n de su trabajo de tesis.[\/vc_column_text][vc_zigzag color=&#8221;white&#8221;][vc_row_inner][vc_column_inner width=&#8221;1\/2&#8243;][\/vc_column_inner][vc_column_inner width=&#8221;1\/2&#8243;][\/vc_column_inner][\/vc_row_inner][\/vc_column][\/vc_row][\/vc_section][vc_section css=&#8221;.vc_custom_1650255686594{background-color: #f6faff !important;}&#8221; el_class=&#8221;p-md-0 pt-md-5&#8243;][vc_row el_class=&#8221;container mx-auto align-items-center p-md-0 pt-5 pb-5&#8243;][vc_column el_class=&#8221;pb-5&#8243;][vc_row_inner el_class=&#8221;pb-5&#8243;][vc_column_inner]<div class=\"row m-0 p-0\"><div class=\"col-12 col-md-9 pt-5 pt-md-0\"><h2 class=\"title title--decorator title--ms d-inline-block\">Te Recomendamos<\/h2><\/div><\/div><div class=\"content-holder\"><div class=\"row  swipper-news-list not--activate-hack \"><div class=\"row -wrapper\"><div class=\"  col-sm-6 col-md-4 img-article\">\n                                        <div class=\"content-news-display row m-0 p-0\"><div class=\"holder p-0 \"><div class=\"img-wrap img-wrap-news\">\n                                        <div class=\"caption__news-category\">\n                                        <a href=\"https:\/\/www.uoh.cl\/escuela-de-ciencias-sociales\/category\/institucional\/\">\n                                        Institucional<\/a><\/div><img decoding=\"async\" class=\"w-100 h-100 lazyload\" data-src=\"https:\/\/www.uoh.cl\/escuela-de-ciencias-sociales\/wp-content\/uploads\/sites\/18\/2026\/09\/IMG_0830-scaled.jpg\" alt=\"Estudiantes de la UOH participaron en Icare Joven 2026\" style=\"--smush-placeholder-width: 2560px; --smush-placeholder-aspect-ratio: 2560\/1707;object-fit: cover; object-position: center;\" src=\"data:image\/svg+xml;base64,PHN2ZyB3aWR0aD0iMSIgaGVpZ2h0PSIxIiB4bWxucz0iaHR0cDovL3d3dy53My5vcmcvMjAwMC9zdmciPjwvc3ZnPg==\"><\/div><\/div><div class=\"caption py-3 caption__news py-md-3 pb-md-5\">\n                                    <span class=\"caption__date\">Jueves 3, Septiembre<\/span>\n                                     <a href=\"https:\/\/www.uoh.cl\/escuela-de-ciencias-sociales\/estudiantes-de-la-uoh-participaron-en-icare-joven-2026\/\">\n                                    <h3 class=\"small-space\">Estudiantes de la UOH participaron en Icare Joven 2026<\/h3><\/a>\n\n                                    <p>Skaleth Castillo (Enfermer\u00eda), Karla Montecinos (Psicolog\u00eda), Francisca Herrera y Mart\u00edn D\u00edaz, estos \u00faltimos dos de la carrera de Pedagog\u00eda en Ciencias Naturales, fueron seleccionado gracias a sus antecedentes acad\u00e9micos y participaciones universitarias, para representar a la Universidad de O\u2019Higgins en la primera versi\u00f3n del evento realizado en Punta de Tralca.<\/p>\n                                    <a class=\"link link--bold mt-md-3\" href=\"https:\/\/www.uoh.cl\/escuela-de-ciencias-sociales\/estudiantes-de-la-uoh-participaron-en-icare-joven-2026\/\">Saber m\u00e1s <span class=\"icon icon--inline icon--link\"><svg version=\"1.1\" xmlns=\"http:\/\/www.w3.org\/2000\/svg\" xmlns:xlink=\"http:\/\/www.w3.org\/1999\/xlink\" x=\"0px\" y=\"0px\" width=\"22px\"height=\"22px\" viewBox=\"0 0 22 22\" style=\"overflow:visible;enable-background:new 0 0 80 64.6;\" xml:space=\"preserve\"><g clip-path=\"url(#acA)\"><path fill-rule=\"evenodd\" d=\"M21.913 11.266a.93.93 0 000-.711c-.022-.056-.063-.097-.091-.144s-.053-.103-.097-.15L12.306.294c-.357-.379-.955-.394-1.334-.038s-.394.955-.038 1.334l7.917 8.374H.927a.95.95 0 00-.908.983.946.946 0 00.908.908h17.924l-8.089 8.552c-.357.379-.341.977.034 1.334s.977.341 1.334-.034l9.594-10.148c.044-.044.063-.1.097-.15.028-.047.069-.088.091-.141z\"\/><\/g><defs><clipPath id=\"acA\"><path fill=\"#fff\" d=\"M0 0h22v22H0z\"\/><\/clipPath><\/defs><\/svg><\/span><\/a><\/div><\/div><\/div><div class=\"  col-sm-6 col-md-4 img-article\">\n                                        <div class=\"content-news-display row m-0 p-0\"><div class=\"holder p-0 \"><div class=\"img-wrap img-wrap-news\">\n                                        <div class=\"caption__news-category\">\n                                        <a href=\"https:\/\/www.uoh.cl\/escuela-de-ciencias-sociales\/category\/ciencias-sociales\/\">\n                                        Ciencias Sociales<\/a><\/div><img decoding=\"async\" class=\"w-100 h-100 lazyload\" data-src=\"https:\/\/www.uoh.cl\/escuela-de-ciencias-sociales\/wp-content\/uploads\/sites\/18\/2026\/09\/Jornada-AP-Vialidad-Pablo-Monje-1.jpeg\" alt=\"Docente de Administraci\u00f3n P\u00fablica expone sobre los desaf\u00edos de la modernizaci\u00f3n del Estado\" style=\"--smush-placeholder-width: 1596px; --smush-placeholder-aspect-ratio: 1596\/686;object-fit: cover; object-position: center;\" src=\"data:image\/svg+xml;base64,PHN2ZyB3aWR0aD0iMSIgaGVpZ2h0PSIxIiB4bWxucz0iaHR0cDovL3d3dy53My5vcmcvMjAwMC9zdmciPjwvc3ZnPg==\"><\/div><\/div><div class=\"caption py-3 caption__news py-md-3 pb-md-5\">\n                                    <span class=\"caption__date\">Martes 1, Septiembre<\/span>\n                                     <a href=\"https:\/\/www.uoh.cl\/escuela-de-ciencias-sociales\/docente-de-administracion-publica-expone-sobre-los-desafios-de-la-modernizacion-del-estado\/\">\n                                    <h3 class=\"small-space\">Docente de Administraci\u00f3n P\u00fablica expone sobre los desaf\u00edos de la modernizaci\u00f3n del Estado<\/h3><\/a>\n\n                                    <p>Pablo Monje particip\u00f3 en una jornada de la Asociaci\u00f3n Nacional de Administradores P\u00fablicos de la Direcci\u00f3n de Vialidad, donde abord\u00f3 la relaci\u00f3n entre infraestructura, pobreza, equidad territorial y descentralizaci\u00f3n.<\/p>\n                                    <a class=\"link link--bold mt-md-3\" href=\"https:\/\/www.uoh.cl\/escuela-de-ciencias-sociales\/docente-de-administracion-publica-expone-sobre-los-desafios-de-la-modernizacion-del-estado\/\">Saber m\u00e1s <span class=\"icon icon--inline icon--link\"><svg version=\"1.1\" xmlns=\"http:\/\/www.w3.org\/2000\/svg\" xmlns:xlink=\"http:\/\/www.w3.org\/1999\/xlink\" x=\"0px\" y=\"0px\" width=\"22px\"height=\"22px\" viewBox=\"0 0 22 22\" style=\"overflow:visible;enable-background:new 0 0 80 64.6;\" xml:space=\"preserve\"><g clip-path=\"url(#acA)\"><path fill-rule=\"evenodd\" d=\"M21.913 11.266a.93.93 0 000-.711c-.022-.056-.063-.097-.091-.144s-.053-.103-.097-.15L12.306.294c-.357-.379-.955-.394-1.334-.038s-.394.955-.038 1.334l7.917 8.374H.927a.95.95 0 00-.908.983.946.946 0 00.908.908h17.924l-8.089 8.552c-.357.379-.341.977.034 1.334s.977.341 1.334-.034l9.594-10.148c.044-.044.063-.1.097-.15.028-.047.069-.088.091-.141z\"\/><\/g><defs><clipPath id=\"acA\"><path fill=\"#fff\" d=\"M0 0h22v22H0z\"\/><\/clipPath><\/defs><\/svg><\/span><\/a><\/div><\/div><\/div><div class=\"  col-sm-6 col-md-4 img-article\">\n                                        <div class=\"content-news-display row m-0 p-0\"><div class=\"holder p-0 \"><div class=\"img-wrap img-wrap-news\">\n                                        <div class=\"caption__news-category\">\n                                        <a href=\"https:\/\/www.uoh.cl\/escuela-de-ciencias-sociales\/category\/institucional\/\">\n                                        Institucional<\/a><\/div><img decoding=\"async\" class=\"w-100 h-100 lazyload\" data-src=\"https:\/\/www.uoh.cl\/escuela-de-ciencias-sociales\/wp-content\/uploads\/sites\/18\/2026\/08\/Pukara-2.jpeg\" alt=\"Hist\u00f3rico acuerdo permitir\u00e1 a la UOH proteger y poner en valor el Pukar\u00e1 de La Compa\u00f1\u00eda\" style=\"--smush-placeholder-width: 1600px; --smush-placeholder-aspect-ratio: 1600\/1066;object-fit: cover; object-position: center;\" src=\"data:image\/svg+xml;base64,PHN2ZyB3aWR0aD0iMSIgaGVpZ2h0PSIxIiB4bWxucz0iaHR0cDovL3d3dy53My5vcmcvMjAwMC9zdmciPjwvc3ZnPg==\"><\/div><\/div><div class=\"caption py-3 caption__news py-md-3 pb-md-5\">\n                                    <span class=\"caption__date\">Viernes 28, Agosto<\/span>\n                                     <a href=\"https:\/\/www.uoh.cl\/escuela-de-ciencias-sociales\/historico-acuerdo-permitira-a-la-uoh-proteger-y-poner-en-valor-el-pukara-de-la-compania\/\">\n                                    <h3 class=\"small-space\">Hist\u00f3rico acuerdo permitir\u00e1 a la UOH proteger y poner en valor el Pukar\u00e1 de La Compa\u00f1\u00eda<\/h3><\/a>\n\n                                    <p>Acuerdo impulsado por el CDE permitir\u00e1 que uno de los sitios arqueol\u00f3gicos m\u00e1s importantes de Chile quede bajo el resguardo de una universidad estatal y se transforme en un espacio permanente para la investigaci\u00f3n cient\u00edfica, la educaci\u00f3n patrimonial y el desarrollo cultural de la Regi\u00f3n de O\u2019Higgins.<\/p>\n                                    <a class=\"link link--bold mt-md-3\" href=\"https:\/\/www.uoh.cl\/escuela-de-ciencias-sociales\/historico-acuerdo-permitira-a-la-uoh-proteger-y-poner-en-valor-el-pukara-de-la-compania\/\">Saber m\u00e1s <span class=\"icon icon--inline icon--link\"><svg version=\"1.1\" xmlns=\"http:\/\/www.w3.org\/2000\/svg\" xmlns:xlink=\"http:\/\/www.w3.org\/1999\/xlink\" x=\"0px\" y=\"0px\" width=\"22px\"height=\"22px\" viewBox=\"0 0 22 22\" style=\"overflow:visible;enable-background:new 0 0 80 64.6;\" xml:space=\"preserve\"><g clip-path=\"url(#acA)\"><path fill-rule=\"evenodd\" d=\"M21.913 11.266a.93.93 0 000-.711c-.022-.056-.063-.097-.091-.144s-.053-.103-.097-.15L12.306.294c-.357-.379-.955-.394-1.334-.038s-.394.955-.038 1.334l7.917 8.374H.927a.95.95 0 00-.908.983.946.946 0 00.908.908h17.924l-8.089 8.552c-.357.379-.341.977.034 1.334s.977.341 1.334-.034l9.594-10.148c.044-.044.063-.1.097-.15.028-.047.069-.088.091-.141z\"\/><\/g><defs><clipPath id=\"acA\"><path fill=\"#fff\" d=\"M0 0h22v22H0z\"\/><\/clipPath><\/defs><\/svg><\/span><\/a><\/div><\/div><\/div><\/div><\/div><\/div><div class=\"pagination justify-content-center my-5\"><span aria-current=\"page\" class=\"page-numbers current\">1<\/span>\n<a class=\"page-numbers\" href=\"https:\/\/www.uoh.cl\/escuela-de-ciencias-sociales\/wp-json\/wp\/v2\/posts\/1658\/\/page\/2\">2<\/a>\n<a class=\"page-numbers\" href=\"https:\/\/www.uoh.cl\/escuela-de-ciencias-sociales\/wp-json\/wp\/v2\/posts\/1658\/\/page\/3\">3<\/a>\n<span class=\"page-numbers dots\">&hellip;<\/span>\n<a class=\"page-numbers\" href=\"https:\/\/www.uoh.cl\/escuela-de-ciencias-sociales\/wp-json\/wp\/v2\/posts\/1658\/\/page\/147\">147<\/a>\n<a class=\"next page-numbers\" href=\"https:\/\/www.uoh.cl\/escuela-de-ciencias-sociales\/wp-json\/wp\/v2\/posts\/1658\/\/page\/2\"><div class=\"icon-pagination-next\"> <?xml version=\"1.0\" ?><svg viewBox=\"0 0 96 96\" xmlns=\"http:\/\/www.w3.org\/2000\/svg\"><title\/><path d=\"M39.3756,48.0022l30.47-25.39a6.0035,6.0035,0,0,0-7.6878-9.223L26.1563,43.3906a6.0092,6.0092,0,0,0,0,9.2231L62.1578,82.615a6.0035,6.0035,0,0,0,7.6878-9.2231Z\"\/><\/svg> <\/div><\/a><\/div>[\/vc_column_inner][\/vc_row_inner][\/vc_column][\/vc_row][\/vc_section]<\/p>\n<\/div>","protected":false},"excerpt":{"rendered":"<p>Germ\u00e1n Valdebenito y Annais Zavala presentaron su tesis de grado -en desarrollo- en la tercera versi\u00f3n del evento desarrollado en Iquique.<\/p>\n","protected":false},"author":34,"featured_media":21013,"comment_status":"open","ping_status":"open","sticky":false,"template":"","format":"standard","meta":{"_acf_changed":false,"footnotes":""},"categories":[19],"tags":[],"class_list":["post-1658","post","type-post","status-publish","format-standard","has-post-thumbnail","hentry","category-ciencias-sociales"],"acf":[],"yoast_head":"<!-- This site is optimized with the Yoast SEO plugin v28.3 - https:\/\/yoast.com\/product\/yoast-seo-wordpress\/ -->\n<title>Estudiantes de Psicolog\u00eda UOH reciben reconocimiento al mejor poster en congreso internacional de la Sociedad Chilena de Criminolog\u00eda - Escuela de Ciencias de Sociales<\/title>\n<meta name=\"description\" content=\"Germ\u00e1n Valdebenito y Annais Zavala presentaron su tesis de grado -en desarrollo- en la tercera versi\u00f3n del evento desarrollado en Iquique.\" \/>\n<meta name=\"robots\" content=\"index, follow, max-snippet:-1, max-image-preview:large, max-video-preview:-1\" \/>\n<link rel=\"canonical\" href=\"https:\/\/www.uoh.cl\/escuela-de-ciencias-sociales\/estudiantes-de-psicologia-uoh-reciben-reconocimiento-al-mejor-poster-en-congreso-internacional-de-la-sociedad-chilena-de-criminologia\/\" \/>\n<meta property=\"og:locale\" content=\"es_ES\" \/>\n<meta property=\"og:type\" content=\"article\" \/>\n<meta property=\"og:title\" content=\"Estudiantes de Psicolog\u00eda UOH reciben reconocimiento al mejor poster en congreso internacional de la Sociedad Chilena de Criminolog\u00eda - Escuela de Ciencias de Sociales\" \/>\n<meta property=\"og:description\" content=\"Germ\u00e1n Valdebenito y Annais Zavala presentaron su tesis de grado -en desarrollo- en la tercera versi\u00f3n del evento desarrollado en Iquique.\" \/>\n<meta property=\"og:url\" content=\"https:\/\/www.uoh.cl\/escuela-de-ciencias-sociales\/estudiantes-de-psicologia-uoh-reciben-reconocimiento-al-mejor-poster-en-congreso-internacional-de-la-sociedad-chilena-de-criminologia\/\" \/>\n<meta property=\"og:site_name\" content=\"Escuela de Ciencias de Sociales\" \/>\n<meta property=\"article:published_time\" content=\"2023-07-28T19:52:01+00:00\" \/>\n<meta name=\"author\" content=\"Universidad de O&#039;Higgins\" \/>\n<meta name=\"twitter:card\" content=\"summary_large_image\" \/>\n<meta name=\"twitter:label1\" content=\"Escrito por\" \/>\n\t<meta name=\"twitter:data1\" content=\"Universidad de O&#039;Higgins\" \/>\n\t<meta name=\"twitter:label2\" content=\"Tiempo estimado de lectura\" \/>\n\t<meta name=\"twitter:data2\" content=\"2 minutos\" \/>\n<script type=\"application\/ld+json\" class=\"yoast-schema-graph\">{\"@context\":\"https:\\\/\\\/schema.org\",\"@graph\":[{\"@type\":\"Article\",\"@id\":\"https:\\\/\\\/www.uoh.cl\\\/escuela-de-ciencias-sociales\\\/estudiantes-de-psicologia-uoh-reciben-reconocimiento-al-mejor-poster-en-congreso-internacional-de-la-sociedad-chilena-de-criminologia\\\/#article\",\"isPartOf\":{\"@id\":\"https:\\\/\\\/www.uoh.cl\\\/escuela-de-ciencias-sociales\\\/estudiantes-de-psicologia-uoh-reciben-reconocimiento-al-mejor-poster-en-congreso-internacional-de-la-sociedad-chilena-de-criminologia\\\/\"},\"author\":{\"name\":\"Universidad de O'Higgins\",\"@id\":\"https:\\\/\\\/www.uoh.cl\\\/escuela-de-ciencias-sociales\\\/#\\\/schema\\\/person\\\/ea242e676c7d6d7e46fc8b9e39486c4f\"},\"headline\":\"Estudiantes de Psicolog\u00eda UOH reciben reconocimiento al mejor poster en congreso internacional de la Sociedad Chilena de Criminolog\u00eda\",\"datePublished\":\"2023-07-28T19:52:01+00:00\",\"mainEntityOfPage\":{\"@id\":\"https:\\\/\\\/www.uoh.cl\\\/escuela-de-ciencias-sociales\\\/estudiantes-de-psicologia-uoh-reciben-reconocimiento-al-mejor-poster-en-congreso-internacional-de-la-sociedad-chilena-de-criminologia\\\/\"},\"wordCount\":525,\"commentCount\":0,\"image\":{\"@id\":\"https:\\\/\\\/www.uoh.cl\\\/escuela-de-ciencias-sociales\\\/estudiantes-de-psicologia-uoh-reciben-reconocimiento-al-mejor-poster-en-congreso-internacional-de-la-sociedad-chilena-de-criminologia\\\/#primaryimage\"},\"thumbnailUrl\":\"\",\"articleSection\":[\"Ciencias Sociales\"],\"inLanguage\":\"es-CL\",\"potentialAction\":[{\"@type\":\"CommentAction\",\"name\":\"Comment\",\"target\":[\"https:\\\/\\\/www.uoh.cl\\\/escuela-de-ciencias-sociales\\\/estudiantes-de-psicologia-uoh-reciben-reconocimiento-al-mejor-poster-en-congreso-internacional-de-la-sociedad-chilena-de-criminologia\\\/#respond\"]}]},{\"@type\":\"WebPage\",\"@id\":\"https:\\\/\\\/www.uoh.cl\\\/escuela-de-ciencias-sociales\\\/estudiantes-de-psicologia-uoh-reciben-reconocimiento-al-mejor-poster-en-congreso-internacional-de-la-sociedad-chilena-de-criminologia\\\/\",\"url\":\"https:\\\/\\\/www.uoh.cl\\\/escuela-de-ciencias-sociales\\\/estudiantes-de-psicologia-uoh-reciben-reconocimiento-al-mejor-poster-en-congreso-internacional-de-la-sociedad-chilena-de-criminologia\\\/\",\"name\":\"Estudiantes de Psicolog\u00eda UOH reciben reconocimiento al mejor poster en congreso internacional de la Sociedad Chilena de Criminolog\u00eda - Escuela de Ciencias de Sociales\",\"isPartOf\":{\"@id\":\"https:\\\/\\\/www.uoh.cl\\\/escuela-de-ciencias-sociales\\\/#website\"},\"primaryImageOfPage\":{\"@id\":\"https:\\\/\\\/www.uoh.cl\\\/escuela-de-ciencias-sociales\\\/estudiantes-de-psicologia-uoh-reciben-reconocimiento-al-mejor-poster-en-congreso-internacional-de-la-sociedad-chilena-de-criminologia\\\/#primaryimage\"},\"image\":{\"@id\":\"https:\\\/\\\/www.uoh.cl\\\/escuela-de-ciencias-sociales\\\/estudiantes-de-psicologia-uoh-reciben-reconocimiento-al-mejor-poster-en-congreso-internacional-de-la-sociedad-chilena-de-criminologia\\\/#primaryimage\"},\"thumbnailUrl\":\"\",\"datePublished\":\"2023-07-28T19:52:01+00:00\",\"author\":{\"@id\":\"https:\\\/\\\/www.uoh.cl\\\/escuela-de-ciencias-sociales\\\/#\\\/schema\\\/person\\\/ea242e676c7d6d7e46fc8b9e39486c4f\"},\"description\":\"Germ\u00e1n Valdebenito y Annais Zavala presentaron su tesis de grado -en desarrollo- en la tercera versi\u00f3n del evento desarrollado en Iquique.\",\"inLanguage\":\"es-CL\",\"potentialAction\":[{\"@type\":\"ReadAction\",\"target\":[\"https:\\\/\\\/www.uoh.cl\\\/escuela-de-ciencias-sociales\\\/estudiantes-de-psicologia-uoh-reciben-reconocimiento-al-mejor-poster-en-congreso-internacional-de-la-sociedad-chilena-de-criminologia\\\/\"]}]},{\"@type\":\"ImageObject\",\"inLanguage\":\"es-CL\",\"@id\":\"https:\\\/\\\/www.uoh.cl\\\/escuela-de-ciencias-sociales\\\/estudiantes-de-psicologia-uoh-reciben-reconocimiento-al-mejor-poster-en-congreso-internacional-de-la-sociedad-chilena-de-criminologia\\\/#primaryimage\",\"url\":\"\",\"contentUrl\":\"\"},{\"@type\":\"WebSite\",\"@id\":\"https:\\\/\\\/www.uoh.cl\\\/escuela-de-ciencias-sociales\\\/#website\",\"url\":\"https:\\\/\\\/www.uoh.cl\\\/escuela-de-ciencias-sociales\\\/\",\"name\":\"Escuela de Ciencias de Sociales\",\"description\":\"Otro sitio de Sitios de Universidad O'higgins\",\"potentialAction\":[{\"@type\":\"SearchAction\",\"target\":{\"@type\":\"EntryPoint\",\"urlTemplate\":\"https:\\\/\\\/www.uoh.cl\\\/escuela-de-ciencias-sociales\\\/?s={search_term_string}\"},\"query-input\":{\"@type\":\"PropertyValueSpecification\",\"valueRequired\":true,\"valueName\":\"search_term_string\"}}],\"inLanguage\":\"es-CL\"},{\"@type\":\"Person\",\"@id\":\"https:\\\/\\\/www.uoh.cl\\\/escuela-de-ciencias-sociales\\\/#\\\/schema\\\/person\\\/ea242e676c7d6d7e46fc8b9e39486c4f\",\"name\":\"Universidad de O'Higgins\",\"image\":{\"@type\":\"ImageObject\",\"inLanguage\":\"es-CL\",\"@id\":\"https:\\\/\\\/secure.gravatar.com\\\/avatar\\\/78fcb76ca05efae11fd355943c01a832a29786cc00d85b1a82c301bea2b2a214?s=96&d=mm&r=g\",\"url\":\"https:\\\/\\\/secure.gravatar.com\\\/avatar\\\/78fcb76ca05efae11fd355943c01a832a29786cc00d85b1a82c301bea2b2a214?s=96&d=mm&r=g\",\"contentUrl\":\"https:\\\/\\\/secure.gravatar.com\\\/avatar\\\/78fcb76ca05efae11fd355943c01a832a29786cc00d85b1a82c301bea2b2a214?s=96&d=mm&r=g\",\"caption\":\"Universidad de O'Higgins\"}}]}<\/script>\n<!-- \/ Yoast SEO plugin. -->","yoast_head_json":{"title":"Estudiantes de Psicolog\u00eda UOH reciben reconocimiento al mejor poster en congreso internacional de la Sociedad Chilena de Criminolog\u00eda - Escuela de Ciencias de Sociales","description":"Germ\u00e1n Valdebenito y Annais Zavala presentaron su tesis de grado -en desarrollo- en la tercera versi\u00f3n del evento desarrollado en Iquique.","robots":{"index":"index","follow":"follow","max-snippet":"max-snippet:-1","max-image-preview":"max-image-preview:large","max-video-preview":"max-video-preview:-1"},"canonical":"https:\/\/www.uoh.cl\/escuela-de-ciencias-sociales\/estudiantes-de-psicologia-uoh-reciben-reconocimiento-al-mejor-poster-en-congreso-internacional-de-la-sociedad-chilena-de-criminologia\/","og_locale":"es_ES","og_type":"article","og_title":"Estudiantes de Psicolog\u00eda UOH reciben reconocimiento al mejor poster en congreso internacional de la Sociedad Chilena de Criminolog\u00eda - Escuela de Ciencias de Sociales","og_description":"Germ\u00e1n Valdebenito y Annais Zavala presentaron su tesis de grado -en desarrollo- en la tercera versi\u00f3n del evento desarrollado en Iquique.","og_url":"https:\/\/www.uoh.cl\/escuela-de-ciencias-sociales\/estudiantes-de-psicologia-uoh-reciben-reconocimiento-al-mejor-poster-en-congreso-internacional-de-la-sociedad-chilena-de-criminologia\/","og_site_name":"Escuela de Ciencias de Sociales","article_published_time":"2023-07-28T19:52:01+00:00","author":"Universidad de O'Higgins","twitter_card":"summary_large_image","twitter_misc":{"Escrito por":"Universidad de O'Higgins","Tiempo estimado de lectura":"2 minutos"},"schema":{"@context":"https:\/\/schema.org","@graph":[{"@type":"Article","@id":"https:\/\/www.uoh.cl\/escuela-de-ciencias-sociales\/estudiantes-de-psicologia-uoh-reciben-reconocimiento-al-mejor-poster-en-congreso-internacional-de-la-sociedad-chilena-de-criminologia\/#article","isPartOf":{"@id":"https:\/\/www.uoh.cl\/escuela-de-ciencias-sociales\/estudiantes-de-psicologia-uoh-reciben-reconocimiento-al-mejor-poster-en-congreso-internacional-de-la-sociedad-chilena-de-criminologia\/"},"author":{"name":"Universidad de O'Higgins","@id":"https:\/\/www.uoh.cl\/escuela-de-ciencias-sociales\/#\/schema\/person\/ea242e676c7d6d7e46fc8b9e39486c4f"},"headline":"Estudiantes de Psicolog\u00eda UOH reciben reconocimiento al mejor poster en congreso internacional de la Sociedad Chilena de Criminolog\u00eda","datePublished":"2023-07-28T19:52:01+00:00","mainEntityOfPage":{"@id":"https:\/\/www.uoh.cl\/escuela-de-ciencias-sociales\/estudiantes-de-psicologia-uoh-reciben-reconocimiento-al-mejor-poster-en-congreso-internacional-de-la-sociedad-chilena-de-criminologia\/"},"wordCount":525,"commentCount":0,"image":{"@id":"https:\/\/www.uoh.cl\/escuela-de-ciencias-sociales\/estudiantes-de-psicologia-uoh-reciben-reconocimiento-al-mejor-poster-en-congreso-internacional-de-la-sociedad-chilena-de-criminologia\/#primaryimage"},"thumbnailUrl":"","articleSection":["Ciencias Sociales"],"inLanguage":"es-CL","potentialAction":[{"@type":"CommentAction","name":"Comment","target":["https:\/\/www.uoh.cl\/escuela-de-ciencias-sociales\/estudiantes-de-psicologia-uoh-reciben-reconocimiento-al-mejor-poster-en-congreso-internacional-de-la-sociedad-chilena-de-criminologia\/#respond"]}]},{"@type":"WebPage","@id":"https:\/\/www.uoh.cl\/escuela-de-ciencias-sociales\/estudiantes-de-psicologia-uoh-reciben-reconocimiento-al-mejor-poster-en-congreso-internacional-de-la-sociedad-chilena-de-criminologia\/","url":"https:\/\/www.uoh.cl\/escuela-de-ciencias-sociales\/estudiantes-de-psicologia-uoh-reciben-reconocimiento-al-mejor-poster-en-congreso-internacional-de-la-sociedad-chilena-de-criminologia\/","name":"Estudiantes de Psicolog\u00eda UOH reciben reconocimiento al mejor poster en congreso internacional de la Sociedad Chilena de Criminolog\u00eda - Escuela de Ciencias de Sociales","isPartOf":{"@id":"https:\/\/www.uoh.cl\/escuela-de-ciencias-sociales\/#website"},"primaryImageOfPage":{"@id":"https:\/\/www.uoh.cl\/escuela-de-ciencias-sociales\/estudiantes-de-psicologia-uoh-reciben-reconocimiento-al-mejor-poster-en-congreso-internacional-de-la-sociedad-chilena-de-criminologia\/#primaryimage"},"image":{"@id":"https:\/\/www.uoh.cl\/escuela-de-ciencias-sociales\/estudiantes-de-psicologia-uoh-reciben-reconocimiento-al-mejor-poster-en-congreso-internacional-de-la-sociedad-chilena-de-criminologia\/#primaryimage"},"thumbnailUrl":"","datePublished":"2023-07-28T19:52:01+00:00","author":{"@id":"https:\/\/www.uoh.cl\/escuela-de-ciencias-sociales\/#\/schema\/person\/ea242e676c7d6d7e46fc8b9e39486c4f"},"description":"Germ\u00e1n Valdebenito y Annais Zavala presentaron su tesis de grado -en desarrollo- en la tercera versi\u00f3n del evento desarrollado en Iquique.","inLanguage":"es-CL","potentialAction":[{"@type":"ReadAction","target":["https:\/\/www.uoh.cl\/escuela-de-ciencias-sociales\/estudiantes-de-psicologia-uoh-reciben-reconocimiento-al-mejor-poster-en-congreso-internacional-de-la-sociedad-chilena-de-criminologia\/"]}]},{"@type":"ImageObject","inLanguage":"es-CL","@id":"https:\/\/www.uoh.cl\/escuela-de-ciencias-sociales\/estudiantes-de-psicologia-uoh-reciben-reconocimiento-al-mejor-poster-en-congreso-internacional-de-la-sociedad-chilena-de-criminologia\/#primaryimage","url":"","contentUrl":""},{"@type":"WebSite","@id":"https:\/\/www.uoh.cl\/escuela-de-ciencias-sociales\/#website","url":"https:\/\/www.uoh.cl\/escuela-de-ciencias-sociales\/","name":"Escuela de Ciencias de Sociales","description":"Otro sitio de Sitios de Universidad O'higgins","potentialAction":[{"@type":"SearchAction","target":{"@type":"EntryPoint","urlTemplate":"https:\/\/www.uoh.cl\/escuela-de-ciencias-sociales\/?s={search_term_string}"},"query-input":{"@type":"PropertyValueSpecification","valueRequired":true,"valueName":"search_term_string"}}],"inLanguage":"es-CL"},{"@type":"Person","@id":"https:\/\/www.uoh.cl\/escuela-de-ciencias-sociales\/#\/schema\/person\/ea242e676c7d6d7e46fc8b9e39486c4f","name":"Universidad de O'Higgins","image":{"@type":"ImageObject","inLanguage":"es-CL","@id":"https:\/\/secure.gravatar.com\/avatar\/78fcb76ca05efae11fd355943c01a832a29786cc00d85b1a82c301bea2b2a214?s=96&d=mm&r=g","url":"https:\/\/secure.gravatar.com\/avatar\/78fcb76ca05efae11fd355943c01a832a29786cc00d85b1a82c301bea2b2a214?s=96&d=mm&r=g","contentUrl":"https:\/\/secure.gravatar.com\/avatar\/78fcb76ca05efae11fd355943c01a832a29786cc00d85b1a82c301bea2b2a214?s=96&d=mm&r=g","caption":"Universidad de O'Higgins"}}]}},"_links":{"self":[{"href":"https:\/\/www.uoh.cl\/escuela-de-ciencias-sociales\/wp-json\/wp\/v2\/posts\/1658","targetHints":{"allow":["GET"]}}],"collection":[{"href":"https:\/\/www.uoh.cl\/escuela-de-ciencias-sociales\/wp-json\/wp\/v2\/posts"}],"about":[{"href":"https:\/\/www.uoh.cl\/escuela-de-ciencias-sociales\/wp-json\/wp\/v2\/types\/post"}],"author":[{"embeddable":true,"href":"https:\/\/www.uoh.cl\/escuela-de-ciencias-sociales\/wp-json\/wp\/v2\/users\/34"}],"replies":[{"embeddable":true,"href":"https:\/\/www.uoh.cl\/escuela-de-ciencias-sociales\/wp-json\/wp\/v2\/comments?post=1658"}],"version-history":[{"count":0,"href":"https:\/\/www.uoh.cl\/escuela-de-ciencias-sociales\/wp-json\/wp\/v2\/posts\/1658\/revisions"}],"wp:attachment":[{"href":"https:\/\/www.uoh.cl\/escuela-de-ciencias-sociales\/wp-json\/wp\/v2\/media?parent=1658"}],"wp:term":[{"taxonomy":"category","embeddable":true,"href":"https:\/\/www.uoh.cl\/escuela-de-ciencias-sociales\/wp-json\/wp\/v2\/categories?post=1658"},{"taxonomy":"post_tag","embeddable":true,"href":"https:\/\/www.uoh.cl\/escuela-de-ciencias-sociales\/wp-json\/wp\/v2\/tags?post=1658"}],"curies":[{"name":"wp","href":"https:\/\/api.w.org\/{rel}","templated":true}]}}