
{"id":562,"date":"2022-08-24T12:22:35","date_gmt":"2022-08-24T15:22:35","guid":{"rendered":"https:\/\/www.uoh.cl\/equidad-de-genero-y-diversidades\/mi-pais-imaginario-el-documental-de-patricio-guzman-empenado-en-conservar-la-memoria-chilena\/"},"modified":"2022-08-24T12:22:35","modified_gmt":"2022-08-24T15:22:35","slug":"mi-pais-imaginario-el-documental-de-patricio-guzman-empenado-en-conservar-la-memoria-chilena","status":"publish","type":"post","link":"https:\/\/www.uoh.cl\/equidad-de-genero-y-diversidades\/mi-pais-imaginario-el-documental-de-patricio-guzman-empenado-en-conservar-la-memoria-chilena\/","title":{"rendered":"\u201cMi Pa\u00eds Imaginario\u201d: El documental de Patricio Guzm\u00e1n empe\u00f1ado en conservar la memoria chilena"},"content":{"rendered":"<div class=\"wpb-content-wrapper\"><p>[vc_section el_class=&#8221;container mx-auto align-items-center text-right circle&#8211;pattern&#8221; css=&#8221;.vc_custom_1648956589196{padding-top: 3rem !important;}&#8221;][vc_row][vc_column]<div class=\"breadcrumb\"><ol itemscope itemtype=\"https:\/\/schema.org\/BreadcrumbList\"><li itemprop=\"itemListElement\" itemscope itemtype=\"https:\/\/schema.org\/ListItem\"><a itemprop=\"item\" href=\"http:\/\/www.uoh.cl\"><span itemprop=\"name\">Inicio<\/span><\/a><meta itemprop=\"position\" content=\"1\" \/><li itemprop=\"itemListElement\" itemscope itemtype=\"https:\/\/schema.org\/ListItem\"><a itemprop=\"item\" href=\"https:\/\/www.uoh.cl\/equidad-de-genero-y-diversidades\"><span itemprop=\"name\">Equidad de Genero y Diversidades<\/span><\/a><meta itemprop=\"position\" content=\"2\" \/><li itemprop=\"itemListElement\" itemscope itemtype=\"https:\/\/schema.org\/ListItem\"><span itemprop=\"name\">\u201cMi Pa\u00eds Imaginario\u201d: El documental de Patricio Guzm\u00e1n empe\u00f1ado en <\/span><meta itemprop=\"position\" content=\"3\" \/><\/ol><\/div><ul class=\"p-0 list-style-none d-inline-block\"><li class=\"p-0\"><a href=https:\/\/www.uoh.cl\/equidad-de-genero-y-diversidades\/category\/extension\/ class=\"px-1 py-2\">Extensi\u00f3n<\/a><\/li><\/ul><div class=\"date_publish_post\"> \u25cf Mi\u00e9 24 de Agosto 2022<\/div><div class=\"uoh_title_component-container\"><h1 class=\"title title--ms d-inline-block title--decorator  big\">\u201cMi Pa\u00eds Imaginario\u201d: El documental de Patricio Guzm\u00e1n empe\u00f1ado en conservar la memoria chilena<\/h1><\/div>[vc_row_inner el_class=&#8221;border-separator m-0&#8243;][vc_column_inner width=&#8221;2\/3&#8243;]<div class=\"author_wp_class\"> Escrito por <span>Universidad de O'Higgins<\/span><\/div>[\/vc_column_inner][vc_column_inner el_class=&#8221;align-items-end-publish&#8221; width=&#8221;1\/3&#8243;]<div class=\"uoh_social_network_component uoh_row col-12 justify-content-end m-0 p-0\"> <div class=\"icon__facebook-share-button\">\n                       <a href=\"https:\/\/www.facebook.com\/sharer\/sharer.php?u=https:\/\/www.uoh.cl\/equidad-de-genero-y-diversidades\/mi-pais-imaginario-el-documental-de-patricio-guzman-empenado-en-conservar-la-memoria-chilena\/\" target=\"_blank\"> <div class=\"icon__facebook-svg\"><svg version=\"1.1\" xmlns=\"http:\/\/www.w3.org\/2000\/svg\" xmlns:xlink=\"http:\/\/www.w3.org\/1999\/xlink\" x=\"0px\" y=\"0px\" width=\"22.4px\" height=\"48.3px\" viewBox=\"0 0 22.4 48.3\" style=\"overflow:visible;enable-background:new 0 0 22.4 48.3;\" xml:space=\"preserve\">\n                <defs>\n                <\/defs>\n                <path class=\"st0\" d=\"M22.4,15.6h-7.6v-5c0-1.9,1.2-2.3,2.1-2.3c0.9,0,5.4,0,5.4,0V0l-7.4,0C6.6,0,4.8,6.2,4.8,10.1v5.5H0v8.5h4.8\n                    c0,10.9,0,24.1,0,24.1h10c0,0,0-13.3,0-24.1h6.8L22.4,15.6z\"><\/path>\n                <\/svg><\/a><\/div>\n                    <\/div><div class=\"icon__twitter-share-button\">\n                        <div class=\"icon__twitter-svg\"><a target=\"_blank\" href=\"http:\/\/twitter.com\/share?url=https:\/\/www.uoh.cl\/equidad-de-genero-y-diversidades\/mi-pais-imaginario-el-documental-de-patricio-guzman-empenado-en-conservar-la-memoria-chilena\/\"><svg xmlns=\"http:\/\/www.w3.org\/2000\/svg\" height=\"1em\" viewBox=\"0 0 512 512\"><!--! Font Awesome Free 6.4.2 by @fontawesome - https:\/\/fontawesome.com License - https:\/\/fontawesome.com\/license (Commercial License) Copyright 2023 Fonticons, Inc. --><path d=\"M389.2 48h70.6L305.6 224.2 487 464H345L233.7 318.6 106.5 464H35.8L200.7 275.5 26.8 48H172.4L272.9 180.9 389.2 48zM364.4 421.8h39.1L151.1 88h-42L364.4 421.8z\"\/><\/svg><\/a><\/div>\n                        <\/div><div class=\"icon__linkedin-share-button\">\n                        <div class=\"icon__linkedin-svg\">\n                        <a target=\"__blank\" href=\"https:\/\/www.linkedin.com\/sharing\/share-offsite\/?url=https:\/\/www.uoh.cl\/equidad-de-genero-y-diversidades\/mi-pais-imaginario-el-documental-de-patricio-guzman-empenado-en-conservar-la-memoria-chilena\/\"><svg enable-background=\"new 0 0 100 100\" height=\"100px\" id=\"Layer_1\" version=\"1.1\" viewBox=\"0 0 100 100\" width=\"100px\" xml:space=\"preserve\" xmlns=\"http:\/\/www.w3.org\/2000\/svg\" xmlns:xlink=\"http:\/\/www.w3.org\/1999\/xlink\"><g><circle cx=\"50\" cy=\"50\" fill=\"#ccc\" r=\"45\"\/><g id=\"LinkedIn_1_\"><rect fill=\"#FFFFFF\" height=\"24.361\" width=\"7.69\" x=\"31.271\" y=\"43.569\"\/><path d=\"M59.968,43.334c-4.406,0-7.165,2.387-7.677,4.058v-3.823h-8.636c0.109,2.03,0,24.361,0,24.361h8.636    V54.748c0-0.733-0.034-1.465,0.19-1.991c0.594-1.464,1.869-2.985,4.162-2.985c2.998,0,4.361,2.253,4.361,5.552V67.93h8.721V54.384    C69.726,46.839,65.432,43.334,59.968,43.334z\" fill=\"#FFFFFF\"\/><path d=\"M34.973,32.069c-2.839,0-4.696,1.823-4.696,4.229c0,2.361,1.804,4.224,4.589,4.224h0.054    c2.891,0,4.69-1.869,4.69-4.229C39.555,33.888,37.81,32.069,34.973,32.069z\" fill=\"#FFFFFF\"\/><\/g><\/g><\/svg><\/a><\/div>\n\n            <\/div><\/div>[\/vc_column_inner][\/vc_row_inner]<div class=\"vc_single_image-wrapper vc_box_rounded  vc_box_border_grey\"><img decoding=\"async\" width=\"1024\" height=\"683\" data-src=\"https:\/\/www.uoh.cl\/equidad-de-genero-y-diversidades\/wp-content\/uploads\/sites\/20\/2022\/08\/Mi-pais-imaginario-1.jpg\" class=\"attachment-large size-large wp-post-image lazyload\" alt=\"\" src=\"data:image\/svg+xml;base64,PHN2ZyB3aWR0aD0iMSIgaGVpZ2h0PSIxIiB4bWxucz0iaHR0cDovL3d3dy53My5vcmcvMjAwMC9zdmciPjwvc3ZnPg==\" style=\"--smush-placeholder-width: 1024px; --smush-placeholder-aspect-ratio: 1024\/683;\" \/><\/div>[vc_column_text]<\/p>\n<p>&nbsp;<\/p>\n<p>[\/vc_column_text][vc_column_text]<span lang=\"es-419\">\u00a0<\/span><i><span lang=\"es-419\">La pel\u00edcula, que se estrena con entrada liberada el pr\u00f3ximo 25 de agosto a las 18:30 horas, en el auditorio de la Universidad Estatal de O\u2019Higgins (UOH), trae consigo la remembranza hist\u00f3rica que define al director, el cual vuelve a conectar a la sociedad chilena con su pasado y su realidad presente. Esta vez, en las voces de mujeres que reivindican su posici\u00f3n en la sociedad, dentro de un di\u00e1logo que refresca las claves de cara a los cambios que ya se notan en el pa\u00eds.<\/span><\/i>[\/vc_column_text][vc_column_text]<\/p>\n<p>&nbsp;<\/p>\n<p>[\/vc_column_text][vc_column_text]<\/p>\n<p style=\"font-weight: 400;\">A las 18.30 horas del jueves 25 de agosto, se estrenar\u00e1 en la Universidad de O\u2019Higgins el documental \u201cMi Pa\u00eds imaginario\u201d, del director Patricio Guzm\u00e1n. As\u00ed lo dio a conocer la directora de Cultura, Patrimonio y Extensi\u00f3n UOH, Clemencia Gonz\u00e1lez, se\u00f1alando que, en esta ocasi\u00f3n, el realizador vuelve a conectarnos con la memoria de la poblaci\u00f3n chilena, que \u201ca lo largo de su historia viene apostando por una sociedad m\u00e1s justa\u201d.<\/p>\n<p style=\"font-weight: 400;\"><strong>Voces empoderadas<\/strong><\/p>\n<p style=\"font-weight: 400;\">Clemencia Gonz\u00e1lez tambi\u00e9n destac\u00f3 que \u201cMi Pa\u00eds Imaginario\u201d recupera las memorias de los a\u00f1os 70 y las vincula con las vivencias de cientos de personas en medio del \u201cestallido social de 2019\u201d, que marcar\u00eda los cambios que hoy se experimentan en Chile. En efecto, para la directora cultural, existe un di\u00e1logo intergeneracional muy importante plasmado en este documental. \u201cSe trata del v\u00ednculo entre el pasado y el presente, que el director refuerza a trav\u00e9s de las voces femeninas de la polit\u00f3loga Claudia Heiss, de la periodista M\u00f3nica Gonz\u00e1lez y de las representantes del colectivo Las Tesis, entre muchas otras\u201d, explica la directora.<\/p>\n<p style=\"font-weight: 400;\">Para Clemencia Gonz\u00e1lez, el realizador nacional muestra el porqu\u00e9 de esas protestas mediante relatos de mujeres que tuvieron un rol protag\u00f3nico en los movimientos sociales de ese a\u00f1o. Destac\u00f3, del mismo modo, que la pel\u00edcula tambi\u00e9n muestra ese empoderamiento que se ha consolidado en las mujeres chilenas que, desde hace m\u00e1s de cien a\u00f1os, han reclamado su emancipaci\u00f3n y el respeto de sus derechos sociales. \u201cVoces que llegaron para quedarse\u201d, destaca.<\/p>\n<p style=\"font-weight: 400;\"><strong>Pel\u00edcula y pa\u00eds<\/strong><\/p>\n<p style=\"font-weight: 400;\">Respecto al tema de la pel\u00edcula vinculado al \u201cestallido social\u201d, y al plebiscito constitucional a desarrollarse el pr\u00f3ximo 04 de septiembre, la soci\u00f3loga se\u00f1al\u00f3 que \u201cMi Pa\u00eds Imaginario\u201d rememora las tensiones que han determinado a Chile en los \u00faltimos a\u00f1os. \u201cEn un esfuerzo por resistirse a la cultura del olvido y la desmemoria, muy propias de la sociedad chilena\u201d, este documental de Patricio Guzm\u00e1n busca refrescar los hechos que marcan \u201cel origen y la fuerza inicial\u201d de las demandas ciudadanas y que definir\u00e1n las decisiones que determinar\u00e1n el futuro del pa\u00eds.<\/p>\n<p style=\"font-weight: 400;\">\u201cLo que sucedi\u00f3 en el 2019, constituy\u00f3 la c\u00falmine de esas expectativas de cambio y de transformaci\u00f3n social que se ven\u00edan observ\u00e1ndose desde mucho antes, con la revoluci\u00f3n de los ping\u00fcinos en el 2006, los movimientos estudiantiles de 2011 o las manifestaciones feministas de 2018, por nombrar solo algunos. Dichos movimientos ven\u00edan exigiendo mayor justicia social y mayor participaci\u00f3n e injerencia ciudadana en todos los \u00e1mbitos de la vida social y pol\u00edtica. As\u00ed, hoy las expectativas de la ciudadan\u00eda organizada exceden la pura intenci\u00f3n de fiscalizar la manera de implementar y de hacer pol\u00edtica de los \u00f3rganos del Estado, sino tambi\u00e9n demandan la instalaci\u00f3n de mecanismos democr\u00e1ticos y descentralizados que definan los temas relevantes de la vida colectiva\u201d, asegura la Cultura, Patrimonio y Extensi\u00f3n UOH.<\/p>\n<p style=\"font-weight: 400;\"><strong>Estreno en O\u2019Higgins<\/strong><\/p>\n<p style=\"font-weight: 400;\">Clemencia Gonz\u00e1lez, destac\u00f3 que \u201cMi Pa\u00eds Imaginario\u201d, desde su estreno el pasado 11 de agosto en Santiago de Chile, ha causado un gran revuelo en las salas de cine de todo el pa\u00eds. No en vano, form\u00f3 parte del Festival de Cannes de este a\u00f1o, recibiendo la ovaci\u00f3n de la cr\u00edtica cinematogr\u00e1fica internacional. \u201cAs\u00ed que esperamos que en esta regi\u00f3n tambi\u00e9n se genere mucho movimiento\u201d, refiri\u00e9ndose a su estreno en el auditorio de la Universidad Estatal de O\u2019Higgins, el pr\u00f3ximo 25 de agosto a las 18:30 horas, con entrada liberada.<\/p>\n<p>[\/vc_column_text][vc_column_text]<\/p>\n<p>&nbsp;<\/p>\n<p>&nbsp;<\/p>\n<p>[\/vc_column_text][\/vc_column][\/vc_row][\/vc_section][vc_section css=&#8221;.vc_custom_1650255686594{background-color: #f6faff !important;}&#8221; el_class=&#8221;p-md-0 pt-md-5&#8243;][vc_row el_class=&#8221;container mx-auto align-items-center text-right p-md-0 pt-5 pb-5&#8243;][vc_column el_class=&#8221;pb-5&#8243;][vc_row_inner el_class=&#8221;pb-5&#8243;][vc_column_inner]<div class=\"row m-0 p-0\"><div class=\"col-12 col-md-9 pt-5 pt-md-0\"><h2 class=\"title title--decorator title--ms d-inline-block\">Te Recomendamos<\/h2><\/div><\/div><div class=\"content-holder\"><div class=\"row  swipper-news-list not--activate-hack \"><div class=\"row -wrapper\"><div class=\"  col-sm-6 col-md-4 img-article\">\n                                        <div class=\"content-news-display row m-0 p-0\"><div class=\"holder p-0 \"><div class=\"img-wrap img-wrap-news\">\n                                        <div class=\"caption__news-category\">\n                                        <a href=\"https:\/\/www.uoh.cl\/equidad-de-genero-y-diversidades\/category\/institucional\/\">\n                                        Institucional<\/a><\/div><img decoding=\"async\" class=\"w-100 h-100 lazyload\" data-src=\"https:\/\/www.uoh.cl\/equidad-de-genero-y-diversidades\/wp-content\/uploads\/sites\/20\/2026\/04\/Inauguracion-Ano-Academico-2026-6.jpg\" alt=\"Reflexi\u00f3n universitaria: UOH inaugura A\u00f1o Acad\u00e9mico 2026 pensando en los desaf\u00edos de la Educaci\u00f3n Superior\" style=\"--smush-placeholder-width: 1500px; --smush-placeholder-aspect-ratio: 1500\/1000;object-fit: cover; object-position: center;\" src=\"data:image\/svg+xml;base64,PHN2ZyB3aWR0aD0iMSIgaGVpZ2h0PSIxIiB4bWxucz0iaHR0cDovL3d3dy53My5vcmcvMjAwMC9zdmciPjwvc3ZnPg==\"><\/div><\/div><div class=\"caption py-3 caption__news py-md-3 pb-md-5\">\n                                    <span class=\"caption__date\">Mi\u00e9rcoles 29, Abril<\/span>\n                                     <a href=\"https:\/\/www.uoh.cl\/equidad-de-genero-y-diversidades\/reflexion-universitaria-uoh-inaugura-ano-academico-2026-pensando-en-los-desafios-de-la-educacion-superior\/\">\n                                    <h3 class=\"small-space\">Reflexi\u00f3n universitaria: UOH inaugura A\u00f1o Acad\u00e9mico 2026 pensando en los desaf\u00edos de la Educaci\u00f3n Superior<\/h3><\/a>\n\n                                    <p>La ceremonia promovi\u00f3 el an\u00e1lisis acerca de los cambios educativos que se avecinan dentro de los procesos de formaci\u00f3n universitaria ajustados a contextos digitales.   <\/p>\n                                    <a class=\"link link--bold mt-md-3\" href=\"https:\/\/www.uoh.cl\/equidad-de-genero-y-diversidades\/reflexion-universitaria-uoh-inaugura-ano-academico-2026-pensando-en-los-desafios-de-la-educacion-superior\/\">Saber m\u00e1s <span class=\"icon icon--inline icon--link\"><svg version=\"1.1\" xmlns=\"http:\/\/www.w3.org\/2000\/svg\" xmlns:xlink=\"http:\/\/www.w3.org\/1999\/xlink\" x=\"0px\" y=\"0px\" width=\"22px\"height=\"22px\" viewBox=\"0 0 22 22\" style=\"overflow:visible;enable-background:new 0 0 80 64.6;\" xml:space=\"preserve\"><g clip-path=\"url(#acA)\"><path fill-rule=\"evenodd\" d=\"M21.913 11.266a.93.93 0 000-.711c-.022-.056-.063-.097-.091-.144s-.053-.103-.097-.15L12.306.294c-.357-.379-.955-.394-1.334-.038s-.394.955-.038 1.334l7.917 8.374H.927a.95.95 0 00-.908.983.946.946 0 00.908.908h17.924l-8.089 8.552c-.357.379-.341.977.034 1.334s.977.341 1.334-.034l9.594-10.148c.044-.044.063-.1.097-.15.028-.047.069-.088.091-.141z\"\/><\/g><defs><clipPath id=\"acA\"><path fill=\"#fff\" d=\"M0 0h22v22H0z\"\/><\/clipPath><\/defs><\/svg><\/span><\/a><\/div><\/div><\/div><div class=\"  col-sm-6 col-md-4 img-article\">\n                                        <div class=\"content-news-display row m-0 p-0\"><div class=\"holder p-0 \"><div class=\"img-wrap img-wrap-news\">\n                                        <div class=\"caption__news-category\">\n                                        <a href=\"https:\/\/www.uoh.cl\/equidad-de-genero-y-diversidades\/category\/cuech\/\">\n                                        CUECH<\/a><\/div><img decoding=\"async\" class=\"w-100 h-100 lazyload\" data-src=\"https:\/\/www.uoh.cl\/equidad-de-genero-y-diversidades\/wp-content\/uploads\/sites\/20\/2026\/04\/DSC_2431-scaled.jpg\" alt=\"Universidades estatales sellan hoja de ruta 2030: Red Desarrollo Sustentable entra en fase de consolidaci\u00f3n\" style=\"--smush-placeholder-width: 2560px; --smush-placeholder-aspect-ratio: 2560\/1707;object-fit: cover; object-position: center;\" src=\"data:image\/svg+xml;base64,PHN2ZyB3aWR0aD0iMSIgaGVpZ2h0PSIxIiB4bWxucz0iaHR0cDovL3d3dy53My5vcmcvMjAwMC9zdmciPjwvc3ZnPg==\"><\/div><\/div><div class=\"caption py-3 caption__news py-md-3 pb-md-5\">\n                                    <span class=\"caption__date\">Mi\u00e9rcoles 15, Abril<\/span>\n                                     <a href=\"https:\/\/www.uoh.cl\/equidad-de-genero-y-diversidades\/universidades-estatales-sellan-hoja-de-ruta-2030-red-desarrollo-sustentable-entra-en-fase-de-consolidacion\/\">\n                                    <h3 class=\"small-space\">Universidades estatales sellan hoja de ruta 2030: Red Desarrollo Sustentable entra en fase de consolidaci\u00f3n<\/h3><\/a>\n\n                                    <p>En el Plenario realizado en la Universidad de O'Higgins, los 18 planteles p\u00fablicos definieron sus metas estrat\u00e9gicas para el periodo 2026-2030. El plan priorizar\u00e1 la institucionalizaci\u00f3n de capacidades, un diplomado para organismos p\u00fablicos y la medici\u00f3n de la huella h\u00eddrica en los campus.<\/p>\n                                    <a class=\"link link--bold mt-md-3\" href=\"https:\/\/www.uoh.cl\/equidad-de-genero-y-diversidades\/universidades-estatales-sellan-hoja-de-ruta-2030-red-desarrollo-sustentable-entra-en-fase-de-consolidacion\/\">Saber m\u00e1s <span class=\"icon icon--inline icon--link\"><svg version=\"1.1\" xmlns=\"http:\/\/www.w3.org\/2000\/svg\" xmlns:xlink=\"http:\/\/www.w3.org\/1999\/xlink\" x=\"0px\" y=\"0px\" width=\"22px\"height=\"22px\" viewBox=\"0 0 22 22\" style=\"overflow:visible;enable-background:new 0 0 80 64.6;\" xml:space=\"preserve\"><g clip-path=\"url(#acA)\"><path fill-rule=\"evenodd\" d=\"M21.913 11.266a.93.93 0 000-.711c-.022-.056-.063-.097-.091-.144s-.053-.103-.097-.15L12.306.294c-.357-.379-.955-.394-1.334-.038s-.394.955-.038 1.334l7.917 8.374H.927a.95.95 0 00-.908.983.946.946 0 00.908.908h17.924l-8.089 8.552c-.357.379-.341.977.034 1.334s.977.341 1.334-.034l9.594-10.148c.044-.044.063-.1.097-.15.028-.047.069-.088.091-.141z\"\/><\/g><defs><clipPath id=\"acA\"><path fill=\"#fff\" d=\"M0 0h22v22H0z\"\/><\/clipPath><\/defs><\/svg><\/span><\/a><\/div><\/div><\/div><div class=\"  col-sm-6 col-md-4 img-article\">\n                                        <div class=\"content-news-display row m-0 p-0\"><div class=\"holder p-0 \"><div class=\"img-wrap img-wrap-news\">\n                                        <div class=\"caption__news-category\">\n                                        <a href=\"https:\/\/www.uoh.cl\/equidad-de-genero-y-diversidades\/category\/genero\/\">\n                                        G\u00e9nero<\/a><\/div><img decoding=\"async\" class=\"w-100 h-100 lazyload\" data-src=\"https:\/\/www.uoh.cl\/equidad-de-genero-y-diversidades\/wp-content\/uploads\/sites\/20\/2026\/04\/IMG_0028-scaled.jpg\" alt=\"Charlas, cultura y encuentros marcaron la conmemoraci\u00f3n del Mes de las Mujeres en la UOH\" style=\"--smush-placeholder-width: 2560px; --smush-placeholder-aspect-ratio: 2560\/1707;object-fit: cover; object-position: center;\" src=\"data:image\/svg+xml;base64,PHN2ZyB3aWR0aD0iMSIgaGVpZ2h0PSIxIiB4bWxucz0iaHR0cDovL3d3dy53My5vcmcvMjAwMC9zdmciPjwvc3ZnPg==\"><\/div><\/div><div class=\"caption py-3 caption__news py-md-3 pb-md-5\">\n                                    <span class=\"caption__date\">Lunes 6, Abril<\/span>\n                                     <a href=\"https:\/\/www.uoh.cl\/equidad-de-genero-y-diversidades\/charlas-cultura-y-encuentros-marcaron-la-conmemoracion-del-mes-de-las-mujeres-en-la-uoh\/\">\n                                    <h3 class=\"small-space\">Charlas, cultura y encuentros marcaron la conmemoraci\u00f3n del Mes de las Mujeres en la UOH<\/h3><\/a>\n\n                                    <p>Durante marzo, nuestra Casa de Estudios promovi\u00f3 el di\u00e1logo y la reflexi\u00f3n en torno a los derechos de las mujeres. Las iniciativas reunieron a estudiantes, acad\u00e9micas\/os y funcionarias\/os en espacios de reflexi\u00f3n y participaci\u00f3n. <\/p>\n                                    <a class=\"link link--bold mt-md-3\" href=\"https:\/\/www.uoh.cl\/equidad-de-genero-y-diversidades\/charlas-cultura-y-encuentros-marcaron-la-conmemoracion-del-mes-de-las-mujeres-en-la-uoh\/\">Saber m\u00e1s <span class=\"icon icon--inline icon--link\"><svg version=\"1.1\" xmlns=\"http:\/\/www.w3.org\/2000\/svg\" xmlns:xlink=\"http:\/\/www.w3.org\/1999\/xlink\" x=\"0px\" y=\"0px\" width=\"22px\"height=\"22px\" viewBox=\"0 0 22 22\" style=\"overflow:visible;enable-background:new 0 0 80 64.6;\" xml:space=\"preserve\"><g clip-path=\"url(#acA)\"><path fill-rule=\"evenodd\" d=\"M21.913 11.266a.93.93 0 000-.711c-.022-.056-.063-.097-.091-.144s-.053-.103-.097-.15L12.306.294c-.357-.379-.955-.394-1.334-.038s-.394.955-.038 1.334l7.917 8.374H.927a.95.95 0 00-.908.983.946.946 0 00.908.908h17.924l-8.089 8.552c-.357.379-.341.977.034 1.334s.977.341 1.334-.034l9.594-10.148c.044-.044.063-.1.097-.15.028-.047.069-.088.091-.141z\"\/><\/g><defs><clipPath id=\"acA\"><path fill=\"#fff\" d=\"M0 0h22v22H0z\"\/><\/clipPath><\/defs><\/svg><\/span><\/a><\/div><\/div><\/div><\/div><\/div><\/div><div class=\"pagination justify-content-center my-5\"><span aria-current=\"page\" class=\"page-numbers current\">1<\/span>\n<a class=\"page-numbers\" href=\"https:\/\/www.uoh.cl\/equidad-de-genero-y-diversidades\/wp-json\/wp\/v2\/posts\/562\/\/page\/2\">2<\/a>\n<a class=\"page-numbers\" href=\"https:\/\/www.uoh.cl\/equidad-de-genero-y-diversidades\/wp-json\/wp\/v2\/posts\/562\/\/page\/3\">3<\/a>\n<span class=\"page-numbers dots\">&hellip;<\/span>\n<a class=\"page-numbers\" href=\"https:\/\/www.uoh.cl\/equidad-de-genero-y-diversidades\/wp-json\/wp\/v2\/posts\/562\/\/page\/66\">66<\/a>\n<a class=\"next page-numbers\" href=\"https:\/\/www.uoh.cl\/equidad-de-genero-y-diversidades\/wp-json\/wp\/v2\/posts\/562\/\/page\/2\"><div class=\"icon-pagination-next\"> <?xml version=\"1.0\" ?><svg viewBox=\"0 0 96 96\" xmlns=\"http:\/\/www.w3.org\/2000\/svg\"><title\/><path d=\"M39.3756,48.0022l30.47-25.39a6.0035,6.0035,0,0,0-7.6878-9.223L26.1563,43.3906a6.0092,6.0092,0,0,0,0,9.2231L62.1578,82.615a6.0035,6.0035,0,0,0,7.6878-9.2231Z\"\/><\/svg> <\/div><\/a><\/div>[\/vc_column_inner][\/vc_row_inner][\/vc_column][\/vc_row][\/vc_section]<\/p>\n<\/div>","protected":false},"excerpt":{"rendered":"<p> La pel\u00edcula, que se estrena con entrada liberada el pr\u00f3ximo 25 de agosto a las 18:30 horas, en el auditorio de la Universidad Estatal de O\u2019Higgins (UOH), trae consigo la remembranza hist\u00f3rica que define al director, el cual vuelve a conectar a la sociedad chilena con su pasado y su realidad presente. <\/p>\n","protected":false},"author":34,"featured_media":563,"comment_status":"open","ping_status":"open","sticky":false,"template":"","format":"standard","meta":{"_acf_changed":false,"footnotes":""},"categories":[32],"tags":[],"class_list":["post-562","post","type-post","status-publish","format-standard","has-post-thumbnail","hentry","category-extension"],"acf":[],"yoast_head":"<!-- This site is optimized with the Yoast SEO plugin v26.6 - https:\/\/yoast.com\/wordpress\/plugins\/seo\/ -->\n<title>\u201cMi Pa\u00eds Imaginario\u201d: El documental de Patricio Guzm\u00e1n empe\u00f1ado en conservar la memoria chilena - Equidad de Genero y Diversidades<\/title>\n<meta name=\"description\" content=\"La pel\u00edcula, que se estrena con entrada liberada el pr\u00f3ximo 25 de agosto a las 18:30 horas, en el auditorio de la Universidad Estatal de O\u2019Higgins (UOH), trae consigo la remembranza hist\u00f3rica que define al director, el cual vuelve a conectar a la sociedad chilena con su pasado y su realidad presente.\" \/>\n<meta name=\"robots\" content=\"noindex, nofollow\" \/>\n<meta property=\"og:locale\" content=\"es_ES\" \/>\n<meta property=\"og:type\" content=\"article\" \/>\n<meta property=\"og:title\" content=\"\u201cMi Pa\u00eds Imaginario\u201d: El documental de Patricio Guzm\u00e1n empe\u00f1ado en conservar la memoria chilena - Equidad de Genero y Diversidades\" \/>\n<meta property=\"og:description\" content=\"La pel\u00edcula, que se estrena con entrada liberada el pr\u00f3ximo 25 de agosto a las 18:30 horas, en el auditorio de la Universidad Estatal de O\u2019Higgins (UOH), trae consigo la remembranza hist\u00f3rica que define al director, el cual vuelve a conectar a la sociedad chilena con su pasado y su realidad presente.\" \/>\n<meta property=\"og:url\" content=\"https:\/\/www.uoh.cl\/equidad-de-genero-y-diversidades\/mi-pais-imaginario-el-documental-de-patricio-guzman-empenado-en-conservar-la-memoria-chilena\/\" \/>\n<meta property=\"og:site_name\" content=\"Equidad de Genero y Diversidades\" \/>\n<meta property=\"article:published_time\" content=\"2022-08-24T15:22:35+00:00\" \/>\n<meta property=\"og:image\" content=\"https:\/\/www.uoh.cl\/equidad-de-genero-y-diversidades\/wp-content\/uploads\/sites\/20\/2022\/08\/Mi-pais-imaginario-1.jpg\" \/>\n\t<meta property=\"og:image:width\" content=\"1500\" \/>\n\t<meta property=\"og:image:height\" content=\"1000\" \/>\n\t<meta property=\"og:image:type\" content=\"image\/jpeg\" \/>\n<meta name=\"author\" content=\"Universidad de O&#039;Higgins\" \/>\n<meta name=\"twitter:card\" content=\"summary_large_image\" \/>\n<meta name=\"twitter:label1\" content=\"Escrito por\" \/>\n\t<meta name=\"twitter:data1\" content=\"Universidad de O&#039;Higgins\" \/>\n\t<meta name=\"twitter:label2\" content=\"Tiempo estimado de lectura\" \/>\n\t<meta name=\"twitter:data2\" content=\"4 minutos\" \/>\n<script type=\"application\/ld+json\" class=\"yoast-schema-graph\">{\"@context\":\"https:\/\/schema.org\",\"@graph\":[{\"@type\":\"WebPage\",\"@id\":\"https:\/\/www.uoh.cl\/equidad-de-genero-y-diversidades\/mi-pais-imaginario-el-documental-de-patricio-guzman-empenado-en-conservar-la-memoria-chilena\/\",\"url\":\"https:\/\/www.uoh.cl\/equidad-de-genero-y-diversidades\/mi-pais-imaginario-el-documental-de-patricio-guzman-empenado-en-conservar-la-memoria-chilena\/\",\"name\":\"\u201cMi Pa\u00eds Imaginario\u201d: El documental de Patricio Guzm\u00e1n empe\u00f1ado en conservar la memoria chilena - Equidad de Genero y Diversidades\",\"isPartOf\":{\"@id\":\"https:\/\/www.uoh.cl\/equidad-de-genero-y-diversidades\/#website\"},\"primaryImageOfPage\":{\"@id\":\"https:\/\/www.uoh.cl\/equidad-de-genero-y-diversidades\/mi-pais-imaginario-el-documental-de-patricio-guzman-empenado-en-conservar-la-memoria-chilena\/#primaryimage\"},\"image\":{\"@id\":\"https:\/\/www.uoh.cl\/equidad-de-genero-y-diversidades\/mi-pais-imaginario-el-documental-de-patricio-guzman-empenado-en-conservar-la-memoria-chilena\/#primaryimage\"},\"thumbnailUrl\":\"https:\/\/www.uoh.cl\/equidad-de-genero-y-diversidades\/wp-content\/uploads\/sites\/20\/2022\/08\/Mi-pais-imaginario-1.jpg\",\"datePublished\":\"2022-08-24T15:22:35+00:00\",\"author\":{\"@id\":\"https:\/\/www.uoh.cl\/equidad-de-genero-y-diversidades\/#\/schema\/person\/ea242e676c7d6d7e46fc8b9e39486c4f\"},\"description\":\"La pel\u00edcula, que se estrena con entrada liberada el pr\u00f3ximo 25 de agosto a las 18:30 horas, en el auditorio de la Universidad Estatal de O\u2019Higgins (UOH), trae consigo la remembranza hist\u00f3rica que define al director, el cual vuelve a conectar a la sociedad chilena con su pasado y su realidad presente.\",\"inLanguage\":\"es-CL\",\"potentialAction\":[{\"@type\":\"ReadAction\",\"target\":[\"https:\/\/www.uoh.cl\/equidad-de-genero-y-diversidades\/mi-pais-imaginario-el-documental-de-patricio-guzman-empenado-en-conservar-la-memoria-chilena\/\"]}]},{\"@type\":\"ImageObject\",\"inLanguage\":\"es-CL\",\"@id\":\"https:\/\/www.uoh.cl\/equidad-de-genero-y-diversidades\/mi-pais-imaginario-el-documental-de-patricio-guzman-empenado-en-conservar-la-memoria-chilena\/#primaryimage\",\"url\":\"https:\/\/www.uoh.cl\/equidad-de-genero-y-diversidades\/wp-content\/uploads\/sites\/20\/2022\/08\/Mi-pais-imaginario-1.jpg\",\"contentUrl\":\"https:\/\/www.uoh.cl\/equidad-de-genero-y-diversidades\/wp-content\/uploads\/sites\/20\/2022\/08\/Mi-pais-imaginario-1.jpg\",\"width\":1500,\"height\":1000},{\"@type\":\"WebSite\",\"@id\":\"https:\/\/www.uoh.cl\/equidad-de-genero-y-diversidades\/#website\",\"url\":\"https:\/\/www.uoh.cl\/equidad-de-genero-y-diversidades\/\",\"name\":\"Equidad de Genero y Diversidades\",\"description\":\"Otro sitio de Sitios de Universidad O'higgins\",\"potentialAction\":[{\"@type\":\"SearchAction\",\"target\":{\"@type\":\"EntryPoint\",\"urlTemplate\":\"https:\/\/www.uoh.cl\/equidad-de-genero-y-diversidades\/?s={search_term_string}\"},\"query-input\":{\"@type\":\"PropertyValueSpecification\",\"valueRequired\":true,\"valueName\":\"search_term_string\"}}],\"inLanguage\":\"es-CL\"},{\"@type\":\"Person\",\"@id\":\"https:\/\/www.uoh.cl\/equidad-de-genero-y-diversidades\/#\/schema\/person\/ea242e676c7d6d7e46fc8b9e39486c4f\",\"name\":\"Universidad de O'Higgins\",\"image\":{\"@type\":\"ImageObject\",\"inLanguage\":\"es-CL\",\"@id\":\"https:\/\/www.uoh.cl\/equidad-de-genero-y-diversidades\/#\/schema\/person\/image\/\",\"url\":\"https:\/\/secure.gravatar.com\/avatar\/78fcb76ca05efae11fd355943c01a832a29786cc00d85b1a82c301bea2b2a214?s=96&d=mm&r=g\",\"contentUrl\":\"https:\/\/secure.gravatar.com\/avatar\/78fcb76ca05efae11fd355943c01a832a29786cc00d85b1a82c301bea2b2a214?s=96&d=mm&r=g\",\"caption\":\"Universidad de O'Higgins\"}}]}<\/script>\n<!-- \/ Yoast SEO plugin. -->","yoast_head_json":{"title":"\u201cMi Pa\u00eds Imaginario\u201d: El documental de Patricio Guzm\u00e1n empe\u00f1ado en conservar la memoria chilena - Equidad de Genero y Diversidades","description":"La pel\u00edcula, que se estrena con entrada liberada el pr\u00f3ximo 25 de agosto a las 18:30 horas, en el auditorio de la Universidad Estatal de O\u2019Higgins (UOH), trae consigo la remembranza hist\u00f3rica que define al director, el cual vuelve a conectar a la sociedad chilena con su pasado y su realidad presente.","robots":{"index":"noindex","follow":"nofollow"},"og_locale":"es_ES","og_type":"article","og_title":"\u201cMi Pa\u00eds Imaginario\u201d: El documental de Patricio Guzm\u00e1n empe\u00f1ado en conservar la memoria chilena - Equidad de Genero y Diversidades","og_description":"La pel\u00edcula, que se estrena con entrada liberada el pr\u00f3ximo 25 de agosto a las 18:30 horas, en el auditorio de la Universidad Estatal de O\u2019Higgins (UOH), trae consigo la remembranza hist\u00f3rica que define al director, el cual vuelve a conectar a la sociedad chilena con su pasado y su realidad presente.","og_url":"https:\/\/www.uoh.cl\/equidad-de-genero-y-diversidades\/mi-pais-imaginario-el-documental-de-patricio-guzman-empenado-en-conservar-la-memoria-chilena\/","og_site_name":"Equidad de Genero y Diversidades","article_published_time":"2022-08-24T15:22:35+00:00","og_image":[{"width":1500,"height":1000,"url":"https:\/\/www.uoh.cl\/equidad-de-genero-y-diversidades\/wp-content\/uploads\/sites\/20\/2022\/08\/Mi-pais-imaginario-1.jpg","type":"image\/jpeg"}],"author":"Universidad de O'Higgins","twitter_card":"summary_large_image","twitter_misc":{"Escrito por":"Universidad de O'Higgins","Tiempo estimado de lectura":"4 minutos"},"schema":{"@context":"https:\/\/schema.org","@graph":[{"@type":"WebPage","@id":"https:\/\/www.uoh.cl\/equidad-de-genero-y-diversidades\/mi-pais-imaginario-el-documental-de-patricio-guzman-empenado-en-conservar-la-memoria-chilena\/","url":"https:\/\/www.uoh.cl\/equidad-de-genero-y-diversidades\/mi-pais-imaginario-el-documental-de-patricio-guzman-empenado-en-conservar-la-memoria-chilena\/","name":"\u201cMi Pa\u00eds Imaginario\u201d: El documental de Patricio Guzm\u00e1n empe\u00f1ado en conservar la memoria chilena - Equidad de Genero y Diversidades","isPartOf":{"@id":"https:\/\/www.uoh.cl\/equidad-de-genero-y-diversidades\/#website"},"primaryImageOfPage":{"@id":"https:\/\/www.uoh.cl\/equidad-de-genero-y-diversidades\/mi-pais-imaginario-el-documental-de-patricio-guzman-empenado-en-conservar-la-memoria-chilena\/#primaryimage"},"image":{"@id":"https:\/\/www.uoh.cl\/equidad-de-genero-y-diversidades\/mi-pais-imaginario-el-documental-de-patricio-guzman-empenado-en-conservar-la-memoria-chilena\/#primaryimage"},"thumbnailUrl":"https:\/\/www.uoh.cl\/equidad-de-genero-y-diversidades\/wp-content\/uploads\/sites\/20\/2022\/08\/Mi-pais-imaginario-1.jpg","datePublished":"2022-08-24T15:22:35+00:00","author":{"@id":"https:\/\/www.uoh.cl\/equidad-de-genero-y-diversidades\/#\/schema\/person\/ea242e676c7d6d7e46fc8b9e39486c4f"},"description":"La pel\u00edcula, que se estrena con entrada liberada el pr\u00f3ximo 25 de agosto a las 18:30 horas, en el auditorio de la Universidad Estatal de O\u2019Higgins (UOH), trae consigo la remembranza hist\u00f3rica que define al director, el cual vuelve a conectar a la sociedad chilena con su pasado y su realidad presente.","inLanguage":"es-CL","potentialAction":[{"@type":"ReadAction","target":["https:\/\/www.uoh.cl\/equidad-de-genero-y-diversidades\/mi-pais-imaginario-el-documental-de-patricio-guzman-empenado-en-conservar-la-memoria-chilena\/"]}]},{"@type":"ImageObject","inLanguage":"es-CL","@id":"https:\/\/www.uoh.cl\/equidad-de-genero-y-diversidades\/mi-pais-imaginario-el-documental-de-patricio-guzman-empenado-en-conservar-la-memoria-chilena\/#primaryimage","url":"https:\/\/www.uoh.cl\/equidad-de-genero-y-diversidades\/wp-content\/uploads\/sites\/20\/2022\/08\/Mi-pais-imaginario-1.jpg","contentUrl":"https:\/\/www.uoh.cl\/equidad-de-genero-y-diversidades\/wp-content\/uploads\/sites\/20\/2022\/08\/Mi-pais-imaginario-1.jpg","width":1500,"height":1000},{"@type":"WebSite","@id":"https:\/\/www.uoh.cl\/equidad-de-genero-y-diversidades\/#website","url":"https:\/\/www.uoh.cl\/equidad-de-genero-y-diversidades\/","name":"Equidad de Genero y Diversidades","description":"Otro sitio de Sitios de Universidad O'higgins","potentialAction":[{"@type":"SearchAction","target":{"@type":"EntryPoint","urlTemplate":"https:\/\/www.uoh.cl\/equidad-de-genero-y-diversidades\/?s={search_term_string}"},"query-input":{"@type":"PropertyValueSpecification","valueRequired":true,"valueName":"search_term_string"}}],"inLanguage":"es-CL"},{"@type":"Person","@id":"https:\/\/www.uoh.cl\/equidad-de-genero-y-diversidades\/#\/schema\/person\/ea242e676c7d6d7e46fc8b9e39486c4f","name":"Universidad de O'Higgins","image":{"@type":"ImageObject","inLanguage":"es-CL","@id":"https:\/\/www.uoh.cl\/equidad-de-genero-y-diversidades\/#\/schema\/person\/image\/","url":"https:\/\/secure.gravatar.com\/avatar\/78fcb76ca05efae11fd355943c01a832a29786cc00d85b1a82c301bea2b2a214?s=96&d=mm&r=g","contentUrl":"https:\/\/secure.gravatar.com\/avatar\/78fcb76ca05efae11fd355943c01a832a29786cc00d85b1a82c301bea2b2a214?s=96&d=mm&r=g","caption":"Universidad de O'Higgins"}}]}},"_links":{"self":[{"href":"https:\/\/www.uoh.cl\/equidad-de-genero-y-diversidades\/wp-json\/wp\/v2\/posts\/562","targetHints":{"allow":["GET"]}}],"collection":[{"href":"https:\/\/www.uoh.cl\/equidad-de-genero-y-diversidades\/wp-json\/wp\/v2\/posts"}],"about":[{"href":"https:\/\/www.uoh.cl\/equidad-de-genero-y-diversidades\/wp-json\/wp\/v2\/types\/post"}],"author":[{"embeddable":true,"href":"https:\/\/www.uoh.cl\/equidad-de-genero-y-diversidades\/wp-json\/wp\/v2\/users\/34"}],"replies":[{"embeddable":true,"href":"https:\/\/www.uoh.cl\/equidad-de-genero-y-diversidades\/wp-json\/wp\/v2\/comments?post=562"}],"version-history":[{"count":0,"href":"https:\/\/www.uoh.cl\/equidad-de-genero-y-diversidades\/wp-json\/wp\/v2\/posts\/562\/revisions"}],"wp:featuredmedia":[{"embeddable":true,"href":"https:\/\/www.uoh.cl\/equidad-de-genero-y-diversidades\/wp-json\/wp\/v2\/media\/563"}],"wp:attachment":[{"href":"https:\/\/www.uoh.cl\/equidad-de-genero-y-diversidades\/wp-json\/wp\/v2\/media?parent=562"}],"wp:term":[{"taxonomy":"category","embeddable":true,"href":"https:\/\/www.uoh.cl\/equidad-de-genero-y-diversidades\/wp-json\/wp\/v2\/categories?post=562"},{"taxonomy":"post_tag","embeddable":true,"href":"https:\/\/www.uoh.cl\/equidad-de-genero-y-diversidades\/wp-json\/wp\/v2\/tags?post=562"}],"curies":[{"name":"wp","href":"https:\/\/api.w.org\/{rel}","templated":true}]}}