
{"id":1868,"date":"2024-06-14T09:35:32","date_gmt":"2024-06-14T12:35:32","guid":{"rendered":"https:\/\/www.uoh.cl\/equidad-de-genero-y-diversidades\/uoh-celebra-el-mes-del-orgullo-con-la-campana-el-orgullo-de-ser-tu\/"},"modified":"2024-06-14T09:35:32","modified_gmt":"2024-06-14T12:35:32","slug":"uoh-celebra-el-mes-del-orgullo-con-la-campana-el-orgullo-de-ser-tu","status":"publish","type":"post","link":"https:\/\/www.uoh.cl\/equidad-de-genero-y-diversidades\/uoh-celebra-el-mes-del-orgullo-con-la-campana-el-orgullo-de-ser-tu\/","title":{"rendered":"UOH celebra el Mes del Orgullo con la Campa\u00f1a &#8220;El Orgullo de Ser T\u00fa&#8221;"},"content":{"rendered":"<div class=\"wpb-content-wrapper\"><p>[vc_section el_class=&#8221;container mx-auto align-items-center circle&#8211;pattern&#8221; css=&#8221;.vc_custom_1648956589196{padding-top: 3rem !important;}&#8221;][vc_row][vc_column]<div class=\"breadcrumb\"><ol itemscope itemtype=\"https:\/\/schema.org\/BreadcrumbList\"><li itemprop=\"itemListElement\" itemscope itemtype=\"https:\/\/schema.org\/ListItem\"><a itemprop=\"item\" href=\"http:\/\/www.uoh.cl\"><span itemprop=\"name\">Inicio<\/span><\/a><meta itemprop=\"position\" content=\"1\" \/><li itemprop=\"itemListElement\" itemscope itemtype=\"https:\/\/schema.org\/ListItem\"><a itemprop=\"item\" href=\"https:\/\/www.uoh.cl\/equidad-de-genero-y-diversidades\"><span itemprop=\"name\">Equidad de Genero y Diversidades<\/span><\/a><meta itemprop=\"position\" content=\"2\" \/><li itemprop=\"itemListElement\" itemscope itemtype=\"https:\/\/schema.org\/ListItem\"><span itemprop=\"name\">UOH celebra el Mes del Orgullo con la Campa\u00f1a &#8220;El <\/span><meta itemprop=\"position\" content=\"3\" \/><\/ol><\/div><ul class=\"p-0 list-style-none d-inline-block\"><li class=\"p-0\"><a href=https:\/\/www.uoh.cl\/equidad-de-genero-y-diversidades\/category\/genero\/ class=\"px-1 py-2\">G\u00e9nero<\/a><\/li><\/ul><div class=\"date_publish_post\"> \u25cf Vie 14 de Junio 2024<\/div><div class=\"uoh_title_component-container\"><h1 class=\"title title--ms d-inline-block title--decorator  big\">UOH celebra el Mes del Orgullo con la Campa\u00f1a &#8220;El Orgullo de Ser T\u00fa&#8221;<\/h1><\/div>[vc_row_inner el_class=&#8221;border-separator m-0&#8243;][vc_column_inner width=&#8221;2\/3&#8243;]<div class=\"author_wp_class\"> Escrito por <span>Universidad de O'Higgins<\/span><\/div>[\/vc_column_inner][vc_column_inner el_class=&#8221;align-items-end-publish&#8221; width=&#8221;1\/3&#8243;]<div class=\"uoh_social_network_component uoh_row col-12 justify-content-end m-0 p-0\"> <div class=\"icon__facebook-share-button\">\n                       <a href=\"https:\/\/www.facebook.com\/sharer\/sharer.php?u=https:\/\/www.uoh.cl\/equidad-de-genero-y-diversidades\/uoh-celebra-el-mes-del-orgullo-con-la-campana-el-orgullo-de-ser-tu\/\" target=\"_blank\"> <div class=\"icon__facebook-svg\"><svg version=\"1.1\" xmlns=\"http:\/\/www.w3.org\/2000\/svg\" xmlns:xlink=\"http:\/\/www.w3.org\/1999\/xlink\" x=\"0px\" y=\"0px\" width=\"22.4px\" height=\"48.3px\" viewBox=\"0 0 22.4 48.3\" style=\"overflow:visible;enable-background:new 0 0 22.4 48.3;\" xml:space=\"preserve\">\n                <defs>\n                <\/defs>\n                <path class=\"st0\" d=\"M22.4,15.6h-7.6v-5c0-1.9,1.2-2.3,2.1-2.3c0.9,0,5.4,0,5.4,0V0l-7.4,0C6.6,0,4.8,6.2,4.8,10.1v5.5H0v8.5h4.8\n                    c0,10.9,0,24.1,0,24.1h10c0,0,0-13.3,0-24.1h6.8L22.4,15.6z\"><\/path>\n                <\/svg><\/a><\/div>\n                    <\/div><div class=\"icon__twitter-share-button\">\n                        <div class=\"icon__twitter-svg\"><a target=\"_blank\" href=\"http:\/\/twitter.com\/share?url=https:\/\/www.uoh.cl\/equidad-de-genero-y-diversidades\/uoh-celebra-el-mes-del-orgullo-con-la-campana-el-orgullo-de-ser-tu\/\"><svg xmlns=\"http:\/\/www.w3.org\/2000\/svg\" height=\"1em\" viewBox=\"0 0 512 512\"><!--! Font Awesome Free 6.4.2 by @fontawesome - https:\/\/fontawesome.com License - https:\/\/fontawesome.com\/license (Commercial License) Copyright 2023 Fonticons, Inc. --><path d=\"M389.2 48h70.6L305.6 224.2 487 464H345L233.7 318.6 106.5 464H35.8L200.7 275.5 26.8 48H172.4L272.9 180.9 389.2 48zM364.4 421.8h39.1L151.1 88h-42L364.4 421.8z\"\/><\/svg><\/a><\/div>\n                        <\/div><div class=\"icon__linkedin-share-button\">\n                        <div class=\"icon__linkedin-svg\">\n                        <a target=\"__blank\" href=\"https:\/\/www.linkedin.com\/sharing\/share-offsite\/?url=https:\/\/www.uoh.cl\/equidad-de-genero-y-diversidades\/uoh-celebra-el-mes-del-orgullo-con-la-campana-el-orgullo-de-ser-tu\/\"><svg enable-background=\"new 0 0 100 100\" height=\"100px\" id=\"Layer_1\" version=\"1.1\" viewBox=\"0 0 100 100\" width=\"100px\" xml:space=\"preserve\" xmlns=\"http:\/\/www.w3.org\/2000\/svg\" xmlns:xlink=\"http:\/\/www.w3.org\/1999\/xlink\"><g><circle cx=\"50\" cy=\"50\" fill=\"#ccc\" r=\"45\"\/><g id=\"LinkedIn_1_\"><rect fill=\"#FFFFFF\" height=\"24.361\" width=\"7.69\" x=\"31.271\" y=\"43.569\"\/><path d=\"M59.968,43.334c-4.406,0-7.165,2.387-7.677,4.058v-3.823h-8.636c0.109,2.03,0,24.361,0,24.361h8.636    V54.748c0-0.733-0.034-1.465,0.19-1.991c0.594-1.464,1.869-2.985,4.162-2.985c2.998,0,4.361,2.253,4.361,5.552V67.93h8.721V54.384    C69.726,46.839,65.432,43.334,59.968,43.334z\" fill=\"#FFFFFF\"\/><path d=\"M34.973,32.069c-2.839,0-4.696,1.823-4.696,4.229c0,2.361,1.804,4.224,4.589,4.224h0.054    c2.891,0,4.69-1.869,4.69-4.229C39.555,33.888,37.81,32.069,34.973,32.069z\" fill=\"#FFFFFF\"\/><\/g><\/g><\/svg><\/a><\/div>\n\n            <\/div><\/div>[\/vc_column_inner][\/vc_row_inner][vc_single_image image=&#8221;34724&#8243; img_size=&#8221;full&#8221; add_caption=&#8221;yes&#8221; alignment=&#8221;center&#8221; onclick=&#8221;img_link_large&#8221; img_link_target=&#8221;_blank&#8221; css=&#8221;&#8221;][vc_column_text]\u00a0[\/vc_column_text][vc_column_text css=&#8221;&#8221;]<\/p>\n<ul>\n<li><em>En el marco de la celebraci\u00f3n del Mes de la visibilidad de las diversidades LGBTIQA+, la Universidad de O&#8217;Higgins, a trav\u00e9s de su Direcci\u00f3n de Equidad de G\u00e9nero y Diversidades, anuncia una serie de actividades bajo la campa\u00f1a &#8220;El Orgullo de Ser T\u00fa&#8221;. <\/em><\/li>\n<\/ul>\n<p>[\/vc_column_text][vc_column_text]\u00a0[\/vc_column_text][vc_column_text css=&#8221;&#8221;]Como todos los a\u00f1os, en los campus Rancagua y Colchagua, se realiza el acto simb\u00f3lico de instalaci\u00f3n de la bandera de las diversidades, que busca visibilizar el compromiso que tiene la casa de estudios con el respeto hacia todas las identidades de g\u00e9nero, promoviendo la diversidad y la inclusi\u00f3n.<\/p>\n<p>La iniciativa fue encabezada por la Rectora de la <a href=\"https:\/\/www.uoh.cl\/\" target=\"_blank\" rel=\"noopener\">Universidad de O\u2019Higgins<\/a>, <a href=\"https:\/\/www.uoh.cl\/equipo\/fernanda-kri-amar\/\" target=\"_blank\" rel=\"noopener\">Fernanda Kri Amar<\/a>, y se realiz\u00f3 el pasado mi\u00e9rcoles 12 de junio en ambos campus, con la asistencia de autoridades, funcionarios\/as y estudiantes. En la ocasi\u00f3n, la primera autoridad universitaria se\u00f1al\u00f3 que \u201csomos una instituci\u00f3n comprometida con las diversidades. En la medida que somos un grupo humano m\u00e1s diverso, lograremos mejores resultados en lo que nos propongamos: en docencia, investigaci\u00f3n, gesti\u00f3n y en todo nuestro quehacer universitario. De all\u00ed la importancia de esta actividad\u201d.<\/p>\n<p>Adem\u00e1s, en cada uno de los eventos se cont\u00f3 con el testimonio de personas de la comunidad LGBTIQA+, como Alejandro Gallardo, presidente de la Fundaci\u00f3n de Apoyo a Familias Trans, y Camila Pe\u00f1a, estudiante de Medicina Veterinaria UOH; quienes, desde sus experiencias personales, expresaron las dificultades que desde la propia sociedad surgen hacia las diversidades y realizaron un llamado a lo no discriminaci\u00f3n e informarse m\u00e1s sobre la tem\u00e1tica.<\/p>\n<h4><strong>Mes del Orgullo<\/strong><\/h4>\n<p>El Mes del Orgullo en la UOH continuar\u00e1 con una serie de actividades entre las que destacan actividades de orientaci\u00f3n y formaci\u00f3n, como la capacitaci\u00f3n \u201cPromoci\u00f3n de la sexualidad plena: derechos, diversidades y prevenci\u00f3n de la violencia\u201d y la charla \u201cDiversidades relacionales: nuevas formas de amar\u201d, adem\u00e1s de una fuerte campa\u00f1a en redes sociales que abordar\u00e1 temas como el cambio de nombre social al interior de la Universidad y el uso de pronombres.<\/p>\n<p>Invitamos a toda la comunidad universitaria y al p\u00fablico en general a unirse a las diversas instancias y participar activamente en las actividades programadas.<\/p>\n<p>Para m\u00e1s informaci\u00f3n sobre la campa\u00f1a &#8220;El Orgullo de Ser T\u00fa&#8221; y el calendario de actividades, visite las redes sociales de la Direcci\u00f3n de Equidad de G\u00e9nero y Diversidades de la UOH: <a href=\"https:\/\/www.instagram.com\/genero.uoh\/\" target=\"_blank\" rel=\"noopener\">@genero.uoh<\/a>.[\/vc_column_text][vc_zigzag color=&#8221;white&#8221;][vc_row_inner][vc_column_inner width=&#8221;1\/2&#8243;][vc_single_image image=&#8221;34725&#8243; img_size=&#8221;600&#215;350&#8243; onclick=&#8221;link_image&#8221; css=&#8221;&#8221;][vc_zigzag color=&#8221;white&#8221;][\/vc_column_inner][vc_column_inner width=&#8221;1\/2&#8243;][vc_single_image image=&#8221;34726&#8243; img_size=&#8221;600&#215;350&#8243; onclick=&#8221;link_image&#8221; css=&#8221;&#8221;][vc_zigzag color=&#8221;white&#8221;][\/vc_column_inner][\/vc_row_inner][vc_row_inner][vc_column_inner width=&#8221;1\/2&#8243;][vc_single_image image=&#8221;34727&#8243; img_size=&#8221;600&#215;350&#8243; onclick=&#8221;link_image&#8221; css=&#8221;&#8221;][vc_zigzag color=&#8221;white&#8221;][\/vc_column_inner][vc_column_inner width=&#8221;1\/2&#8243;][vc_single_image image=&#8221;34728&#8243; img_size=&#8221;600&#215;350&#8243; onclick=&#8221;link_image&#8221; css=&#8221;&#8221;][vc_zigzag color=&#8221;white&#8221;][\/vc_column_inner][\/vc_row_inner][\/vc_column][\/vc_row][\/vc_section][vc_section css=&#8221;.vc_custom_1650255686594{background-color: #f6faff !important;}&#8221; el_class=&#8221;p-md-0 pt-md-5&#8243;][vc_row el_class=&#8221;container mx-auto align-items-center p-md-0 pt-5 pb-5&#8243;][vc_column el_class=&#8221;pb-5&#8243;][vc_row_inner el_class=&#8221;pb-5&#8243;][vc_column_inner]<div class=\"row m-0 p-0\"><div class=\"col-12 col-md-9 pt-5 pt-md-0\"><h2 class=\"title title--decorator title--ms d-inline-block\">Te Recomendamos<\/h2><\/div><\/div><div class=\"content-holder\"><div class=\"row  swipper-news-list not--activate-hack \"><div class=\"row -wrapper\"><div class=\"  col-sm-6 col-md-4 img-article\">\n                                        <div class=\"content-news-display row m-0 p-0\"><div class=\"holder p-0 \"><div class=\"img-wrap img-wrap-news\">\n                                        <div class=\"caption__news-category\">\n                                        <a href=\"https:\/\/www.uoh.cl\/equidad-de-genero-y-diversidades\/category\/investigacion\/\">\n                                        Investigaci\u00f3n<\/a><\/div><img decoding=\"async\" class=\"w-100 h-100 lazyload\" data-src=\"https:\/\/www.uoh.cl\/equidad-de-genero-y-diversidades\/wp-content\/uploads\/sites\/20\/2026\/08\/Frontis-Nueva.jpeg\" alt=\"UOH abre convocatoria 2026 al Fondo de Investigaci\u00f3n en G\u00e9nero y Diversidades\" style=\"--smush-placeholder-width: 1600px; --smush-placeholder-aspect-ratio: 1600\/900;object-fit: cover; object-position: center;\" src=\"data:image\/svg+xml;base64,PHN2ZyB3aWR0aD0iMSIgaGVpZ2h0PSIxIiB4bWxucz0iaHR0cDovL3d3dy53My5vcmcvMjAwMC9zdmciPjwvc3ZnPg==\"><\/div><\/div><div class=\"caption py-3 caption__news py-md-3 pb-md-5\">\n                                    <span class=\"caption__date\">Lunes 31, Agosto<\/span>\n                                     <a href=\"https:\/\/www.uoh.cl\/equidad-de-genero-y-diversidades\/uoh-abre-convocatoria-2026-al-fondo-de-investigacion-en-genero-y-diversidades\/\">\n                                    <h3 class=\"small-space\">UOH abre convocatoria 2026 al Fondo de Investigaci\u00f3n en G\u00e9nero y Diversidades<\/h3><\/a>\n\n                                    <p>La iniciativa, impulsada en conjunto por la Direcci\u00f3n de Equidad de G\u00e9nero y Diversidades y el proyecto InES G\u00e9nero UOH, busca promover y potenciar la investigaci\u00f3n en estas materias en la Universidad. <\/p>\n                                    <a class=\"link link--bold mt-md-3\" href=\"https:\/\/www.uoh.cl\/equidad-de-genero-y-diversidades\/uoh-abre-convocatoria-2026-al-fondo-de-investigacion-en-genero-y-diversidades\/\">Saber m\u00e1s <span class=\"icon icon--inline icon--link\"><svg version=\"1.1\" xmlns=\"http:\/\/www.w3.org\/2000\/svg\" xmlns:xlink=\"http:\/\/www.w3.org\/1999\/xlink\" x=\"0px\" y=\"0px\" width=\"22px\"height=\"22px\" viewBox=\"0 0 22 22\" style=\"overflow:visible;enable-background:new 0 0 80 64.6;\" xml:space=\"preserve\"><g clip-path=\"url(#acA)\"><path fill-rule=\"evenodd\" d=\"M21.913 11.266a.93.93 0 000-.711c-.022-.056-.063-.097-.091-.144s-.053-.103-.097-.15L12.306.294c-.357-.379-.955-.394-1.334-.038s-.394.955-.038 1.334l7.917 8.374H.927a.95.95 0 00-.908.983.946.946 0 00.908.908h17.924l-8.089 8.552c-.357.379-.341.977.034 1.334s.977.341 1.334-.034l9.594-10.148c.044-.044.063-.1.097-.15.028-.047.069-.088.091-.141z\"\/><\/g><defs><clipPath id=\"acA\"><path fill=\"#fff\" d=\"M0 0h22v22H0z\"\/><\/clipPath><\/defs><\/svg><\/span><\/a><\/div><\/div><\/div><div class=\"  col-sm-6 col-md-4 img-article\">\n                                        <div class=\"content-news-display row m-0 p-0\"><div class=\"holder p-0 \"><div class=\"img-wrap img-wrap-news\">\n                                        <div class=\"caption__news-category\">\n                                        <a href=\"https:\/\/www.uoh.cl\/equidad-de-genero-y-diversidades\/category\/institucional\/\">\n                                        Institucional<\/a><\/div><img decoding=\"async\" class=\"w-100 h-100 lazyload\" data-src=\"https:\/\/www.uoh.cl\/equidad-de-genero-y-diversidades\/wp-content\/uploads\/sites\/20\/2026\/08\/Pukara-2.jpeg\" alt=\"Hist\u00f3rico acuerdo permitir\u00e1 a la UOH proteger y poner en valor el Pukar\u00e1 de La Compa\u00f1\u00eda\" style=\"--smush-placeholder-width: 1600px; --smush-placeholder-aspect-ratio: 1600\/1066;object-fit: cover; object-position: center;\" src=\"data:image\/svg+xml;base64,PHN2ZyB3aWR0aD0iMSIgaGVpZ2h0PSIxIiB4bWxucz0iaHR0cDovL3d3dy53My5vcmcvMjAwMC9zdmciPjwvc3ZnPg==\"><\/div><\/div><div class=\"caption py-3 caption__news py-md-3 pb-md-5\">\n                                    <span class=\"caption__date\">Viernes 28, Agosto<\/span>\n                                     <a href=\"https:\/\/www.uoh.cl\/equidad-de-genero-y-diversidades\/historico-acuerdo-permitira-a-la-uoh-proteger-y-poner-en-valor-el-pukara-de-la-compania\/\">\n                                    <h3 class=\"small-space\">Hist\u00f3rico acuerdo permitir\u00e1 a la UOH proteger y poner en valor el Pukar\u00e1 de La Compa\u00f1\u00eda<\/h3><\/a>\n\n                                    <p>Acuerdo impulsado por el CDE permitir\u00e1 que uno de los sitios arqueol\u00f3gicos m\u00e1s importantes de Chile quede bajo el resguardo de una universidad estatal y se transforme en un espacio permanente para la investigaci\u00f3n cient\u00edfica, la educaci\u00f3n patrimonial y el desarrollo cultural de la Regi\u00f3n de O\u2019Higgins.<\/p>\n                                    <a class=\"link link--bold mt-md-3\" href=\"https:\/\/www.uoh.cl\/equidad-de-genero-y-diversidades\/historico-acuerdo-permitira-a-la-uoh-proteger-y-poner-en-valor-el-pukara-de-la-compania\/\">Saber m\u00e1s <span class=\"icon icon--inline icon--link\"><svg version=\"1.1\" xmlns=\"http:\/\/www.w3.org\/2000\/svg\" xmlns:xlink=\"http:\/\/www.w3.org\/1999\/xlink\" x=\"0px\" y=\"0px\" width=\"22px\"height=\"22px\" viewBox=\"0 0 22 22\" style=\"overflow:visible;enable-background:new 0 0 80 64.6;\" xml:space=\"preserve\"><g clip-path=\"url(#acA)\"><path fill-rule=\"evenodd\" d=\"M21.913 11.266a.93.93 0 000-.711c-.022-.056-.063-.097-.091-.144s-.053-.103-.097-.15L12.306.294c-.357-.379-.955-.394-1.334-.038s-.394.955-.038 1.334l7.917 8.374H.927a.95.95 0 00-.908.983.946.946 0 00.908.908h17.924l-8.089 8.552c-.357.379-.341.977.034 1.334s.977.341 1.334-.034l9.594-10.148c.044-.044.063-.1.097-.15.028-.047.069-.088.091-.141z\"\/><\/g><defs><clipPath id=\"acA\"><path fill=\"#fff\" d=\"M0 0h22v22H0z\"\/><\/clipPath><\/defs><\/svg><\/span><\/a><\/div><\/div><\/div><div class=\"  col-sm-6 col-md-4 img-article\">\n                                        <div class=\"content-news-display row m-0 p-0\"><div class=\"holder p-0 \"><div class=\"img-wrap img-wrap-news\">\n                                        <div class=\"caption__news-category\">\n                                        <a href=\"https:\/\/www.uoh.cl\/equidad-de-genero-y-diversidades\/category\/institucional\/\">\n                                        Institucional<\/a><\/div><img decoding=\"async\" class=\"w-100 h-100 lazyload\" data-src=\"https:\/\/www.uoh.cl\/equidad-de-genero-y-diversidades\/wp-content\/uploads\/sites\/20\/2026\/08\/Frontis-UOH.jpeg\" alt=\"UOH: 11 a\u00f1os creciendo junto a la Regi\u00f3n de O&#8217;Higgins\" style=\"--smush-placeholder-width: 1600px; --smush-placeholder-aspect-ratio: 1600\/900;object-fit: cover; object-position: center;\" src=\"data:image\/svg+xml;base64,PHN2ZyB3aWR0aD0iMSIgaGVpZ2h0PSIxIiB4bWxucz0iaHR0cDovL3d3dy53My5vcmcvMjAwMC9zdmciPjwvc3ZnPg==\"><\/div><\/div><div class=\"caption py-3 caption__news py-md-3 pb-md-5\">\n                                    <span class=\"caption__date\">Viernes 7, Agosto<\/span>\n                                     <a href=\"https:\/\/www.uoh.cl\/equidad-de-genero-y-diversidades\/uoh-11-anos-creciendo-junto-a-la-region-de-ohiggins\/\">\n                                    <h3 class=\"small-space\">UOH: 11 a\u00f1os creciendo junto a la Regi\u00f3n de O&#8217;Higgins<\/h3><\/a>\n\n                                    <p>Creada en 2015 para responder a una demanda hist\u00f3rica de la regi\u00f3n, la Universidad de O'Higgins conmemora su und\u00e9cimo aniversario consolidada como una instituci\u00f3n p\u00fablica de excelencia, con m\u00e1s de 9 mil estudiantes, una destacada producci\u00f3n cient\u00edfica y un fuerte compromiso con el desarrollo regional.<\/p>\n                                    <a class=\"link link--bold mt-md-3\" href=\"https:\/\/www.uoh.cl\/equidad-de-genero-y-diversidades\/uoh-11-anos-creciendo-junto-a-la-region-de-ohiggins\/\">Saber m\u00e1s <span class=\"icon icon--inline icon--link\"><svg version=\"1.1\" xmlns=\"http:\/\/www.w3.org\/2000\/svg\" xmlns:xlink=\"http:\/\/www.w3.org\/1999\/xlink\" x=\"0px\" y=\"0px\" width=\"22px\"height=\"22px\" viewBox=\"0 0 22 22\" style=\"overflow:visible;enable-background:new 0 0 80 64.6;\" xml:space=\"preserve\"><g clip-path=\"url(#acA)\"><path fill-rule=\"evenodd\" d=\"M21.913 11.266a.93.93 0 000-.711c-.022-.056-.063-.097-.091-.144s-.053-.103-.097-.15L12.306.294c-.357-.379-.955-.394-1.334-.038s-.394.955-.038 1.334l7.917 8.374H.927a.95.95 0 00-.908.983.946.946 0 00.908.908h17.924l-8.089 8.552c-.357.379-.341.977.034 1.334s.977.341 1.334-.034l9.594-10.148c.044-.044.063-.1.097-.15.028-.047.069-.088.091-.141z\"\/><\/g><defs><clipPath id=\"acA\"><path fill=\"#fff\" d=\"M0 0h22v22H0z\"\/><\/clipPath><\/defs><\/svg><\/span><\/a><\/div><\/div><\/div><\/div><\/div><\/div><div class=\"pagination justify-content-center my-5\"><span aria-current=\"page\" class=\"page-numbers current\">1<\/span>\n<a class=\"page-numbers\" href=\"https:\/\/www.uoh.cl\/equidad-de-genero-y-diversidades\/wp-json\/wp\/v2\/posts\/1868\/\/page\/2\">2<\/a>\n<a class=\"page-numbers\" href=\"https:\/\/www.uoh.cl\/equidad-de-genero-y-diversidades\/wp-json\/wp\/v2\/posts\/1868\/\/page\/3\">3<\/a>\n<span class=\"page-numbers dots\">&hellip;<\/span>\n<a class=\"page-numbers\" href=\"https:\/\/www.uoh.cl\/equidad-de-genero-y-diversidades\/wp-json\/wp\/v2\/posts\/1868\/\/page\/70\">70<\/a>\n<a class=\"next page-numbers\" href=\"https:\/\/www.uoh.cl\/equidad-de-genero-y-diversidades\/wp-json\/wp\/v2\/posts\/1868\/\/page\/2\"><div class=\"icon-pagination-next\"> <?xml version=\"1.0\" ?><svg viewBox=\"0 0 96 96\" xmlns=\"http:\/\/www.w3.org\/2000\/svg\"><title\/><path d=\"M39.3756,48.0022l30.47-25.39a6.0035,6.0035,0,0,0-7.6878-9.223L26.1563,43.3906a6.0092,6.0092,0,0,0,0,9.2231L62.1578,82.615a6.0035,6.0035,0,0,0,7.6878-9.2231Z\"\/><\/svg> <\/div><\/a><\/div>[\/vc_column_inner][\/vc_row_inner][\/vc_column][\/vc_row][\/vc_section]<\/p>\n<\/div>","protected":false},"excerpt":{"rendered":"<p>En el marco de la celebraci\u00f3n del Mes de la visibilidad de las diversidades LGBTIQA+, la Universidad de O&#8217;Higgins, a trav\u00e9s de su Direcci\u00f3n de Equidad de G\u00e9nero y Diversidades, anuncia una serie de actividades bajo la campa\u00f1a &#8220;El Orgullo de Ser T\u00fa&#8221;. <\/p>\n","protected":false},"author":34,"featured_media":1869,"comment_status":"open","ping_status":"open","sticky":false,"template":"","format":"standard","meta":{"_acf_changed":false,"footnotes":""},"categories":[46],"tags":[],"class_list":["post-1868","post","type-post","status-publish","format-standard","has-post-thumbnail","hentry","category-genero"],"acf":[],"yoast_head":"<!-- This site is optimized with the Yoast SEO plugin v28.3 - https:\/\/yoast.com\/product\/yoast-seo-wordpress\/ -->\n<title>UOH celebra el Mes del Orgullo con la Campa\u00f1a &quot;El Orgullo de Ser T\u00fa&quot; - Equidad de Genero y Diversidades<\/title>\n<meta name=\"description\" content=\"En el marco de la celebraci\u00f3n del Mes de la visibilidad de las diversidades LGBTIQA+, la Universidad de O&#039;Higgins, a trav\u00e9s de su Direcci\u00f3n de Equidad de G\u00e9nero y Diversidades, anuncia una serie de actividades bajo la campa\u00f1a &quot;El Orgullo de Ser T\u00fa&quot;.\" \/>\n<meta name=\"robots\" content=\"noindex, nofollow\" \/>\n<meta property=\"og:locale\" content=\"es_ES\" \/>\n<meta property=\"og:type\" content=\"article\" \/>\n<meta property=\"og:title\" content=\"UOH celebra el Mes del Orgullo con la Campa\u00f1a &quot;El Orgullo de Ser T\u00fa&quot; - Equidad de Genero y Diversidades\" \/>\n<meta property=\"og:description\" content=\"En el marco de la celebraci\u00f3n del Mes de la visibilidad de las diversidades LGBTIQA+, la Universidad de O&#039;Higgins, a trav\u00e9s de su Direcci\u00f3n de Equidad de G\u00e9nero y Diversidades, anuncia una serie de actividades bajo la campa\u00f1a &quot;El Orgullo de Ser T\u00fa&quot;.\" \/>\n<meta property=\"og:url\" content=\"https:\/\/www.uoh.cl\/equidad-de-genero-y-diversidades\/uoh-celebra-el-mes-del-orgullo-con-la-campana-el-orgullo-de-ser-tu\/\" \/>\n<meta property=\"og:site_name\" content=\"Equidad de Genero y Diversidades\" \/>\n<meta property=\"article:published_time\" content=\"2024-06-14T12:35:32+00:00\" \/>\n<meta property=\"og:image\" content=\"https:\/\/www.uoh.cl\/equidad-de-genero-y-diversidades\/wp-content\/uploads\/sites\/20\/2024\/06\/Mes-del-orgullo.jpg\" \/>\n\t<meta property=\"og:image:width\" content=\"1000\" \/>\n\t<meta property=\"og:image:height\" content=\"1000\" \/>\n\t<meta property=\"og:image:type\" content=\"image\/jpeg\" \/>\n<meta name=\"author\" content=\"Universidad de O&#039;Higgins\" \/>\n<meta name=\"twitter:card\" content=\"summary_large_image\" \/>\n<meta name=\"twitter:label1\" content=\"Escrito por\" \/>\n\t<meta name=\"twitter:data1\" content=\"Universidad de O&#039;Higgins\" \/>\n\t<meta name=\"twitter:label2\" content=\"Tiempo estimado de lectura\" \/>\n\t<meta name=\"twitter:data2\" content=\"4 minutos\" \/>\n<script type=\"application\/ld+json\" class=\"yoast-schema-graph\">{\"@context\":\"https:\\\/\\\/schema.org\",\"@graph\":[{\"@type\":\"Article\",\"@id\":\"https:\\\/\\\/www.uoh.cl\\\/equidad-de-genero-y-diversidades\\\/uoh-celebra-el-mes-del-orgullo-con-la-campana-el-orgullo-de-ser-tu\\\/#article\",\"isPartOf\":{\"@id\":\"https:\\\/\\\/www.uoh.cl\\\/equidad-de-genero-y-diversidades\\\/uoh-celebra-el-mes-del-orgullo-con-la-campana-el-orgullo-de-ser-tu\\\/\"},\"author\":{\"name\":\"Universidad de O'Higgins\",\"@id\":\"https:\\\/\\\/www.uoh.cl\\\/equidad-de-genero-y-diversidades\\\/#\\\/schema\\\/person\\\/ea242e676c7d6d7e46fc8b9e39486c4f\"},\"headline\":\"UOH celebra el Mes del Orgullo con la Campa\u00f1a &#8220;El Orgullo de Ser T\u00fa&#8221;\",\"datePublished\":\"2024-06-14T12:35:32+00:00\",\"mainEntityOfPage\":{\"@id\":\"https:\\\/\\\/www.uoh.cl\\\/equidad-de-genero-y-diversidades\\\/uoh-celebra-el-mes-del-orgullo-con-la-campana-el-orgullo-de-ser-tu\\\/\"},\"wordCount\":763,\"commentCount\":0,\"image\":{\"@id\":\"https:\\\/\\\/www.uoh.cl\\\/equidad-de-genero-y-diversidades\\\/uoh-celebra-el-mes-del-orgullo-con-la-campana-el-orgullo-de-ser-tu\\\/#primaryimage\"},\"thumbnailUrl\":\"https:\\\/\\\/www.uoh.cl\\\/equidad-de-genero-y-diversidades\\\/wp-content\\\/uploads\\\/sites\\\/20\\\/2024\\\/06\\\/Mes-del-orgullo.jpg\",\"articleSection\":[\"G\u00e9nero\"],\"inLanguage\":\"es-CL\",\"potentialAction\":[{\"@type\":\"CommentAction\",\"name\":\"Comment\",\"target\":[\"https:\\\/\\\/www.uoh.cl\\\/equidad-de-genero-y-diversidades\\\/uoh-celebra-el-mes-del-orgullo-con-la-campana-el-orgullo-de-ser-tu\\\/#respond\"]}]},{\"@type\":\"WebPage\",\"@id\":\"https:\\\/\\\/www.uoh.cl\\\/equidad-de-genero-y-diversidades\\\/uoh-celebra-el-mes-del-orgullo-con-la-campana-el-orgullo-de-ser-tu\\\/\",\"url\":\"https:\\\/\\\/www.uoh.cl\\\/equidad-de-genero-y-diversidades\\\/uoh-celebra-el-mes-del-orgullo-con-la-campana-el-orgullo-de-ser-tu\\\/\",\"name\":\"UOH celebra el Mes del Orgullo con la Campa\u00f1a \\\"El Orgullo de Ser T\u00fa\\\" - Equidad de Genero y Diversidades\",\"isPartOf\":{\"@id\":\"https:\\\/\\\/www.uoh.cl\\\/equidad-de-genero-y-diversidades\\\/#website\"},\"primaryImageOfPage\":{\"@id\":\"https:\\\/\\\/www.uoh.cl\\\/equidad-de-genero-y-diversidades\\\/uoh-celebra-el-mes-del-orgullo-con-la-campana-el-orgullo-de-ser-tu\\\/#primaryimage\"},\"image\":{\"@id\":\"https:\\\/\\\/www.uoh.cl\\\/equidad-de-genero-y-diversidades\\\/uoh-celebra-el-mes-del-orgullo-con-la-campana-el-orgullo-de-ser-tu\\\/#primaryimage\"},\"thumbnailUrl\":\"https:\\\/\\\/www.uoh.cl\\\/equidad-de-genero-y-diversidades\\\/wp-content\\\/uploads\\\/sites\\\/20\\\/2024\\\/06\\\/Mes-del-orgullo.jpg\",\"datePublished\":\"2024-06-14T12:35:32+00:00\",\"author\":{\"@id\":\"https:\\\/\\\/www.uoh.cl\\\/equidad-de-genero-y-diversidades\\\/#\\\/schema\\\/person\\\/ea242e676c7d6d7e46fc8b9e39486c4f\"},\"description\":\"En el marco de la celebraci\u00f3n del Mes de la visibilidad de las diversidades LGBTIQA+, la Universidad de O'Higgins, a trav\u00e9s de su Direcci\u00f3n de Equidad de G\u00e9nero y Diversidades, anuncia una serie de actividades bajo la campa\u00f1a \\\"El Orgullo de Ser T\u00fa\\\".\",\"inLanguage\":\"es-CL\",\"potentialAction\":[{\"@type\":\"ReadAction\",\"target\":[\"https:\\\/\\\/www.uoh.cl\\\/equidad-de-genero-y-diversidades\\\/uoh-celebra-el-mes-del-orgullo-con-la-campana-el-orgullo-de-ser-tu\\\/\"]}]},{\"@type\":\"ImageObject\",\"inLanguage\":\"es-CL\",\"@id\":\"https:\\\/\\\/www.uoh.cl\\\/equidad-de-genero-y-diversidades\\\/uoh-celebra-el-mes-del-orgullo-con-la-campana-el-orgullo-de-ser-tu\\\/#primaryimage\",\"url\":\"https:\\\/\\\/www.uoh.cl\\\/equidad-de-genero-y-diversidades\\\/wp-content\\\/uploads\\\/sites\\\/20\\\/2024\\\/06\\\/Mes-del-orgullo.jpg\",\"contentUrl\":\"https:\\\/\\\/www.uoh.cl\\\/equidad-de-genero-y-diversidades\\\/wp-content\\\/uploads\\\/sites\\\/20\\\/2024\\\/06\\\/Mes-del-orgullo.jpg\",\"width\":1000,\"height\":1000},{\"@type\":\"WebSite\",\"@id\":\"https:\\\/\\\/www.uoh.cl\\\/equidad-de-genero-y-diversidades\\\/#website\",\"url\":\"https:\\\/\\\/www.uoh.cl\\\/equidad-de-genero-y-diversidades\\\/\",\"name\":\"Equidad de Genero y Diversidades\",\"description\":\"Otro sitio de Sitios de Universidad O'higgins\",\"potentialAction\":[{\"@type\":\"SearchAction\",\"target\":{\"@type\":\"EntryPoint\",\"urlTemplate\":\"https:\\\/\\\/www.uoh.cl\\\/equidad-de-genero-y-diversidades\\\/?s={search_term_string}\"},\"query-input\":{\"@type\":\"PropertyValueSpecification\",\"valueRequired\":true,\"valueName\":\"search_term_string\"}}],\"inLanguage\":\"es-CL\"},{\"@type\":\"Person\",\"@id\":\"https:\\\/\\\/www.uoh.cl\\\/equidad-de-genero-y-diversidades\\\/#\\\/schema\\\/person\\\/ea242e676c7d6d7e46fc8b9e39486c4f\",\"name\":\"Universidad de O'Higgins\",\"image\":{\"@type\":\"ImageObject\",\"inLanguage\":\"es-CL\",\"@id\":\"https:\\\/\\\/secure.gravatar.com\\\/avatar\\\/78fcb76ca05efae11fd355943c01a832a29786cc00d85b1a82c301bea2b2a214?s=96&d=mm&r=g\",\"url\":\"https:\\\/\\\/secure.gravatar.com\\\/avatar\\\/78fcb76ca05efae11fd355943c01a832a29786cc00d85b1a82c301bea2b2a214?s=96&d=mm&r=g\",\"contentUrl\":\"https:\\\/\\\/secure.gravatar.com\\\/avatar\\\/78fcb76ca05efae11fd355943c01a832a29786cc00d85b1a82c301bea2b2a214?s=96&d=mm&r=g\",\"caption\":\"Universidad de O'Higgins\"}}]}<\/script>\n<!-- \/ Yoast SEO plugin. -->","yoast_head_json":{"title":"UOH celebra el Mes del Orgullo con la Campa\u00f1a \"El Orgullo de Ser T\u00fa\" - Equidad de Genero y Diversidades","description":"En el marco de la celebraci\u00f3n del Mes de la visibilidad de las diversidades LGBTIQA+, la Universidad de O'Higgins, a trav\u00e9s de su Direcci\u00f3n de Equidad de G\u00e9nero y Diversidades, anuncia una serie de actividades bajo la campa\u00f1a \"El Orgullo de Ser T\u00fa\".","robots":{"index":"noindex","follow":"nofollow"},"og_locale":"es_ES","og_type":"article","og_title":"UOH celebra el Mes del Orgullo con la Campa\u00f1a \"El Orgullo de Ser T\u00fa\" - Equidad de Genero y Diversidades","og_description":"En el marco de la celebraci\u00f3n del Mes de la visibilidad de las diversidades LGBTIQA+, la Universidad de O'Higgins, a trav\u00e9s de su Direcci\u00f3n de Equidad de G\u00e9nero y Diversidades, anuncia una serie de actividades bajo la campa\u00f1a \"El Orgullo de Ser T\u00fa\".","og_url":"https:\/\/www.uoh.cl\/equidad-de-genero-y-diversidades\/uoh-celebra-el-mes-del-orgullo-con-la-campana-el-orgullo-de-ser-tu\/","og_site_name":"Equidad de Genero y Diversidades","article_published_time":"2024-06-14T12:35:32+00:00","og_image":[{"width":1000,"height":1000,"url":"https:\/\/www.uoh.cl\/equidad-de-genero-y-diversidades\/wp-content\/uploads\/sites\/20\/2024\/06\/Mes-del-orgullo.jpg","type":"image\/jpeg"}],"author":"Universidad de O'Higgins","twitter_card":"summary_large_image","twitter_misc":{"Escrito por":"Universidad de O'Higgins","Tiempo estimado de lectura":"4 minutos"},"schema":{"@context":"https:\/\/schema.org","@graph":[{"@type":"Article","@id":"https:\/\/www.uoh.cl\/equidad-de-genero-y-diversidades\/uoh-celebra-el-mes-del-orgullo-con-la-campana-el-orgullo-de-ser-tu\/#article","isPartOf":{"@id":"https:\/\/www.uoh.cl\/equidad-de-genero-y-diversidades\/uoh-celebra-el-mes-del-orgullo-con-la-campana-el-orgullo-de-ser-tu\/"},"author":{"name":"Universidad de O'Higgins","@id":"https:\/\/www.uoh.cl\/equidad-de-genero-y-diversidades\/#\/schema\/person\/ea242e676c7d6d7e46fc8b9e39486c4f"},"headline":"UOH celebra el Mes del Orgullo con la Campa\u00f1a &#8220;El Orgullo de Ser T\u00fa&#8221;","datePublished":"2024-06-14T12:35:32+00:00","mainEntityOfPage":{"@id":"https:\/\/www.uoh.cl\/equidad-de-genero-y-diversidades\/uoh-celebra-el-mes-del-orgullo-con-la-campana-el-orgullo-de-ser-tu\/"},"wordCount":763,"commentCount":0,"image":{"@id":"https:\/\/www.uoh.cl\/equidad-de-genero-y-diversidades\/uoh-celebra-el-mes-del-orgullo-con-la-campana-el-orgullo-de-ser-tu\/#primaryimage"},"thumbnailUrl":"https:\/\/www.uoh.cl\/equidad-de-genero-y-diversidades\/wp-content\/uploads\/sites\/20\/2024\/06\/Mes-del-orgullo.jpg","articleSection":["G\u00e9nero"],"inLanguage":"es-CL","potentialAction":[{"@type":"CommentAction","name":"Comment","target":["https:\/\/www.uoh.cl\/equidad-de-genero-y-diversidades\/uoh-celebra-el-mes-del-orgullo-con-la-campana-el-orgullo-de-ser-tu\/#respond"]}]},{"@type":"WebPage","@id":"https:\/\/www.uoh.cl\/equidad-de-genero-y-diversidades\/uoh-celebra-el-mes-del-orgullo-con-la-campana-el-orgullo-de-ser-tu\/","url":"https:\/\/www.uoh.cl\/equidad-de-genero-y-diversidades\/uoh-celebra-el-mes-del-orgullo-con-la-campana-el-orgullo-de-ser-tu\/","name":"UOH celebra el Mes del Orgullo con la Campa\u00f1a \"El Orgullo de Ser T\u00fa\" - Equidad de Genero y Diversidades","isPartOf":{"@id":"https:\/\/www.uoh.cl\/equidad-de-genero-y-diversidades\/#website"},"primaryImageOfPage":{"@id":"https:\/\/www.uoh.cl\/equidad-de-genero-y-diversidades\/uoh-celebra-el-mes-del-orgullo-con-la-campana-el-orgullo-de-ser-tu\/#primaryimage"},"image":{"@id":"https:\/\/www.uoh.cl\/equidad-de-genero-y-diversidades\/uoh-celebra-el-mes-del-orgullo-con-la-campana-el-orgullo-de-ser-tu\/#primaryimage"},"thumbnailUrl":"https:\/\/www.uoh.cl\/equidad-de-genero-y-diversidades\/wp-content\/uploads\/sites\/20\/2024\/06\/Mes-del-orgullo.jpg","datePublished":"2024-06-14T12:35:32+00:00","author":{"@id":"https:\/\/www.uoh.cl\/equidad-de-genero-y-diversidades\/#\/schema\/person\/ea242e676c7d6d7e46fc8b9e39486c4f"},"description":"En el marco de la celebraci\u00f3n del Mes de la visibilidad de las diversidades LGBTIQA+, la Universidad de O'Higgins, a trav\u00e9s de su Direcci\u00f3n de Equidad de G\u00e9nero y Diversidades, anuncia una serie de actividades bajo la campa\u00f1a \"El Orgullo de Ser T\u00fa\".","inLanguage":"es-CL","potentialAction":[{"@type":"ReadAction","target":["https:\/\/www.uoh.cl\/equidad-de-genero-y-diversidades\/uoh-celebra-el-mes-del-orgullo-con-la-campana-el-orgullo-de-ser-tu\/"]}]},{"@type":"ImageObject","inLanguage":"es-CL","@id":"https:\/\/www.uoh.cl\/equidad-de-genero-y-diversidades\/uoh-celebra-el-mes-del-orgullo-con-la-campana-el-orgullo-de-ser-tu\/#primaryimage","url":"https:\/\/www.uoh.cl\/equidad-de-genero-y-diversidades\/wp-content\/uploads\/sites\/20\/2024\/06\/Mes-del-orgullo.jpg","contentUrl":"https:\/\/www.uoh.cl\/equidad-de-genero-y-diversidades\/wp-content\/uploads\/sites\/20\/2024\/06\/Mes-del-orgullo.jpg","width":1000,"height":1000},{"@type":"WebSite","@id":"https:\/\/www.uoh.cl\/equidad-de-genero-y-diversidades\/#website","url":"https:\/\/www.uoh.cl\/equidad-de-genero-y-diversidades\/","name":"Equidad de Genero y Diversidades","description":"Otro sitio de Sitios de Universidad O'higgins","potentialAction":[{"@type":"SearchAction","target":{"@type":"EntryPoint","urlTemplate":"https:\/\/www.uoh.cl\/equidad-de-genero-y-diversidades\/?s={search_term_string}"},"query-input":{"@type":"PropertyValueSpecification","valueRequired":true,"valueName":"search_term_string"}}],"inLanguage":"es-CL"},{"@type":"Person","@id":"https:\/\/www.uoh.cl\/equidad-de-genero-y-diversidades\/#\/schema\/person\/ea242e676c7d6d7e46fc8b9e39486c4f","name":"Universidad de O'Higgins","image":{"@type":"ImageObject","inLanguage":"es-CL","@id":"https:\/\/secure.gravatar.com\/avatar\/78fcb76ca05efae11fd355943c01a832a29786cc00d85b1a82c301bea2b2a214?s=96&d=mm&r=g","url":"https:\/\/secure.gravatar.com\/avatar\/78fcb76ca05efae11fd355943c01a832a29786cc00d85b1a82c301bea2b2a214?s=96&d=mm&r=g","contentUrl":"https:\/\/secure.gravatar.com\/avatar\/78fcb76ca05efae11fd355943c01a832a29786cc00d85b1a82c301bea2b2a214?s=96&d=mm&r=g","caption":"Universidad de O'Higgins"}}]}},"_links":{"self":[{"href":"https:\/\/www.uoh.cl\/equidad-de-genero-y-diversidades\/wp-json\/wp\/v2\/posts\/1868","targetHints":{"allow":["GET"]}}],"collection":[{"href":"https:\/\/www.uoh.cl\/equidad-de-genero-y-diversidades\/wp-json\/wp\/v2\/posts"}],"about":[{"href":"https:\/\/www.uoh.cl\/equidad-de-genero-y-diversidades\/wp-json\/wp\/v2\/types\/post"}],"author":[{"embeddable":true,"href":"https:\/\/www.uoh.cl\/equidad-de-genero-y-diversidades\/wp-json\/wp\/v2\/users\/34"}],"replies":[{"embeddable":true,"href":"https:\/\/www.uoh.cl\/equidad-de-genero-y-diversidades\/wp-json\/wp\/v2\/comments?post=1868"}],"version-history":[{"count":0,"href":"https:\/\/www.uoh.cl\/equidad-de-genero-y-diversidades\/wp-json\/wp\/v2\/posts\/1868\/revisions"}],"wp:featuredmedia":[{"embeddable":true,"href":"https:\/\/www.uoh.cl\/equidad-de-genero-y-diversidades\/wp-json\/wp\/v2\/media\/1869"}],"wp:attachment":[{"href":"https:\/\/www.uoh.cl\/equidad-de-genero-y-diversidades\/wp-json\/wp\/v2\/media?parent=1868"}],"wp:term":[{"taxonomy":"category","embeddable":true,"href":"https:\/\/www.uoh.cl\/equidad-de-genero-y-diversidades\/wp-json\/wp\/v2\/categories?post=1868"},{"taxonomy":"post_tag","embeddable":true,"href":"https:\/\/www.uoh.cl\/equidad-de-genero-y-diversidades\/wp-json\/wp\/v2\/tags?post=1868"}],"curies":[{"name":"wp","href":"https:\/\/api.w.org\/{rel}","templated":true}]}}