
{"id":710,"date":"2025-09-23T10:30:52","date_gmt":"2025-09-23T13:30:52","guid":{"rendered":"https:\/\/www.uoh.cl\/dae\/2025\/09\/23\/la-region-de-ohiggins-se-pone-las-zapatillas-corrida-uoh-2025-suma-por-primera-vez-un-circuito-competitivo-de-10k\/"},"modified":"2025-09-23T12:08:21","modified_gmt":"2025-09-23T15:08:21","slug":"la-region-de-ohiggins-se-pone-las-zapatillas-corrida-uoh-2025-suma-por-primera-vez-un-circuito-competitivo-de-10k","status":"publish","type":"post","link":"https:\/\/www.uoh.cl\/dae\/2025\/09\/23\/la-region-de-ohiggins-se-pone-las-zapatillas-corrida-uoh-2025-suma-por-primera-vez-un-circuito-competitivo-de-10k\/","title":{"rendered":"La Regi\u00f3n de O\u2019Higgins se pone las zapatillas: Corrida UOH 2025 suma por primera vez un circuito competitivo de 10K"},"content":{"rendered":"<div class=\"wpb-content-wrapper\"><p>[vc_section el_class=&#8221;container mx-auto align-items-center circle&#8211;pattern&#8221; css=&#8221;.vc_custom_1648956589196{padding-top: 3rem !important;}&#8221;][vc_row][vc_column]<div class=\"breadcrumb\"><ol itemscope itemtype=\"https:\/\/schema.org\/BreadcrumbList\"><li itemprop=\"itemListElement\" itemscope itemtype=\"https:\/\/schema.org\/ListItem\"><a itemprop=\"item\" href=\"http:\/\/www.uoh.cl\"><span itemprop=\"name\">Inicio<\/span><\/a><meta itemprop=\"position\" content=\"1\" \/><li itemprop=\"itemListElement\" itemscope itemtype=\"https:\/\/schema.org\/ListItem\"><a itemprop=\"item\" href=\"https:\/\/www.uoh.cl\/dae\"><span itemprop=\"name\">Direcci\u00f3n de Asuntos Estudiantiles<\/span><\/a><meta itemprop=\"position\" content=\"2\" \/><li itemprop=\"itemListElement\" itemscope itemtype=\"https:\/\/schema.org\/ListItem\"><a itemprop=\"item\" href=\"https:\/\/www.uoh.cl\/dae\/noticias\/\"><span itemprop=\"name\">Noticias<\/span><\/a><meta itemprop=\"position\" content=\"3\" \/><li itemprop=\"itemListElement\" itemscope itemtype=\"https:\/\/schema.org\/ListItem\"><span itemprop=\"name\">La Regi\u00f3n de O\u2019Higgins se pone las zapatillas: Corrida UOH <\/span><meta itemprop=\"position\" content=\"4\" \/><\/ol><\/div><ul class=\"p-0 list-style-none d-inline-block\"><li class=\"p-0\"><a href=https:\/\/www.uoh.cl\/dae\/category\/deportes\/ class=\"px-1 py-2\">Deportes<\/a><\/li><\/ul><div class=\"date_publish_post\"> \u25cf Mar 23 de Septiembre 2025<\/div><div class=\"uoh_title_component-container\"><h1 class=\"title title--ms d-inline-block title--decorator  big\">La Regi\u00f3n de O\u2019Higgins se pone las zapatillas: Corrida UOH 2025 suma por primera vez un circuito competitivo de 10K<\/h1><\/div>[vc_row_inner el_class=&#8221;border-separator m-0&#8243;][vc_column_inner width=&#8221;2\/3&#8243;]<div class=\"author_wp_class\"> Escrito por <span>Universidad de O'Higgins<\/span><\/div>[\/vc_column_inner][vc_column_inner el_class=&#8221;align-items-end-publish&#8221; width=&#8221;1\/3&#8243;]<div class=\"uoh_social_network_component uoh_row col-12 justify-content-end m-0 p-0\"> <div class=\"icon__facebook-share-button\">\n                       <a href=\"https:\/\/www.facebook.com\/sharer\/sharer.php?u=https:\/\/www.uoh.cl\/dae\/2025\/09\/23\/la-region-de-ohiggins-se-pone-las-zapatillas-corrida-uoh-2025-suma-por-primera-vez-un-circuito-competitivo-de-10k\/\" target=\"_blank\"> <div class=\"icon__facebook-svg\"><svg version=\"1.1\" xmlns=\"http:\/\/www.w3.org\/2000\/svg\" xmlns:xlink=\"http:\/\/www.w3.org\/1999\/xlink\" x=\"0px\" y=\"0px\" width=\"22.4px\" height=\"48.3px\" viewBox=\"0 0 22.4 48.3\" style=\"overflow:visible;enable-background:new 0 0 22.4 48.3;\" xml:space=\"preserve\">\n                <defs>\n                <\/defs>\n                <path class=\"st0\" d=\"M22.4,15.6h-7.6v-5c0-1.9,1.2-2.3,2.1-2.3c0.9,0,5.4,0,5.4,0V0l-7.4,0C6.6,0,4.8,6.2,4.8,10.1v5.5H0v8.5h4.8\n                    c0,10.9,0,24.1,0,24.1h10c0,0,0-13.3,0-24.1h6.8L22.4,15.6z\"><\/path>\n                <\/svg><\/a><\/div>\n                    <\/div><div class=\"icon__twitter-share-button\">\n                        <div class=\"icon__twitter-svg\"><a target=\"_blank\" href=\"http:\/\/twitter.com\/share?url=https:\/\/www.uoh.cl\/dae\/2025\/09\/23\/la-region-de-ohiggins-se-pone-las-zapatillas-corrida-uoh-2025-suma-por-primera-vez-un-circuito-competitivo-de-10k\/\"><svg xmlns=\"http:\/\/www.w3.org\/2000\/svg\" height=\"1em\" viewBox=\"0 0 512 512\"><!--! Font Awesome Free 6.4.2 by @fontawesome - https:\/\/fontawesome.com License - https:\/\/fontawesome.com\/license (Commercial License) Copyright 2023 Fonticons, Inc. --><path d=\"M389.2 48h70.6L305.6 224.2 487 464H345L233.7 318.6 106.5 464H35.8L200.7 275.5 26.8 48H172.4L272.9 180.9 389.2 48zM364.4 421.8h39.1L151.1 88h-42L364.4 421.8z\"\/><\/svg><\/a><\/div>\n                        <\/div><div class=\"icon__linkedin-share-button\">\n                        <div class=\"icon__linkedin-svg\">\n                        <a target=\"__blank\" href=\"https:\/\/www.linkedin.com\/sharing\/share-offsite\/?url=https:\/\/www.uoh.cl\/dae\/2025\/09\/23\/la-region-de-ohiggins-se-pone-las-zapatillas-corrida-uoh-2025-suma-por-primera-vez-un-circuito-competitivo-de-10k\/\"><svg enable-background=\"new 0 0 100 100\" height=\"100px\" id=\"Layer_1\" version=\"1.1\" viewBox=\"0 0 100 100\" width=\"100px\" xml:space=\"preserve\" xmlns=\"http:\/\/www.w3.org\/2000\/svg\" xmlns:xlink=\"http:\/\/www.w3.org\/1999\/xlink\"><g><circle cx=\"50\" cy=\"50\" fill=\"#ccc\" r=\"45\"\/><g id=\"LinkedIn_1_\"><rect fill=\"#FFFFFF\" height=\"24.361\" width=\"7.69\" x=\"31.271\" y=\"43.569\"\/><path d=\"M59.968,43.334c-4.406,0-7.165,2.387-7.677,4.058v-3.823h-8.636c0.109,2.03,0,24.361,0,24.361h8.636    V54.748c0-0.733-0.034-1.465,0.19-1.991c0.594-1.464,1.869-2.985,4.162-2.985c2.998,0,4.361,2.253,4.361,5.552V67.93h8.721V54.384    C69.726,46.839,65.432,43.334,59.968,43.334z\" fill=\"#FFFFFF\"\/><path d=\"M34.973,32.069c-2.839,0-4.696,1.823-4.696,4.229c0,2.361,1.804,4.224,4.589,4.224h0.054    c2.891,0,4.69-1.869,4.69-4.229C39.555,33.888,37.81,32.069,34.973,32.069z\" fill=\"#FFFFFF\"\/><\/g><\/g><\/svg><\/a><\/div>\n\n            <\/div><\/div>[\/vc_column_inner][\/vc_row_inner][vc_single_image image=&#8221;52085&#8243; img_size=&#8221;1500&#215;1000&#8243; add_caption=&#8221;yes&#8221; alignment=&#8221;center&#8221; onclick=&#8221;img_link_large&#8221; css=&#8221;&#8221;][vc_column_text]\u00a0[\/vc_column_text][vc_column_text css=&#8221;&#8221;]<\/p>\n<ul>\n<li><em>El evento deportivo se realizar\u00e1 el domingo 19 de octubre. A la tradicional distancia recreativa de 5K, se incorporar\u00e1 una categor\u00eda familiar de 2K.<\/em><\/li>\n<\/ul>\n<p>[\/vc_column_text][vc_column_text]\u00a0[\/vc_column_text][vc_column_text css=&#8221;&#8221;]La Corrida UOH dar\u00e1 un gran salto en su cuarta versi\u00f3n. El pr\u00f3ximo domingo 19 de octubre, desde el frontis del Campus Rancagua de la <a href=\"https:\/\/www.uoh.cl\/\" target=\"_blank\" rel=\"noopener\">Universidad de O\u2019Higgins<\/a>, se vivir\u00e1 una jornada que por primera vez incluir\u00e1 un circuito competitivo de 10 kil\u00f3metros, mientras que a la tradicional distancia recreativa de 5K se sumar\u00e1 una de 2 kil\u00f3metros.<\/p>\n<p>En su edici\u00f3n del a\u00f1o pasado, este evento deportivo reuni\u00f3 a m\u00e1s de 1.600 personas, y para este a\u00f1o la organizaci\u00f3n espera una convocatoria a\u00fan mayor, consolid\u00e1ndose como una de las corridas m\u00e1s importantes de la Regi\u00f3n de O\u2019Higgins.<\/p>\n<p>La jornada comenzar\u00e1 a las 07:30 horas con la entrega de kits a las y los participantes previamente inscritos a trav\u00e9s del <a href=\"https:\/\/www.uoh.cl\/corrida-uoh\/\" target=\"_blank\" rel=\"noopener\">sitio web de la UOH<\/a>. A las 09:00 horas se realizar\u00e1 la bienvenida oficial y los saludos protocolares, para continuar a las 09:15 horas con un calentamiento previo. Posteriormente, a las 09:25 horas, se dar\u00e1 paso al encajonamiento de los corredores, de manera que a las 09:35 horas se efect\u00fae la largada oficial de la competencia de 10 kil\u00f3metros. Luego ser\u00e1 el turno de las pruebas de 5 y 2 kil\u00f3metros.<\/p>\n<p>Quienes completen sus recorridos y crucen la meta recibir\u00e1n una medalla conmemorativa. Adem\u00e1s, la Corrida UOH dispondr\u00e1 de puntos de hidrataci\u00f3n antes y despu\u00e9s de la carrera, junto con un sector de masajes gratuitos para las\/os participantes.<\/p>\n<p>En la categor\u00eda recreativa se podr\u00e1 participar en la distancia de 2 kil\u00f3metros pensada especialmente para familias y escolares, y en la distancia de 5 kil\u00f3metros, tambi\u00e9n abierta a toda la comunidad.<\/p>\n<p>La categor\u00eda competitiva de 10 kil\u00f3metros tendr\u00e1 cupo para 300 deportistas y contar\u00e1 con control de chip. En esta modalidad se premiar\u00e1 a mujeres y hombres en las categor\u00edas Senior (17 a 35 a\u00f1os), M\u00e1ster (36 a 49 a\u00f1os) y S\u00faper M\u00e1ster (50 a\u00f1os y m\u00e1s), quienes recibir\u00e1n medallas y obsequios de las empresas colaboradoras.<\/p>\n<p>El recorrido de los 10K contempla un circuito que se inicia en la Av. Libertador Bernardo O\u2019Higgins frente al Campus Rancagua de la UOH, contin\u00faa por Vi\u00f1a del Mar, Germ\u00e1n Ibarra, Santa Mar\u00eda, Avenida Rep\u00fablica de Chile, Illanes, nuevamente Av. Libertador Bernardo O\u2019Higgins, La Compa\u00f1\u00eda, Membrillar, Freire e Ibieta, para regresar al punto de partida.<\/p>\n<p>La prueba de 5K tambi\u00e9n tendr\u00e1 como punto de partida el frontis de la Universidad de O\u2019Higgins. Desde all\u00ed, el trayecto avanzar\u00e1 por Av. Libertador Bernardo O\u2019Higgins hacia Vi\u00f1a del Mar, Germ\u00e1n Ibarra y la calle interior Patricio Mekis (Santa Mar\u00eda), para luego continuar por Avenida Rep\u00fablica de Chile, Illanes y Av. Libertador Bernardo O\u2019Higgins, retornando finalmente al frontis del campus.<\/p>\n<p>Por su parte, la distancia de 2K recorrer\u00e1 un circuito c\u00e9ntrico que comenzar\u00e1 en el frontis del Campus Rancagua, avanzar\u00e1 por Avenida Espa\u00f1a, 1 y 2 de Octubre,\u00a0 Adelaida Calvo, para luego retornar a Avenida Libertador Bernardo O\u2019Higgins y finalizar nuevamente en el campus universitario.<\/p>\n<p>Para C\u00e9sar Marilaf, director de <a href=\"https:\/\/www.uoh.cl\/universidad\/vicerrectoria-academica\/direccion-de-asuntos-estudiantiles\/\" target=\"_blank\" rel=\"noopener\">Asuntos Estudiantiles UOH<\/a>, \u201cel objetivo de la Corrida UOH es abrir nuestra Universidad a la comunidad regional y promover estilos de vida saludables a trav\u00e9s del deporte. Nos alegra ver c\u00f3mo cada a\u00f1o m\u00e1s personas se suman a esta actividad, que combina la recreaci\u00f3n familiar con el esp\u00edritu competitivo del running. Queremos que esta iniciativa se convierta en una tradici\u00f3n y un punto de encuentro para estudiantes, funcionarias\/os y la comunidad de toda la Regi\u00f3n de O\u2019Higgins\u201d.<\/p>\n<p style=\"font-weight: 400\">Este 2025 la Corrida UOH ser\u00e1 posible gracias al compromiso de diversas instituciones y empresas que se suman para promover juntas\/os el deporte y el bienestar en la Regi\u00f3n de O\u2019Higgins: Carozzi, Ruta del Maipo, AutoClam, Essbio, Cl\u00ednica Meds, El Semillero, My Food, Caja Los Andes, Cl\u00ednica Clever, Vega Baquedano, ISDIN, Rancagua Bike, Energy Club, Holding Empresas Plus, GTD, Centro de Salud Mental PYP, Nutrici\u00f3n 360\u00ba, El Cl\u00e1sico, Centro M\u00e9dico Trauma Infantil Machal\u00ed e INJUV forman parte de la red de colaboraci\u00f3n que har\u00e1 de esta cuarta versi\u00f3n un evento \u00fanico, abierto y participativo para toda la comunidad.<\/p>\n<p>[\/vc_column_text][vc_zigzag color=&#8221;white&#8221;][vc_row_inner][vc_column_inner width=&#8221;1\/3&#8243;][vc_single_image image=&#8221;52830&#8243; img_size=&#8221;700&#215;450&#8243; onclick=&#8221;link_image&#8221; css=&#8221;&#8221;][\/vc_column_inner][vc_column_inner width=&#8221;1\/3&#8243;][vc_single_image image=&#8221;52831&#8243; img_size=&#8221;700&#215;450&#8243; onclick=&#8221;link_image&#8221; css=&#8221;&#8221;][\/vc_column_inner][vc_column_inner width=&#8221;1\/3&#8243;][vc_single_image image=&#8221;52836&#8243; img_size=&#8221;700&#215;450&#8243; onclick=&#8221;link_image&#8221; css=&#8221;&#8221;][\/vc_column_inner][\/vc_row_inner][\/vc_column][\/vc_row][\/vc_section][vc_section css=&#8221;.vc_custom_1650255686594{background-color: #f6faff !important;}&#8221; el_class=&#8221;p-md-0 pt-md-5&#8243;][vc_row el_class=&#8221;container mx-auto align-items-center p-md-0 pt-5 pb-5&#8243;][vc_column el_class=&#8221;pb-5&#8243;][vc_row_inner el_class=&#8221;pb-5&#8243;][vc_column_inner]<div class=\"row m-0 p-0\"><div class=\"col-12 col-md-9 pt-5 pt-md-0\"><h2 class=\"title title--decorator title--ms d-inline-block\">Te Recomendamos<\/h2><\/div><\/div><div class=\"content-holder\"><div class=\"row  swipper-news-list not--activate-hack \"><div class=\"row -wrapper\"><div class=\"  col-sm-6 col-md-4 img-article\">\n                                        <div class=\"content-news-display row m-0 p-0\"><div class=\"holder p-0 \"><div class=\"img-wrap img-wrap-news\">\n                                        <div class=\"caption__news-category\">\n                                        <a href=\"https:\/\/www.uoh.cl\/dae\/category\/institucional\/\">\n                                        Institucional<\/a><\/div><img decoding=\"async\" class=\"w-100 h-100 lazyload\" data-src=\"https:\/\/www.uoh.cl\/dae\/wp-content\/uploads\/sites\/44\/2026\/04\/Inauguracion-Ano-Academico-2026-6.jpg\" alt=\"Reflexi\u00f3n universitaria: UOH inaugura A\u00f1o Acad\u00e9mico 2026 pensando en los desaf\u00edos de la Educaci\u00f3n Superior\" style=\"--smush-placeholder-width: 1500px; --smush-placeholder-aspect-ratio: 1500\/1000;object-fit: cover; object-position: center;\" src=\"data:image\/svg+xml;base64,PHN2ZyB3aWR0aD0iMSIgaGVpZ2h0PSIxIiB4bWxucz0iaHR0cDovL3d3dy53My5vcmcvMjAwMC9zdmciPjwvc3ZnPg==\"><\/div><\/div><div class=\"caption py-3 caption__news py-md-3 pb-md-5\">\n                                    <span class=\"caption__date\">Mi\u00e9rcoles 29, Abril<\/span>\n                                     <a href=\"https:\/\/www.uoh.cl\/dae\/2026\/04\/29\/reflexion-universitaria-uoh-inaugura-ano-academico-2026-pensando-en-los-desafios-de-la-educacion-superior\/\">\n                                    <h3 class=\"small-space\">Reflexi\u00f3n universitaria: UOH inaugura A\u00f1o Acad\u00e9mico 2026 pensando en los desaf\u00edos de la Educaci\u00f3n Superior<\/h3><\/a>\n\n                                    <p>La ceremonia promovi\u00f3 el an\u00e1lisis acerca de los cambios educativos que se avecinan dentro de los procesos de formaci\u00f3n universitaria ajustados a contextos digitales.   <\/p>\n                                    <a class=\"link link--bold mt-md-3\" href=\"https:\/\/www.uoh.cl\/dae\/2026\/04\/29\/reflexion-universitaria-uoh-inaugura-ano-academico-2026-pensando-en-los-desafios-de-la-educacion-superior\/\">Saber m\u00e1s <span class=\"icon icon--inline icon--link\"><svg version=\"1.1\" xmlns=\"http:\/\/www.w3.org\/2000\/svg\" xmlns:xlink=\"http:\/\/www.w3.org\/1999\/xlink\" x=\"0px\" y=\"0px\" width=\"22px\"height=\"22px\" viewBox=\"0 0 22 22\" style=\"overflow:visible;enable-background:new 0 0 80 64.6;\" xml:space=\"preserve\"><g clip-path=\"url(#acA)\"><path fill-rule=\"evenodd\" d=\"M21.913 11.266a.93.93 0 000-.711c-.022-.056-.063-.097-.091-.144s-.053-.103-.097-.15L12.306.294c-.357-.379-.955-.394-1.334-.038s-.394.955-.038 1.334l7.917 8.374H.927a.95.95 0 00-.908.983.946.946 0 00.908.908h17.924l-8.089 8.552c-.357.379-.341.977.034 1.334s.977.341 1.334-.034l9.594-10.148c.044-.044.063-.1.097-.15.028-.047.069-.088.091-.141z\"\/><\/g><defs><clipPath id=\"acA\"><path fill=\"#fff\" d=\"M0 0h22v22H0z\"\/><\/clipPath><\/defs><\/svg><\/span><\/a><\/div><\/div><\/div><div class=\"  col-sm-6 col-md-4 img-article\">\n                                        <div class=\"content-news-display row m-0 p-0\"><div class=\"holder p-0 \"><div class=\"img-wrap img-wrap-news\">\n                                        <div class=\"caption__news-category\">\n                                        <a href=\"https:\/\/www.uoh.cl\/dae\/category\/cuech\/\">\n                                        CUECH<\/a><\/div><img decoding=\"async\" class=\"w-100 h-100 lazyload\" data-src=\"https:\/\/www.uoh.cl\/dae\/wp-content\/uploads\/sites\/44\/2026\/04\/DSC_2431-scaled.jpg\" alt=\"Universidades estatales sellan hoja de ruta 2030: Red Desarrollo Sustentable entra en fase de consolidaci\u00f3n\" style=\"--smush-placeholder-width: 2560px; --smush-placeholder-aspect-ratio: 2560\/1707;object-fit: cover; object-position: center;\" src=\"data:image\/svg+xml;base64,PHN2ZyB3aWR0aD0iMSIgaGVpZ2h0PSIxIiB4bWxucz0iaHR0cDovL3d3dy53My5vcmcvMjAwMC9zdmciPjwvc3ZnPg==\"><\/div><\/div><div class=\"caption py-3 caption__news py-md-3 pb-md-5\">\n                                    <span class=\"caption__date\">Mi\u00e9rcoles 15, Abril<\/span>\n                                     <a href=\"https:\/\/www.uoh.cl\/dae\/2026\/04\/15\/universidades-estatales-sellan-hoja-de-ruta-2030-red-desarrollo-sustentable-entra-en-fase-de-consolidacion\/\">\n                                    <h3 class=\"small-space\">Universidades estatales sellan hoja de ruta 2030: Red Desarrollo Sustentable entra en fase de consolidaci\u00f3n<\/h3><\/a>\n\n                                    <p>En el Plenario realizado en la Universidad de O'Higgins, los 18 planteles p\u00fablicos definieron sus metas estrat\u00e9gicas para el periodo 2026-2030. El plan priorizar\u00e1 la institucionalizaci\u00f3n de capacidades, un diplomado para organismos p\u00fablicos y la medici\u00f3n de la huella h\u00eddrica en los campus.<\/p>\n                                    <a class=\"link link--bold mt-md-3\" href=\"https:\/\/www.uoh.cl\/dae\/2026\/04\/15\/universidades-estatales-sellan-hoja-de-ruta-2030-red-desarrollo-sustentable-entra-en-fase-de-consolidacion\/\">Saber m\u00e1s <span class=\"icon icon--inline icon--link\"><svg version=\"1.1\" xmlns=\"http:\/\/www.w3.org\/2000\/svg\" xmlns:xlink=\"http:\/\/www.w3.org\/1999\/xlink\" x=\"0px\" y=\"0px\" width=\"22px\"height=\"22px\" viewBox=\"0 0 22 22\" style=\"overflow:visible;enable-background:new 0 0 80 64.6;\" xml:space=\"preserve\"><g clip-path=\"url(#acA)\"><path fill-rule=\"evenodd\" d=\"M21.913 11.266a.93.93 0 000-.711c-.022-.056-.063-.097-.091-.144s-.053-.103-.097-.15L12.306.294c-.357-.379-.955-.394-1.334-.038s-.394.955-.038 1.334l7.917 8.374H.927a.95.95 0 00-.908.983.946.946 0 00.908.908h17.924l-8.089 8.552c-.357.379-.341.977.034 1.334s.977.341 1.334-.034l9.594-10.148c.044-.044.063-.1.097-.15.028-.047.069-.088.091-.141z\"\/><\/g><defs><clipPath id=\"acA\"><path fill=\"#fff\" d=\"M0 0h22v22H0z\"\/><\/clipPath><\/defs><\/svg><\/span><\/a><\/div><\/div><\/div><div class=\"  col-sm-6 col-md-4 img-article\">\n                                        <div class=\"content-news-display row m-0 p-0\"><div class=\"holder p-0 \"><div class=\"img-wrap img-wrap-news\">\n                                        <div class=\"caption__news-category\">\n                                        <a href=\"https:\/\/www.uoh.cl\/dae\/category\/institucional\/\">\n                                        Institucional<\/a><\/div><img decoding=\"async\" class=\"w-100 h-100 lazyload\" data-src=\"https:\/\/www.uoh.cl\/dae\/wp-content\/uploads\/sites\/44\/2026\/04\/Frontis-UOH.jpg\" alt=\"Comunicado oficial: Suspensi\u00f3n de actividades Campus Rancagua\" style=\"--smush-placeholder-width: 1500px; --smush-placeholder-aspect-ratio: 1500\/1000;object-fit: cover; object-position: center;\" src=\"data:image\/svg+xml;base64,PHN2ZyB3aWR0aD0iMSIgaGVpZ2h0PSIxIiB4bWxucz0iaHR0cDovL3d3dy53My5vcmcvMjAwMC9zdmciPjwvc3ZnPg==\"><\/div><\/div><div class=\"caption py-3 caption__news py-md-3 pb-md-5\">\n                                    <span class=\"caption__date\">Martes 14, Abril<\/span>\n                                     <a href=\"https:\/\/www.uoh.cl\/dae\/2026\/04\/14\/comunicado-oficial-suspension-de-actividades-campus-rancagua\/\">\n                                    <h3 class=\"small-space\">Comunicado oficial: Suspensi\u00f3n de actividades Campus Rancagua<\/h3><\/a>\n\n                                    <p>Ante la amenaza de tiroteo ocurrida en el Campus Rancagua.<\/p>\n                                    <a class=\"link link--bold mt-md-3\" href=\"https:\/\/www.uoh.cl\/dae\/2026\/04\/14\/comunicado-oficial-suspension-de-actividades-campus-rancagua\/\">Saber m\u00e1s <span class=\"icon icon--inline icon--link\"><svg version=\"1.1\" xmlns=\"http:\/\/www.w3.org\/2000\/svg\" xmlns:xlink=\"http:\/\/www.w3.org\/1999\/xlink\" x=\"0px\" y=\"0px\" width=\"22px\"height=\"22px\" viewBox=\"0 0 22 22\" style=\"overflow:visible;enable-background:new 0 0 80 64.6;\" xml:space=\"preserve\"><g clip-path=\"url(#acA)\"><path fill-rule=\"evenodd\" d=\"M21.913 11.266a.93.93 0 000-.711c-.022-.056-.063-.097-.091-.144s-.053-.103-.097-.15L12.306.294c-.357-.379-.955-.394-1.334-.038s-.394.955-.038 1.334l7.917 8.374H.927a.95.95 0 00-.908.983.946.946 0 00.908.908h17.924l-8.089 8.552c-.357.379-.341.977.034 1.334s.977.341 1.334-.034l9.594-10.148c.044-.044.063-.1.097-.15.028-.047.069-.088.091-.141z\"\/><\/g><defs><clipPath id=\"acA\"><path fill=\"#fff\" d=\"M0 0h22v22H0z\"\/><\/clipPath><\/defs><\/svg><\/span><\/a><\/div><\/div><\/div><\/div><\/div><\/div><div class=\"pagination justify-content-center my-5\"><span aria-current=\"page\" class=\"page-numbers current\">1<\/span>\n<a class=\"page-numbers\" href=\"https:\/\/www.uoh.cl\/dae\/wp-json\/wp\/v2\/posts\/710\/\/page\/2\">2<\/a>\n<a class=\"page-numbers\" href=\"https:\/\/www.uoh.cl\/dae\/wp-json\/wp\/v2\/posts\/710\/\/page\/3\">3<\/a>\n<span class=\"page-numbers dots\">&hellip;<\/span>\n<a class=\"page-numbers\" href=\"https:\/\/www.uoh.cl\/dae\/wp-json\/wp\/v2\/posts\/710\/\/page\/30\">30<\/a>\n<a class=\"next page-numbers\" href=\"https:\/\/www.uoh.cl\/dae\/wp-json\/wp\/v2\/posts\/710\/\/page\/2\"><div class=\"icon-pagination-next\"> <?xml version=\"1.0\" ?><svg viewBox=\"0 0 96 96\" xmlns=\"http:\/\/www.w3.org\/2000\/svg\"><title\/><path d=\"M39.3756,48.0022l30.47-25.39a6.0035,6.0035,0,0,0-7.6878-9.223L26.1563,43.3906a6.0092,6.0092,0,0,0,0,9.2231L62.1578,82.615a6.0035,6.0035,0,0,0,7.6878-9.2231Z\"\/><\/svg> <\/div><\/a><\/div>[\/vc_column_inner][\/vc_row_inner][\/vc_column][\/vc_row][\/vc_section]<\/p>\n<\/div>","protected":false},"excerpt":{"rendered":"<p>El evento deportivo se realizar\u00e1 el domingo 19 de octubre. A la tradicional distancia recreativa de 5K, se incorporar\u00e1 una categor\u00eda familiar de 2K.<\/p>\n","protected":false},"author":34,"featured_media":713,"comment_status":"open","ping_status":"open","sticky":false,"template":"","format":"standard","meta":{"_acf_changed":false,"footnotes":""},"categories":[22],"tags":[],"class_list":["post-710","post","type-post","status-publish","format-standard","has-post-thumbnail","hentry","category-deportes"],"acf":[],"yoast_head":"<!-- This site is optimized with the Yoast SEO plugin v26.6 - https:\/\/yoast.com\/wordpress\/plugins\/seo\/ -->\n<title>La Regi\u00f3n de O\u2019Higgins se pone las zapatillas: Corrida UOH 2025 suma por primera vez un circuito competitivo de 10K - Direcci\u00f3n de Asuntos Estudiantiles<\/title>\n<meta name=\"description\" content=\"El evento deportivo se realizar\u00e1 el domingo 19 de octubre. A la tradicional distancia recreativa de 5K, se incorporar\u00e1 una categor\u00eda familiar de 2K.\" \/>\n<meta name=\"robots\" content=\"noindex, nofollow\" \/>\n<meta property=\"og:locale\" content=\"es_ES\" \/>\n<meta property=\"og:type\" content=\"article\" \/>\n<meta property=\"og:title\" content=\"La Regi\u00f3n de O\u2019Higgins se pone las zapatillas: Corrida UOH 2025 suma por primera vez un circuito competitivo de 10K - Direcci\u00f3n de Asuntos Estudiantiles\" \/>\n<meta property=\"og:description\" content=\"El evento deportivo se realizar\u00e1 el domingo 19 de octubre. A la tradicional distancia recreativa de 5K, se incorporar\u00e1 una categor\u00eda familiar de 2K.\" \/>\n<meta property=\"og:url\" content=\"https:\/\/www.uoh.cl\/dae\/2025\/09\/23\/la-region-de-ohiggins-se-pone-las-zapatillas-corrida-uoh-2025-suma-por-primera-vez-un-circuito-competitivo-de-10k\/\" \/>\n<meta property=\"og:site_name\" content=\"Direcci\u00f3n de Asuntos Estudiantiles\" \/>\n<meta property=\"article:published_time\" content=\"2025-09-23T13:30:52+00:00\" \/>\n<meta property=\"article:modified_time\" content=\"2025-09-23T15:08:21+00:00\" \/>\n<meta property=\"og:image\" content=\"https:\/\/www.uoh.cl\/dae\/wp-content\/uploads\/sites\/44\/2025\/09\/Corrida-UOH-3-2.jpg\" \/>\n\t<meta property=\"og:image:width\" content=\"1421\" \/>\n\t<meta property=\"og:image:height\" content=\"1000\" \/>\n\t<meta property=\"og:image:type\" content=\"image\/jpeg\" \/>\n<meta name=\"author\" content=\"Universidad de O&#039;Higgins\" \/>\n<meta name=\"twitter:card\" content=\"summary_large_image\" \/>\n<meta name=\"twitter:label1\" content=\"Escrito por\" \/>\n\t<meta name=\"twitter:data1\" content=\"Universidad de O&#039;Higgins\" \/>\n\t<meta name=\"twitter:label2\" content=\"Tiempo estimado de lectura\" \/>\n\t<meta name=\"twitter:data2\" content=\"5 minutos\" \/>\n<script type=\"application\/ld+json\" class=\"yoast-schema-graph\">{\"@context\":\"https:\/\/schema.org\",\"@graph\":[{\"@type\":\"WebPage\",\"@id\":\"https:\/\/www.uoh.cl\/dae\/2025\/09\/23\/la-region-de-ohiggins-se-pone-las-zapatillas-corrida-uoh-2025-suma-por-primera-vez-un-circuito-competitivo-de-10k\/\",\"url\":\"https:\/\/www.uoh.cl\/dae\/2025\/09\/23\/la-region-de-ohiggins-se-pone-las-zapatillas-corrida-uoh-2025-suma-por-primera-vez-un-circuito-competitivo-de-10k\/\",\"name\":\"La Regi\u00f3n de O\u2019Higgins se pone las zapatillas: Corrida UOH 2025 suma por primera vez un circuito competitivo de 10K - Direcci\u00f3n de Asuntos Estudiantiles\",\"isPartOf\":{\"@id\":\"https:\/\/www.uoh.cl\/dae\/#website\"},\"primaryImageOfPage\":{\"@id\":\"https:\/\/www.uoh.cl\/dae\/2025\/09\/23\/la-region-de-ohiggins-se-pone-las-zapatillas-corrida-uoh-2025-suma-por-primera-vez-un-circuito-competitivo-de-10k\/#primaryimage\"},\"image\":{\"@id\":\"https:\/\/www.uoh.cl\/dae\/2025\/09\/23\/la-region-de-ohiggins-se-pone-las-zapatillas-corrida-uoh-2025-suma-por-primera-vez-un-circuito-competitivo-de-10k\/#primaryimage\"},\"thumbnailUrl\":\"https:\/\/www.uoh.cl\/dae\/wp-content\/uploads\/sites\/44\/2025\/09\/Corrida-UOH-3-2.jpg\",\"datePublished\":\"2025-09-23T13:30:52+00:00\",\"dateModified\":\"2025-09-23T15:08:21+00:00\",\"author\":{\"@id\":\"https:\/\/www.uoh.cl\/dae\/#\/schema\/person\/ea242e676c7d6d7e46fc8b9e39486c4f\"},\"description\":\"El evento deportivo se realizar\u00e1 el domingo 19 de octubre. A la tradicional distancia recreativa de 5K, se incorporar\u00e1 una categor\u00eda familiar de 2K.\",\"breadcrumb\":{\"@id\":\"https:\/\/www.uoh.cl\/dae\/2025\/09\/23\/la-region-de-ohiggins-se-pone-las-zapatillas-corrida-uoh-2025-suma-por-primera-vez-un-circuito-competitivo-de-10k\/#breadcrumb\"},\"inLanguage\":\"es-CL\",\"potentialAction\":[{\"@type\":\"ReadAction\",\"target\":[\"https:\/\/www.uoh.cl\/dae\/2025\/09\/23\/la-region-de-ohiggins-se-pone-las-zapatillas-corrida-uoh-2025-suma-por-primera-vez-un-circuito-competitivo-de-10k\/\"]}]},{\"@type\":\"ImageObject\",\"inLanguage\":\"es-CL\",\"@id\":\"https:\/\/www.uoh.cl\/dae\/2025\/09\/23\/la-region-de-ohiggins-se-pone-las-zapatillas-corrida-uoh-2025-suma-por-primera-vez-un-circuito-competitivo-de-10k\/#primaryimage\",\"url\":\"https:\/\/www.uoh.cl\/dae\/wp-content\/uploads\/sites\/44\/2025\/09\/Corrida-UOH-3-2.jpg\",\"contentUrl\":\"https:\/\/www.uoh.cl\/dae\/wp-content\/uploads\/sites\/44\/2025\/09\/Corrida-UOH-3-2.jpg\",\"width\":1421,\"height\":1000},{\"@type\":\"BreadcrumbList\",\"@id\":\"https:\/\/www.uoh.cl\/dae\/2025\/09\/23\/la-region-de-ohiggins-se-pone-las-zapatillas-corrida-uoh-2025-suma-por-primera-vez-un-circuito-competitivo-de-10k\/#breadcrumb\",\"itemListElement\":[{\"@type\":\"ListItem\",\"position\":1,\"name\":\"Portada\",\"item\":\"https:\/\/www.uoh.cl\/dae\/\"},{\"@type\":\"ListItem\",\"position\":2,\"name\":\"La Regi\u00f3n de O\u2019Higgins se pone las zapatillas: Corrida UOH 2025 suma por primera vez un circuito competitivo de 10K\"}]},{\"@type\":\"WebSite\",\"@id\":\"https:\/\/www.uoh.cl\/dae\/#website\",\"url\":\"https:\/\/www.uoh.cl\/dae\/\",\"name\":\"Direcci\u00f3n de Asuntos Estudiantiles\",\"description\":\"Otro sitio de Sitios de Universidad O'higgins\",\"potentialAction\":[{\"@type\":\"SearchAction\",\"target\":{\"@type\":\"EntryPoint\",\"urlTemplate\":\"https:\/\/www.uoh.cl\/dae\/?s={search_term_string}\"},\"query-input\":{\"@type\":\"PropertyValueSpecification\",\"valueRequired\":true,\"valueName\":\"search_term_string\"}}],\"inLanguage\":\"es-CL\"},{\"@type\":\"Person\",\"@id\":\"https:\/\/www.uoh.cl\/dae\/#\/schema\/person\/ea242e676c7d6d7e46fc8b9e39486c4f\",\"name\":\"Universidad de O'Higgins\",\"image\":{\"@type\":\"ImageObject\",\"inLanguage\":\"es-CL\",\"@id\":\"https:\/\/www.uoh.cl\/dae\/#\/schema\/person\/image\/\",\"url\":\"https:\/\/secure.gravatar.com\/avatar\/78fcb76ca05efae11fd355943c01a832a29786cc00d85b1a82c301bea2b2a214?s=96&d=mm&r=g\",\"contentUrl\":\"https:\/\/secure.gravatar.com\/avatar\/78fcb76ca05efae11fd355943c01a832a29786cc00d85b1a82c301bea2b2a214?s=96&d=mm&r=g\",\"caption\":\"Universidad de O'Higgins\"}}]}<\/script>\n<!-- \/ Yoast SEO plugin. -->","yoast_head_json":{"title":"La Regi\u00f3n de O\u2019Higgins se pone las zapatillas: Corrida UOH 2025 suma por primera vez un circuito competitivo de 10K - Direcci\u00f3n de Asuntos Estudiantiles","description":"El evento deportivo se realizar\u00e1 el domingo 19 de octubre. A la tradicional distancia recreativa de 5K, se incorporar\u00e1 una categor\u00eda familiar de 2K.","robots":{"index":"noindex","follow":"nofollow"},"og_locale":"es_ES","og_type":"article","og_title":"La Regi\u00f3n de O\u2019Higgins se pone las zapatillas: Corrida UOH 2025 suma por primera vez un circuito competitivo de 10K - Direcci\u00f3n de Asuntos Estudiantiles","og_description":"El evento deportivo se realizar\u00e1 el domingo 19 de octubre. A la tradicional distancia recreativa de 5K, se incorporar\u00e1 una categor\u00eda familiar de 2K.","og_url":"https:\/\/www.uoh.cl\/dae\/2025\/09\/23\/la-region-de-ohiggins-se-pone-las-zapatillas-corrida-uoh-2025-suma-por-primera-vez-un-circuito-competitivo-de-10k\/","og_site_name":"Direcci\u00f3n de Asuntos Estudiantiles","article_published_time":"2025-09-23T13:30:52+00:00","article_modified_time":"2025-09-23T15:08:21+00:00","og_image":[{"width":1421,"height":1000,"url":"https:\/\/www.uoh.cl\/dae\/wp-content\/uploads\/sites\/44\/2025\/09\/Corrida-UOH-3-2.jpg","type":"image\/jpeg"}],"author":"Universidad de O'Higgins","twitter_card":"summary_large_image","twitter_misc":{"Escrito por":"Universidad de O'Higgins","Tiempo estimado de lectura":"5 minutos"},"schema":{"@context":"https:\/\/schema.org","@graph":[{"@type":"WebPage","@id":"https:\/\/www.uoh.cl\/dae\/2025\/09\/23\/la-region-de-ohiggins-se-pone-las-zapatillas-corrida-uoh-2025-suma-por-primera-vez-un-circuito-competitivo-de-10k\/","url":"https:\/\/www.uoh.cl\/dae\/2025\/09\/23\/la-region-de-ohiggins-se-pone-las-zapatillas-corrida-uoh-2025-suma-por-primera-vez-un-circuito-competitivo-de-10k\/","name":"La Regi\u00f3n de O\u2019Higgins se pone las zapatillas: Corrida UOH 2025 suma por primera vez un circuito competitivo de 10K - Direcci\u00f3n de Asuntos Estudiantiles","isPartOf":{"@id":"https:\/\/www.uoh.cl\/dae\/#website"},"primaryImageOfPage":{"@id":"https:\/\/www.uoh.cl\/dae\/2025\/09\/23\/la-region-de-ohiggins-se-pone-las-zapatillas-corrida-uoh-2025-suma-por-primera-vez-un-circuito-competitivo-de-10k\/#primaryimage"},"image":{"@id":"https:\/\/www.uoh.cl\/dae\/2025\/09\/23\/la-region-de-ohiggins-se-pone-las-zapatillas-corrida-uoh-2025-suma-por-primera-vez-un-circuito-competitivo-de-10k\/#primaryimage"},"thumbnailUrl":"https:\/\/www.uoh.cl\/dae\/wp-content\/uploads\/sites\/44\/2025\/09\/Corrida-UOH-3-2.jpg","datePublished":"2025-09-23T13:30:52+00:00","dateModified":"2025-09-23T15:08:21+00:00","author":{"@id":"https:\/\/www.uoh.cl\/dae\/#\/schema\/person\/ea242e676c7d6d7e46fc8b9e39486c4f"},"description":"El evento deportivo se realizar\u00e1 el domingo 19 de octubre. A la tradicional distancia recreativa de 5K, se incorporar\u00e1 una categor\u00eda familiar de 2K.","breadcrumb":{"@id":"https:\/\/www.uoh.cl\/dae\/2025\/09\/23\/la-region-de-ohiggins-se-pone-las-zapatillas-corrida-uoh-2025-suma-por-primera-vez-un-circuito-competitivo-de-10k\/#breadcrumb"},"inLanguage":"es-CL","potentialAction":[{"@type":"ReadAction","target":["https:\/\/www.uoh.cl\/dae\/2025\/09\/23\/la-region-de-ohiggins-se-pone-las-zapatillas-corrida-uoh-2025-suma-por-primera-vez-un-circuito-competitivo-de-10k\/"]}]},{"@type":"ImageObject","inLanguage":"es-CL","@id":"https:\/\/www.uoh.cl\/dae\/2025\/09\/23\/la-region-de-ohiggins-se-pone-las-zapatillas-corrida-uoh-2025-suma-por-primera-vez-un-circuito-competitivo-de-10k\/#primaryimage","url":"https:\/\/www.uoh.cl\/dae\/wp-content\/uploads\/sites\/44\/2025\/09\/Corrida-UOH-3-2.jpg","contentUrl":"https:\/\/www.uoh.cl\/dae\/wp-content\/uploads\/sites\/44\/2025\/09\/Corrida-UOH-3-2.jpg","width":1421,"height":1000},{"@type":"BreadcrumbList","@id":"https:\/\/www.uoh.cl\/dae\/2025\/09\/23\/la-region-de-ohiggins-se-pone-las-zapatillas-corrida-uoh-2025-suma-por-primera-vez-un-circuito-competitivo-de-10k\/#breadcrumb","itemListElement":[{"@type":"ListItem","position":1,"name":"Portada","item":"https:\/\/www.uoh.cl\/dae\/"},{"@type":"ListItem","position":2,"name":"La Regi\u00f3n de O\u2019Higgins se pone las zapatillas: Corrida UOH 2025 suma por primera vez un circuito competitivo de 10K"}]},{"@type":"WebSite","@id":"https:\/\/www.uoh.cl\/dae\/#website","url":"https:\/\/www.uoh.cl\/dae\/","name":"Direcci\u00f3n de Asuntos Estudiantiles","description":"Otro sitio de Sitios de Universidad O'higgins","potentialAction":[{"@type":"SearchAction","target":{"@type":"EntryPoint","urlTemplate":"https:\/\/www.uoh.cl\/dae\/?s={search_term_string}"},"query-input":{"@type":"PropertyValueSpecification","valueRequired":true,"valueName":"search_term_string"}}],"inLanguage":"es-CL"},{"@type":"Person","@id":"https:\/\/www.uoh.cl\/dae\/#\/schema\/person\/ea242e676c7d6d7e46fc8b9e39486c4f","name":"Universidad de O'Higgins","image":{"@type":"ImageObject","inLanguage":"es-CL","@id":"https:\/\/www.uoh.cl\/dae\/#\/schema\/person\/image\/","url":"https:\/\/secure.gravatar.com\/avatar\/78fcb76ca05efae11fd355943c01a832a29786cc00d85b1a82c301bea2b2a214?s=96&d=mm&r=g","contentUrl":"https:\/\/secure.gravatar.com\/avatar\/78fcb76ca05efae11fd355943c01a832a29786cc00d85b1a82c301bea2b2a214?s=96&d=mm&r=g","caption":"Universidad de O'Higgins"}}]}},"_links":{"self":[{"href":"https:\/\/www.uoh.cl\/dae\/wp-json\/wp\/v2\/posts\/710","targetHints":{"allow":["GET"]}}],"collection":[{"href":"https:\/\/www.uoh.cl\/dae\/wp-json\/wp\/v2\/posts"}],"about":[{"href":"https:\/\/www.uoh.cl\/dae\/wp-json\/wp\/v2\/types\/post"}],"author":[{"embeddable":true,"href":"https:\/\/www.uoh.cl\/dae\/wp-json\/wp\/v2\/users\/34"}],"replies":[{"embeddable":true,"href":"https:\/\/www.uoh.cl\/dae\/wp-json\/wp\/v2\/comments?post=710"}],"version-history":[{"count":1,"href":"https:\/\/www.uoh.cl\/dae\/wp-json\/wp\/v2\/posts\/710\/revisions"}],"predecessor-version":[{"id":712,"href":"https:\/\/www.uoh.cl\/dae\/wp-json\/wp\/v2\/posts\/710\/revisions\/712"}],"wp:featuredmedia":[{"embeddable":true,"href":"https:\/\/www.uoh.cl\/dae\/wp-json\/wp\/v2\/media\/713"}],"wp:attachment":[{"href":"https:\/\/www.uoh.cl\/dae\/wp-json\/wp\/v2\/media?parent=710"}],"wp:term":[{"taxonomy":"category","embeddable":true,"href":"https:\/\/www.uoh.cl\/dae\/wp-json\/wp\/v2\/categories?post=710"},{"taxonomy":"post_tag","embeddable":true,"href":"https:\/\/www.uoh.cl\/dae\/wp-json\/wp\/v2\/tags?post=710"}],"curies":[{"name":"wp","href":"https:\/\/api.w.org\/{rel}","templated":true}]}}