
{"id":366,"date":"2024-07-12T11:18:29","date_gmt":"2024-07-12T14:18:29","guid":{"rendered":"https:\/\/www.uoh.cl\/dae\/2024\/07\/12\/los-riesgos-en-las-bebidas-energeticas-en-la-salud-educacion-y-regulacion-en-el-consumo\/"},"modified":"2024-07-12T11:18:29","modified_gmt":"2024-07-12T14:18:29","slug":"los-riesgos-en-las-bebidas-energeticas-en-la-salud-educacion-y-regulacion-en-el-consumo","status":"publish","type":"post","link":"https:\/\/www.uoh.cl\/dae\/2024\/07\/12\/los-riesgos-en-las-bebidas-energeticas-en-la-salud-educacion-y-regulacion-en-el-consumo\/","title":{"rendered":"Los riesgos en las bebidas energ\u00e9ticas en la salud: educaci\u00f3n y regulaci\u00f3n en el consumo"},"content":{"rendered":"<div class=\"wpb-content-wrapper\"><p>[vc_section el_class=&#8221;container mx-auto align-items-center circle&#8211;pattern&#8221; css=&#8221;.vc_custom_1648956589196{padding-top: 3rem !important;}&#8221;][vc_row][vc_column]<div class=\"breadcrumb\"><ol itemscope itemtype=\"https:\/\/schema.org\/BreadcrumbList\"><li itemprop=\"itemListElement\" itemscope itemtype=\"https:\/\/schema.org\/ListItem\"><a itemprop=\"item\" href=\"http:\/\/www.uoh.cl\"><span itemprop=\"name\">Inicio<\/span><\/a><meta itemprop=\"position\" content=\"1\" \/><li itemprop=\"itemListElement\" itemscope itemtype=\"https:\/\/schema.org\/ListItem\"><a itemprop=\"item\" href=\"https:\/\/www.uoh.cl\/dae\"><span itemprop=\"name\">Direcci\u00f3n de Asuntos Estudiantiles<\/span><\/a><meta itemprop=\"position\" content=\"2\" \/><li itemprop=\"itemListElement\" itemscope itemtype=\"https:\/\/schema.org\/ListItem\"><a itemprop=\"item\" href=\"https:\/\/www.uoh.cl\/dae\/noticias\/\"><span itemprop=\"name\">Noticias<\/span><\/a><meta itemprop=\"position\" content=\"3\" \/><li itemprop=\"itemListElement\" itemscope itemtype=\"https:\/\/schema.org\/ListItem\"><span itemprop=\"name\">Los riesgos en las bebidas energ\u00e9ticas en la salud: educaci\u00f3n <\/span><meta itemprop=\"position\" content=\"4\" \/><\/ol><\/div><ul class=\"p-0 list-style-none d-inline-block\"><li class=\"p-0\"><a href=https:\/\/www.uoh.cl\/dae\/category\/salud\/ class=\"px-1 py-2\">Salud<\/a><\/li><\/ul><div class=\"date_publish_post\"> \u25cf Vie 12 de Julio 2024<\/div><div class=\"uoh_title_component-container\"><h1 class=\"title title--ms d-inline-block title--decorator  big\">Los riesgos en las bebidas energ\u00e9ticas en la salud: educaci\u00f3n y regulaci\u00f3n en el consumo<\/h1><\/div>[vc_row_inner el_class=&#8221;border-separator m-0&#8243;][vc_column_inner width=&#8221;2\/3&#8243;]<div class=\"author_wp_class\"> Escrito por <span>Universidad de O'Higgins<\/span><\/div>[\/vc_column_inner][vc_column_inner el_class=&#8221;align-items-end-publish&#8221; width=&#8221;1\/3&#8243;]<div class=\"uoh_social_network_component uoh_row col-12 justify-content-end m-0 p-0\"> <div class=\"icon__facebook-share-button\">\n                       <a href=\"https:\/\/www.facebook.com\/sharer\/sharer.php?u=https:\/\/www.uoh.cl\/dae\/2024\/07\/12\/los-riesgos-en-las-bebidas-energeticas-en-la-salud-educacion-y-regulacion-en-el-consumo\/\" target=\"_blank\"> <div class=\"icon__facebook-svg\"><svg version=\"1.1\" xmlns=\"http:\/\/www.w3.org\/2000\/svg\" xmlns:xlink=\"http:\/\/www.w3.org\/1999\/xlink\" x=\"0px\" y=\"0px\" width=\"22.4px\" height=\"48.3px\" viewBox=\"0 0 22.4 48.3\" style=\"overflow:visible;enable-background:new 0 0 22.4 48.3;\" xml:space=\"preserve\">\n                <defs>\n                <\/defs>\n                <path class=\"st0\" d=\"M22.4,15.6h-7.6v-5c0-1.9,1.2-2.3,2.1-2.3c0.9,0,5.4,0,5.4,0V0l-7.4,0C6.6,0,4.8,6.2,4.8,10.1v5.5H0v8.5h4.8\n                    c0,10.9,0,24.1,0,24.1h10c0,0,0-13.3,0-24.1h6.8L22.4,15.6z\"><\/path>\n                <\/svg><\/a><\/div>\n                    <\/div><div class=\"icon__twitter-share-button\">\n                        <div class=\"icon__twitter-svg\"><a target=\"_blank\" href=\"http:\/\/twitter.com\/share?url=https:\/\/www.uoh.cl\/dae\/2024\/07\/12\/los-riesgos-en-las-bebidas-energeticas-en-la-salud-educacion-y-regulacion-en-el-consumo\/\"><svg xmlns=\"http:\/\/www.w3.org\/2000\/svg\" height=\"1em\" viewBox=\"0 0 512 512\"><!--! Font Awesome Free 6.4.2 by @fontawesome - https:\/\/fontawesome.com License - https:\/\/fontawesome.com\/license (Commercial License) Copyright 2023 Fonticons, Inc. --><path d=\"M389.2 48h70.6L305.6 224.2 487 464H345L233.7 318.6 106.5 464H35.8L200.7 275.5 26.8 48H172.4L272.9 180.9 389.2 48zM364.4 421.8h39.1L151.1 88h-42L364.4 421.8z\"\/><\/svg><\/a><\/div>\n                        <\/div><div class=\"icon__linkedin-share-button\">\n                        <div class=\"icon__linkedin-svg\">\n                        <a target=\"__blank\" href=\"https:\/\/www.linkedin.com\/sharing\/share-offsite\/?url=https:\/\/www.uoh.cl\/dae\/2024\/07\/12\/los-riesgos-en-las-bebidas-energeticas-en-la-salud-educacion-y-regulacion-en-el-consumo\/\"><svg enable-background=\"new 0 0 100 100\" height=\"100px\" id=\"Layer_1\" version=\"1.1\" viewBox=\"0 0 100 100\" width=\"100px\" xml:space=\"preserve\" xmlns=\"http:\/\/www.w3.org\/2000\/svg\" xmlns:xlink=\"http:\/\/www.w3.org\/1999\/xlink\"><g><circle cx=\"50\" cy=\"50\" fill=\"#ccc\" r=\"45\"\/><g id=\"LinkedIn_1_\"><rect fill=\"#FFFFFF\" height=\"24.361\" width=\"7.69\" x=\"31.271\" y=\"43.569\"\/><path d=\"M59.968,43.334c-4.406,0-7.165,2.387-7.677,4.058v-3.823h-8.636c0.109,2.03,0,24.361,0,24.361h8.636    V54.748c0-0.733-0.034-1.465,0.19-1.991c0.594-1.464,1.869-2.985,4.162-2.985c2.998,0,4.361,2.253,4.361,5.552V67.93h8.721V54.384    C69.726,46.839,65.432,43.334,59.968,43.334z\" fill=\"#FFFFFF\"\/><path d=\"M34.973,32.069c-2.839,0-4.696,1.823-4.696,4.229c0,2.361,1.804,4.224,4.589,4.224h0.054    c2.891,0,4.69-1.869,4.69-4.229C39.555,33.888,37.81,32.069,34.973,32.069z\" fill=\"#FFFFFF\"\/><\/g><\/g><\/svg><\/a><\/div>\n\n            <\/div><\/div>[\/vc_column_inner][\/vc_row_inner][vc_single_image image=&#8221;35597&#8243; img_size=&#8221;full&#8221; add_caption=&#8221;yes&#8221; alignment=&#8221;center&#8221; onclick=&#8221;img_link_large&#8221; img_link_target=&#8221;_blank&#8221; css=&#8221;&#8221;][vc_column_text]\u00a0[\/vc_column_text][vc_column_text css=&#8221;&#8221;]<\/p>\n<ul>\n<li><i><span lang=\"es\">La m\u00e9dico hemat\u00f3loga Carolina Contreras apunta a la <\/span><\/i><i>necesidad de educar a los j\u00f3venes sobre los riesgos, especialmente aquellos con antecedentes familiares de problemas card\u00edacos.<\/i><i><\/i><\/li>\n<\/ul>\n<p>[\/vc_column_text][vc_column_text]\u00a0[\/vc_column_text][vc_column_text css=&#8221;&#8221;]<\/p>\n<p style=\"font-weight: 400\">Un nuevo estudio, publicado en la revista Heart Rhythm, ha revelado preocupantes hallazgos sobre el consumo de bebidas energ\u00e9ticas en pacientes con enfermedades card\u00edacas gen\u00e9ticas. La investigaci\u00f3n, realizada por especialistas de la Mayo Clinic, examin\u00f3 a un grupo de 144 sobrevivientes de paros card\u00edacos repentinos, encontrando que un 5% hab\u00eda consumido bebidas energ\u00e9ticas antes del evento.<\/p>\n<p style=\"font-weight: 400\">Aunque el estudio no pudo establecer una causalidad directa, los expertos advierten sobre los posibles riesgos de estas bebidas, destacando la falta de regulaci\u00f3n de las bebidas energ\u00e9ticas en EE.UU. y la importancia de investigar sus efectos en la salud card\u00edaca.<\/p>\n<h4 style=\"font-weight: 400\"><strong>Realidad sin control<\/strong><\/h4>\n<p style=\"font-weight: 400\">En Espa\u00f1a, desde 2022, el Ministerio de Sanitas, enmarcado en el Plan sobre Drogas y por la Agencia Espa\u00f1ola de Seguridad Alimentaria y Nutrici\u00f3n, ya comenz\u00f3 a regular acerca de las energ\u00e9ticas, definidas como aquellas bebidas con m\u00e1s de 150 mg por 100 ml. En Chile, las bebidas energ\u00e9ticas est\u00e1n reguladas de manera gen\u00e9rica en el T\u00edtulo XXIX &#8220;De los suplementos alimentarios y de los alimentos para deportistas del Reglamento Sanitario de los Alimentos contenido en el Decreto Supremo 997 de 1996 del Ministerio de Salud&#8221;. En su art\u00edculo N\u00b0534 se establece una definici\u00f3n amplia de los &#8220;productos elaborados o preparados especialmente para suplementar la dieta con fines saludables y contribuir a mantener o proteger estados fisiol\u00f3gicos caracter\u00edsticos tales como adolescencia, adultez o vejez&#8221;. Este Proyecto de Ley se public\u00f3 en agosto de 2022, enmarcado en la Ley de Bebidas Alcoh\u00f3licas.<\/p>\n<p style=\"font-weight: 400\">Lo cierto es que las bebidas energ\u00e9ticas contienen cafe\u00edna y otros ingredientes estimulantes, como la taurina y la guaran\u00e1, que podr\u00edan alterar la frecuencia card\u00edaca y la presi\u00f3n arterial. La cafe\u00edna oscila entre 80 mg y 300 mg por porci\u00f3n, en comparaci\u00f3n con los 100 mg en una taza de 8 onzas de caf\u00e9 preparado (aproximadamente 250 ml).<\/p>\n<p style=\"font-weight: 400\">\u201cLos adolescentes y adultos j\u00f3venes se sienten particularmente atra\u00eddos a las bebidas energ\u00e9ticas debido a la comercializaci\u00f3n y publicidad como un producto eficaz, influencia dentro del grupo de amigos y la falta de conocimiento de los componentes y sus efectos en la salud. El alto contenido de az\u00facar en bebidas energ\u00e9ticas con cafe\u00edna es similar a otras bebidas no alcoh\u00f3licas y conocidas por contribuir a la obesidad\u201d, se\u00f1ala la m\u00e9dico hemat\u00f3loga y coordinadora acad\u00e9mica de Internados de la\u00a0<a href=\"https:\/\/www.uoh.cl\/escuela-de-salud\/\" data-saferedirecturl=\"https:\/\/www.google.com\/url?q=https:\/\/www.uoh.cl\/escuela-de-salud\/&amp;source=gmail&amp;ust=1720875333100000&amp;usg=AOvVaw2FJzv3Tj9HVgmi7VHY_EG6\">Escuela de Salud<\/a>\u00a0de la\u00a0<a href=\"http:\/\/www.uoh.cl\/\" data-saferedirecturl=\"https:\/\/www.google.com\/url?q=http:\/\/www.uoh.cl\/&amp;source=gmail&amp;ust=1720875333100000&amp;usg=AOvVaw2BDUbwr4AF6X_rau5yn8qe\">Universidad de O\u2019Higgins<\/a>\u00a0(UOH), Carolina Contreras.<\/p>\n<p style=\"font-weight: 400\">Adem\u00e1s, estudios han sugerido que el consumo de estas bebidas puede afectar la eficiencia del sue\u00f1o, especialmente en j\u00f3venes. \u201cAlgo importante a adoptar por los padres es mostrar a ni\u00f1os y adolescentes la composici\u00f3n de estas bebidas, m\u00e1s all\u00e1 de la romantizaci\u00f3n de los avisos publicitarios, sobre todo en aquellos con antecedentes familiares de hipertensi\u00f3n arterial, cardiopat\u00edas y otros problemas de salud, incluyendo por supuesto salud mental\u201d, a\u00f1ade la Dra. Contreras.<\/p>\n<p style=\"font-weight: 400\">Pero, \u00bfqu\u00e9 papel juegan las investigaciones adicionales en la comprensi\u00f3n de los efectos a largo plazo del consumo de bebidas energ\u00e9ticas en la salud card\u00edaca? Contreras se\u00f1ala que, en nuestro pa\u00eds,\u00a0el Instituto de Nutrici\u00f3n y Tecnolog\u00eda de los Alimentos est\u00e1 jugando un rol sumamente importante en cuanto a los efectos que pueden tener las bebidas energ\u00e9ticas en ni\u00f1os y adolescentes. Seg\u00fan datos de 2024, en encuesta realizada en estudiantes del\u00a0Liceo Bicentenario Insular de Achao, en Chilo\u00e9, 37,2% reconoci\u00f3 consumir bebidas energ\u00e9ticas algunos d\u00edas a la semana. La clave en mantener a largo plazo un estilo de vida adecuado es la implementaci\u00f3n de pol\u00edticas y el avance en materia legislativa acerca del consumo de estas bebidas en nuestros futuros adultos\u201d.<\/p>\n<p style=\"font-weight: 400\">Investigadoras\/es de prestigiosas universidades enfatizan la importancia de consumir estas bebidas con moderaci\u00f3n y de estar atentos a cualquier efecto adverso, especialmente para aquellos con enfermedades card\u00edacas gen\u00e9ticas o factores de riesgo. Asimismo, destacan la necesidad de investigaciones adicionales para comprender mejor los efectos a largo plazo del consumo de bebidas energ\u00e9ticas en la salud card\u00edaca. \u201cLo m\u00e1s importante es la informaci\u00f3n adecuada que reciba la poblaci\u00f3n en general, en un lenguaje totalmente comprensible. Leer de manera clara y consciente el etiquetado de dichos productos es otro factor importante, siempre y cuando, desde un marco legal adecuado, se simplifique esta informaci\u00f3n\u201d, concluye Carolina Contreras.<\/p>\n<p>[\/vc_column_text][vc_zigzag color=&#8221;white&#8221;][\/vc_column][\/vc_row][\/vc_section][vc_section css=&#8221;.vc_custom_1650255686594{background-color: #f6faff !important;}&#8221; el_class=&#8221;p-md-0 pt-md-5&#8243;][vc_row el_class=&#8221;container mx-auto align-items-center p-md-0 pt-5 pb-5&#8243;][vc_column el_class=&#8221;pb-5&#8243;][vc_row_inner el_class=&#8221;pb-5&#8243;][vc_column_inner]<div class=\"row m-0 p-0\"><div class=\"col-12 col-md-9 pt-5 pt-md-0\"><h2 class=\"title title--decorator title--ms d-inline-block\">Te Recomendamos<\/h2><\/div><\/div><div class=\"content-holder\"><div class=\"row  swipper-news-list not--activate-hack \"><div class=\"row -wrapper\"><div class=\"  col-sm-6 col-md-4 img-article\">\n                                        <div class=\"content-news-display row m-0 p-0\"><div class=\"holder p-0 \"><div class=\"img-wrap img-wrap-news\">\n                                        <div class=\"caption__news-category\">\n                                        <a href=\"https:\/\/www.uoh.cl\/dae\/category\/institucional\/\">\n                                        Institucional<\/a><\/div><img decoding=\"async\" class=\"w-100 h-100 lazyload\" data-src=\"https:\/\/www.uoh.cl\/dae\/wp-content\/uploads\/sites\/44\/2026\/04\/Inauguracion-Ano-Academico-2026-6.jpg\" alt=\"Reflexi\u00f3n universitaria: UOH inaugura A\u00f1o Acad\u00e9mico 2026 pensando en los desaf\u00edos de la Educaci\u00f3n Superior\" style=\"--smush-placeholder-width: 1500px; --smush-placeholder-aspect-ratio: 1500\/1000;object-fit: cover; object-position: center;\" src=\"data:image\/svg+xml;base64,PHN2ZyB3aWR0aD0iMSIgaGVpZ2h0PSIxIiB4bWxucz0iaHR0cDovL3d3dy53My5vcmcvMjAwMC9zdmciPjwvc3ZnPg==\"><\/div><\/div><div class=\"caption py-3 caption__news py-md-3 pb-md-5\">\n                                    <span class=\"caption__date\">Mi\u00e9rcoles 29, Abril<\/span>\n                                     <a href=\"https:\/\/www.uoh.cl\/dae\/2026\/04\/29\/reflexion-universitaria-uoh-inaugura-ano-academico-2026-pensando-en-los-desafios-de-la-educacion-superior\/\">\n                                    <h3 class=\"small-space\">Reflexi\u00f3n universitaria: UOH inaugura A\u00f1o Acad\u00e9mico 2026 pensando en los desaf\u00edos de la Educaci\u00f3n Superior<\/h3><\/a>\n\n                                    <p>La ceremonia promovi\u00f3 el an\u00e1lisis acerca de los cambios educativos que se avecinan dentro de los procesos de formaci\u00f3n universitaria ajustados a contextos digitales.   <\/p>\n                                    <a class=\"link link--bold mt-md-3\" href=\"https:\/\/www.uoh.cl\/dae\/2026\/04\/29\/reflexion-universitaria-uoh-inaugura-ano-academico-2026-pensando-en-los-desafios-de-la-educacion-superior\/\">Saber m\u00e1s <span class=\"icon icon--inline icon--link\"><svg version=\"1.1\" xmlns=\"http:\/\/www.w3.org\/2000\/svg\" xmlns:xlink=\"http:\/\/www.w3.org\/1999\/xlink\" x=\"0px\" y=\"0px\" width=\"22px\"height=\"22px\" viewBox=\"0 0 22 22\" style=\"overflow:visible;enable-background:new 0 0 80 64.6;\" xml:space=\"preserve\"><g clip-path=\"url(#acA)\"><path fill-rule=\"evenodd\" d=\"M21.913 11.266a.93.93 0 000-.711c-.022-.056-.063-.097-.091-.144s-.053-.103-.097-.15L12.306.294c-.357-.379-.955-.394-1.334-.038s-.394.955-.038 1.334l7.917 8.374H.927a.95.95 0 00-.908.983.946.946 0 00.908.908h17.924l-8.089 8.552c-.357.379-.341.977.034 1.334s.977.341 1.334-.034l9.594-10.148c.044-.044.063-.1.097-.15.028-.047.069-.088.091-.141z\"\/><\/g><defs><clipPath id=\"acA\"><path fill=\"#fff\" d=\"M0 0h22v22H0z\"\/><\/clipPath><\/defs><\/svg><\/span><\/a><\/div><\/div><\/div><div class=\"  col-sm-6 col-md-4 img-article\">\n                                        <div class=\"content-news-display row m-0 p-0\"><div class=\"holder p-0 \"><div class=\"img-wrap img-wrap-news\">\n                                        <div class=\"caption__news-category\">\n                                        <a href=\"https:\/\/www.uoh.cl\/dae\/category\/cuech\/\">\n                                        CUECH<\/a><\/div><img decoding=\"async\" class=\"w-100 h-100 lazyload\" data-src=\"https:\/\/www.uoh.cl\/dae\/wp-content\/uploads\/sites\/44\/2026\/04\/DSC_2431-scaled.jpg\" alt=\"Universidades estatales sellan hoja de ruta 2030: Red Desarrollo Sustentable entra en fase de consolidaci\u00f3n\" style=\"--smush-placeholder-width: 2560px; --smush-placeholder-aspect-ratio: 2560\/1707;object-fit: cover; object-position: center;\" src=\"data:image\/svg+xml;base64,PHN2ZyB3aWR0aD0iMSIgaGVpZ2h0PSIxIiB4bWxucz0iaHR0cDovL3d3dy53My5vcmcvMjAwMC9zdmciPjwvc3ZnPg==\"><\/div><\/div><div class=\"caption py-3 caption__news py-md-3 pb-md-5\">\n                                    <span class=\"caption__date\">Mi\u00e9rcoles 15, Abril<\/span>\n                                     <a href=\"https:\/\/www.uoh.cl\/dae\/2026\/04\/15\/universidades-estatales-sellan-hoja-de-ruta-2030-red-desarrollo-sustentable-entra-en-fase-de-consolidacion\/\">\n                                    <h3 class=\"small-space\">Universidades estatales sellan hoja de ruta 2030: Red Desarrollo Sustentable entra en fase de consolidaci\u00f3n<\/h3><\/a>\n\n                                    <p>En el Plenario realizado en la Universidad de O'Higgins, los 18 planteles p\u00fablicos definieron sus metas estrat\u00e9gicas para el periodo 2026-2030. El plan priorizar\u00e1 la institucionalizaci\u00f3n de capacidades, un diplomado para organismos p\u00fablicos y la medici\u00f3n de la huella h\u00eddrica en los campus.<\/p>\n                                    <a class=\"link link--bold mt-md-3\" href=\"https:\/\/www.uoh.cl\/dae\/2026\/04\/15\/universidades-estatales-sellan-hoja-de-ruta-2030-red-desarrollo-sustentable-entra-en-fase-de-consolidacion\/\">Saber m\u00e1s <span class=\"icon icon--inline icon--link\"><svg version=\"1.1\" xmlns=\"http:\/\/www.w3.org\/2000\/svg\" xmlns:xlink=\"http:\/\/www.w3.org\/1999\/xlink\" x=\"0px\" y=\"0px\" width=\"22px\"height=\"22px\" viewBox=\"0 0 22 22\" style=\"overflow:visible;enable-background:new 0 0 80 64.6;\" xml:space=\"preserve\"><g clip-path=\"url(#acA)\"><path fill-rule=\"evenodd\" d=\"M21.913 11.266a.93.93 0 000-.711c-.022-.056-.063-.097-.091-.144s-.053-.103-.097-.15L12.306.294c-.357-.379-.955-.394-1.334-.038s-.394.955-.038 1.334l7.917 8.374H.927a.95.95 0 00-.908.983.946.946 0 00.908.908h17.924l-8.089 8.552c-.357.379-.341.977.034 1.334s.977.341 1.334-.034l9.594-10.148c.044-.044.063-.1.097-.15.028-.047.069-.088.091-.141z\"\/><\/g><defs><clipPath id=\"acA\"><path fill=\"#fff\" d=\"M0 0h22v22H0z\"\/><\/clipPath><\/defs><\/svg><\/span><\/a><\/div><\/div><\/div><div class=\"  col-sm-6 col-md-4 img-article\">\n                                        <div class=\"content-news-display row m-0 p-0\"><div class=\"holder p-0 \"><div class=\"img-wrap img-wrap-news\">\n                                        <div class=\"caption__news-category\">\n                                        <a href=\"https:\/\/www.uoh.cl\/dae\/category\/institucional\/\">\n                                        Institucional<\/a><\/div><img decoding=\"async\" class=\"w-100 h-100 lazyload\" data-src=\"https:\/\/www.uoh.cl\/dae\/wp-content\/uploads\/sites\/44\/2026\/04\/Frontis-UOH.jpg\" alt=\"Comunicado oficial: Suspensi\u00f3n de actividades Campus Rancagua\" style=\"--smush-placeholder-width: 1500px; --smush-placeholder-aspect-ratio: 1500\/1000;object-fit: cover; object-position: center;\" src=\"data:image\/svg+xml;base64,PHN2ZyB3aWR0aD0iMSIgaGVpZ2h0PSIxIiB4bWxucz0iaHR0cDovL3d3dy53My5vcmcvMjAwMC9zdmciPjwvc3ZnPg==\"><\/div><\/div><div class=\"caption py-3 caption__news py-md-3 pb-md-5\">\n                                    <span class=\"caption__date\">Martes 14, Abril<\/span>\n                                     <a href=\"https:\/\/www.uoh.cl\/dae\/2026\/04\/14\/comunicado-oficial-suspension-de-actividades-campus-rancagua\/\">\n                                    <h3 class=\"small-space\">Comunicado oficial: Suspensi\u00f3n de actividades Campus Rancagua<\/h3><\/a>\n\n                                    <p>Ante la amenaza de tiroteo ocurrida en el Campus Rancagua.<\/p>\n                                    <a class=\"link link--bold mt-md-3\" href=\"https:\/\/www.uoh.cl\/dae\/2026\/04\/14\/comunicado-oficial-suspension-de-actividades-campus-rancagua\/\">Saber m\u00e1s <span class=\"icon icon--inline icon--link\"><svg version=\"1.1\" xmlns=\"http:\/\/www.w3.org\/2000\/svg\" xmlns:xlink=\"http:\/\/www.w3.org\/1999\/xlink\" x=\"0px\" y=\"0px\" width=\"22px\"height=\"22px\" viewBox=\"0 0 22 22\" style=\"overflow:visible;enable-background:new 0 0 80 64.6;\" xml:space=\"preserve\"><g clip-path=\"url(#acA)\"><path fill-rule=\"evenodd\" d=\"M21.913 11.266a.93.93 0 000-.711c-.022-.056-.063-.097-.091-.144s-.053-.103-.097-.15L12.306.294c-.357-.379-.955-.394-1.334-.038s-.394.955-.038 1.334l7.917 8.374H.927a.95.95 0 00-.908.983.946.946 0 00.908.908h17.924l-8.089 8.552c-.357.379-.341.977.034 1.334s.977.341 1.334-.034l9.594-10.148c.044-.044.063-.1.097-.15.028-.047.069-.088.091-.141z\"\/><\/g><defs><clipPath id=\"acA\"><path fill=\"#fff\" d=\"M0 0h22v22H0z\"\/><\/clipPath><\/defs><\/svg><\/span><\/a><\/div><\/div><\/div><\/div><\/div><\/div><div class=\"pagination justify-content-center my-5\"><span aria-current=\"page\" class=\"page-numbers current\">1<\/span>\n<a class=\"page-numbers\" href=\"https:\/\/www.uoh.cl\/dae\/wp-json\/wp\/v2\/posts\/366\/\/page\/2\">2<\/a>\n<a class=\"page-numbers\" href=\"https:\/\/www.uoh.cl\/dae\/wp-json\/wp\/v2\/posts\/366\/\/page\/3\">3<\/a>\n<span class=\"page-numbers dots\">&hellip;<\/span>\n<a class=\"page-numbers\" href=\"https:\/\/www.uoh.cl\/dae\/wp-json\/wp\/v2\/posts\/366\/\/page\/30\">30<\/a>\n<a class=\"next page-numbers\" href=\"https:\/\/www.uoh.cl\/dae\/wp-json\/wp\/v2\/posts\/366\/\/page\/2\"><div class=\"icon-pagination-next\"> <?xml version=\"1.0\" ?><svg viewBox=\"0 0 96 96\" xmlns=\"http:\/\/www.w3.org\/2000\/svg\"><title\/><path d=\"M39.3756,48.0022l30.47-25.39a6.0035,6.0035,0,0,0-7.6878-9.223L26.1563,43.3906a6.0092,6.0092,0,0,0,0,9.2231L62.1578,82.615a6.0035,6.0035,0,0,0,7.6878-9.2231Z\"\/><\/svg> <\/div><\/a><\/div>[\/vc_column_inner][\/vc_row_inner][\/vc_column][\/vc_row][\/vc_section]<\/p>\n<\/div>","protected":false},"excerpt":{"rendered":"<p>La m\u00e9dico hemat\u00f3loga Carolina Contreras apunta a la necesidad de educar a los j\u00f3venes sobre los riesgos, especialmente aquellos con antecedentes familiares de problemas card\u00edacos.<\/p>\n","protected":false},"author":34,"featured_media":367,"comment_status":"open","ping_status":"open","sticky":false,"template":"","format":"standard","meta":{"_acf_changed":false,"footnotes":""},"categories":[19],"tags":[],"class_list":["post-366","post","type-post","status-publish","format-standard","has-post-thumbnail","hentry","category-salud"],"acf":[],"yoast_head":"<!-- This site is optimized with the Yoast SEO plugin v26.6 - https:\/\/yoast.com\/wordpress\/plugins\/seo\/ -->\n<title>Los riesgos en las bebidas energ\u00e9ticas en la salud: educaci\u00f3n y regulaci\u00f3n en el consumo - Direcci\u00f3n de Asuntos Estudiantiles<\/title>\n<meta name=\"description\" content=\"La carrera de la Escuela de Educaci\u00f3n reci\u00e9n cuenta con su segunda cohorte de titulados y ya est\u00e1 re-acreditada hasta el 10 de julio de 2029.\" \/>\n<meta name=\"robots\" content=\"noindex, nofollow\" \/>\n<meta property=\"og:locale\" content=\"es_ES\" \/>\n<meta property=\"og:type\" content=\"article\" \/>\n<meta property=\"og:title\" content=\"Los riesgos en las bebidas energ\u00e9ticas en la salud: educaci\u00f3n y regulaci\u00f3n en el consumo - Direcci\u00f3n de Asuntos Estudiantiles\" \/>\n<meta property=\"og:description\" content=\"La carrera de la Escuela de Educaci\u00f3n reci\u00e9n cuenta con su segunda cohorte de titulados y ya est\u00e1 re-acreditada hasta el 10 de julio de 2029.\" \/>\n<meta property=\"og:url\" content=\"https:\/\/www.uoh.cl\/dae\/2024\/07\/12\/los-riesgos-en-las-bebidas-energeticas-en-la-salud-educacion-y-regulacion-en-el-consumo\/\" \/>\n<meta property=\"og:site_name\" content=\"Direcci\u00f3n de Asuntos Estudiantiles\" \/>\n<meta property=\"article:published_time\" content=\"2024-07-12T14:18:29+00:00\" \/>\n<meta property=\"og:image\" content=\"https:\/\/www.uoh.cl\/dae\/wp-content\/uploads\/sites\/44\/2024\/07\/Bebidas-energeticas-1.jpg\" \/>\n\t<meta property=\"og:image:width\" content=\"1000\" \/>\n\t<meta property=\"og:image:height\" content=\"1000\" \/>\n\t<meta property=\"og:image:type\" content=\"image\/jpeg\" \/>\n<meta name=\"author\" content=\"Universidad de O&#039;Higgins\" \/>\n<meta name=\"twitter:card\" content=\"summary_large_image\" \/>\n<meta name=\"twitter:label1\" content=\"Escrito por\" \/>\n\t<meta name=\"twitter:data1\" content=\"Universidad de O&#039;Higgins\" \/>\n\t<meta name=\"twitter:label2\" content=\"Tiempo estimado de lectura\" \/>\n\t<meta name=\"twitter:data2\" content=\"2 minutos\" \/>\n<script type=\"application\/ld+json\" class=\"yoast-schema-graph\">{\"@context\":\"https:\/\/schema.org\",\"@graph\":[{\"@type\":\"WebPage\",\"@id\":\"https:\/\/www.uoh.cl\/dae\/2024\/07\/12\/los-riesgos-en-las-bebidas-energeticas-en-la-salud-educacion-y-regulacion-en-el-consumo\/\",\"url\":\"https:\/\/www.uoh.cl\/dae\/2024\/07\/12\/los-riesgos-en-las-bebidas-energeticas-en-la-salud-educacion-y-regulacion-en-el-consumo\/\",\"name\":\"Los riesgos en las bebidas energ\u00e9ticas en la salud: educaci\u00f3n y regulaci\u00f3n en el consumo - Direcci\u00f3n de Asuntos Estudiantiles\",\"isPartOf\":{\"@id\":\"https:\/\/www.uoh.cl\/dae\/#website\"},\"primaryImageOfPage\":{\"@id\":\"https:\/\/www.uoh.cl\/dae\/2024\/07\/12\/los-riesgos-en-las-bebidas-energeticas-en-la-salud-educacion-y-regulacion-en-el-consumo\/#primaryimage\"},\"image\":{\"@id\":\"https:\/\/www.uoh.cl\/dae\/2024\/07\/12\/los-riesgos-en-las-bebidas-energeticas-en-la-salud-educacion-y-regulacion-en-el-consumo\/#primaryimage\"},\"thumbnailUrl\":\"https:\/\/www.uoh.cl\/dae\/wp-content\/uploads\/sites\/44\/2024\/07\/Bebidas-energeticas-1.jpg\",\"datePublished\":\"2024-07-12T14:18:29+00:00\",\"author\":{\"@id\":\"https:\/\/www.uoh.cl\/dae\/#\/schema\/person\/ea242e676c7d6d7e46fc8b9e39486c4f\"},\"description\":\"La carrera de la Escuela de Educaci\u00f3n reci\u00e9n cuenta con su segunda cohorte de titulados y ya est\u00e1 re-acreditada hasta el 10 de julio de 2029.\",\"breadcrumb\":{\"@id\":\"https:\/\/www.uoh.cl\/dae\/2024\/07\/12\/los-riesgos-en-las-bebidas-energeticas-en-la-salud-educacion-y-regulacion-en-el-consumo\/#breadcrumb\"},\"inLanguage\":\"es-CL\",\"potentialAction\":[{\"@type\":\"ReadAction\",\"target\":[\"https:\/\/www.uoh.cl\/dae\/2024\/07\/12\/los-riesgos-en-las-bebidas-energeticas-en-la-salud-educacion-y-regulacion-en-el-consumo\/\"]}]},{\"@type\":\"ImageObject\",\"inLanguage\":\"es-CL\",\"@id\":\"https:\/\/www.uoh.cl\/dae\/2024\/07\/12\/los-riesgos-en-las-bebidas-energeticas-en-la-salud-educacion-y-regulacion-en-el-consumo\/#primaryimage\",\"url\":\"https:\/\/www.uoh.cl\/dae\/wp-content\/uploads\/sites\/44\/2024\/07\/Bebidas-energeticas-1.jpg\",\"contentUrl\":\"https:\/\/www.uoh.cl\/dae\/wp-content\/uploads\/sites\/44\/2024\/07\/Bebidas-energeticas-1.jpg\",\"width\":1000,\"height\":1000},{\"@type\":\"BreadcrumbList\",\"@id\":\"https:\/\/www.uoh.cl\/dae\/2024\/07\/12\/los-riesgos-en-las-bebidas-energeticas-en-la-salud-educacion-y-regulacion-en-el-consumo\/#breadcrumb\",\"itemListElement\":[{\"@type\":\"ListItem\",\"position\":1,\"name\":\"Portada\",\"item\":\"https:\/\/www.uoh.cl\/dae\/\"},{\"@type\":\"ListItem\",\"position\":2,\"name\":\"Los riesgos en las bebidas energ\u00e9ticas en la salud: educaci\u00f3n y regulaci\u00f3n en el consumo\"}]},{\"@type\":\"WebSite\",\"@id\":\"https:\/\/www.uoh.cl\/dae\/#website\",\"url\":\"https:\/\/www.uoh.cl\/dae\/\",\"name\":\"Direcci\u00f3n de Asuntos Estudiantiles\",\"description\":\"Otro sitio de Sitios de Universidad O'higgins\",\"potentialAction\":[{\"@type\":\"SearchAction\",\"target\":{\"@type\":\"EntryPoint\",\"urlTemplate\":\"https:\/\/www.uoh.cl\/dae\/?s={search_term_string}\"},\"query-input\":{\"@type\":\"PropertyValueSpecification\",\"valueRequired\":true,\"valueName\":\"search_term_string\"}}],\"inLanguage\":\"es-CL\"},{\"@type\":\"Person\",\"@id\":\"https:\/\/www.uoh.cl\/dae\/#\/schema\/person\/ea242e676c7d6d7e46fc8b9e39486c4f\",\"name\":\"Universidad de O'Higgins\",\"image\":{\"@type\":\"ImageObject\",\"inLanguage\":\"es-CL\",\"@id\":\"https:\/\/www.uoh.cl\/dae\/#\/schema\/person\/image\/\",\"url\":\"https:\/\/secure.gravatar.com\/avatar\/78fcb76ca05efae11fd355943c01a832a29786cc00d85b1a82c301bea2b2a214?s=96&d=mm&r=g\",\"contentUrl\":\"https:\/\/secure.gravatar.com\/avatar\/78fcb76ca05efae11fd355943c01a832a29786cc00d85b1a82c301bea2b2a214?s=96&d=mm&r=g\",\"caption\":\"Universidad de O'Higgins\"}}]}<\/script>\n<!-- \/ Yoast SEO plugin. -->","yoast_head_json":{"title":"Los riesgos en las bebidas energ\u00e9ticas en la salud: educaci\u00f3n y regulaci\u00f3n en el consumo - Direcci\u00f3n de Asuntos Estudiantiles","description":"La carrera de la Escuela de Educaci\u00f3n reci\u00e9n cuenta con su segunda cohorte de titulados y ya est\u00e1 re-acreditada hasta el 10 de julio de 2029.","robots":{"index":"noindex","follow":"nofollow"},"og_locale":"es_ES","og_type":"article","og_title":"Los riesgos en las bebidas energ\u00e9ticas en la salud: educaci\u00f3n y regulaci\u00f3n en el consumo - Direcci\u00f3n de Asuntos Estudiantiles","og_description":"La carrera de la Escuela de Educaci\u00f3n reci\u00e9n cuenta con su segunda cohorte de titulados y ya est\u00e1 re-acreditada hasta el 10 de julio de 2029.","og_url":"https:\/\/www.uoh.cl\/dae\/2024\/07\/12\/los-riesgos-en-las-bebidas-energeticas-en-la-salud-educacion-y-regulacion-en-el-consumo\/","og_site_name":"Direcci\u00f3n de Asuntos Estudiantiles","article_published_time":"2024-07-12T14:18:29+00:00","og_image":[{"width":1000,"height":1000,"url":"https:\/\/www.uoh.cl\/dae\/wp-content\/uploads\/sites\/44\/2024\/07\/Bebidas-energeticas-1.jpg","type":"image\/jpeg"}],"author":"Universidad de O'Higgins","twitter_card":"summary_large_image","twitter_misc":{"Escrito por":"Universidad de O'Higgins","Tiempo estimado de lectura":"2 minutos"},"schema":{"@context":"https:\/\/schema.org","@graph":[{"@type":"WebPage","@id":"https:\/\/www.uoh.cl\/dae\/2024\/07\/12\/los-riesgos-en-las-bebidas-energeticas-en-la-salud-educacion-y-regulacion-en-el-consumo\/","url":"https:\/\/www.uoh.cl\/dae\/2024\/07\/12\/los-riesgos-en-las-bebidas-energeticas-en-la-salud-educacion-y-regulacion-en-el-consumo\/","name":"Los riesgos en las bebidas energ\u00e9ticas en la salud: educaci\u00f3n y regulaci\u00f3n en el consumo - Direcci\u00f3n de Asuntos Estudiantiles","isPartOf":{"@id":"https:\/\/www.uoh.cl\/dae\/#website"},"primaryImageOfPage":{"@id":"https:\/\/www.uoh.cl\/dae\/2024\/07\/12\/los-riesgos-en-las-bebidas-energeticas-en-la-salud-educacion-y-regulacion-en-el-consumo\/#primaryimage"},"image":{"@id":"https:\/\/www.uoh.cl\/dae\/2024\/07\/12\/los-riesgos-en-las-bebidas-energeticas-en-la-salud-educacion-y-regulacion-en-el-consumo\/#primaryimage"},"thumbnailUrl":"https:\/\/www.uoh.cl\/dae\/wp-content\/uploads\/sites\/44\/2024\/07\/Bebidas-energeticas-1.jpg","datePublished":"2024-07-12T14:18:29+00:00","author":{"@id":"https:\/\/www.uoh.cl\/dae\/#\/schema\/person\/ea242e676c7d6d7e46fc8b9e39486c4f"},"description":"La carrera de la Escuela de Educaci\u00f3n reci\u00e9n cuenta con su segunda cohorte de titulados y ya est\u00e1 re-acreditada hasta el 10 de julio de 2029.","breadcrumb":{"@id":"https:\/\/www.uoh.cl\/dae\/2024\/07\/12\/los-riesgos-en-las-bebidas-energeticas-en-la-salud-educacion-y-regulacion-en-el-consumo\/#breadcrumb"},"inLanguage":"es-CL","potentialAction":[{"@type":"ReadAction","target":["https:\/\/www.uoh.cl\/dae\/2024\/07\/12\/los-riesgos-en-las-bebidas-energeticas-en-la-salud-educacion-y-regulacion-en-el-consumo\/"]}]},{"@type":"ImageObject","inLanguage":"es-CL","@id":"https:\/\/www.uoh.cl\/dae\/2024\/07\/12\/los-riesgos-en-las-bebidas-energeticas-en-la-salud-educacion-y-regulacion-en-el-consumo\/#primaryimage","url":"https:\/\/www.uoh.cl\/dae\/wp-content\/uploads\/sites\/44\/2024\/07\/Bebidas-energeticas-1.jpg","contentUrl":"https:\/\/www.uoh.cl\/dae\/wp-content\/uploads\/sites\/44\/2024\/07\/Bebidas-energeticas-1.jpg","width":1000,"height":1000},{"@type":"BreadcrumbList","@id":"https:\/\/www.uoh.cl\/dae\/2024\/07\/12\/los-riesgos-en-las-bebidas-energeticas-en-la-salud-educacion-y-regulacion-en-el-consumo\/#breadcrumb","itemListElement":[{"@type":"ListItem","position":1,"name":"Portada","item":"https:\/\/www.uoh.cl\/dae\/"},{"@type":"ListItem","position":2,"name":"Los riesgos en las bebidas energ\u00e9ticas en la salud: educaci\u00f3n y regulaci\u00f3n en el consumo"}]},{"@type":"WebSite","@id":"https:\/\/www.uoh.cl\/dae\/#website","url":"https:\/\/www.uoh.cl\/dae\/","name":"Direcci\u00f3n de Asuntos Estudiantiles","description":"Otro sitio de Sitios de Universidad O'higgins","potentialAction":[{"@type":"SearchAction","target":{"@type":"EntryPoint","urlTemplate":"https:\/\/www.uoh.cl\/dae\/?s={search_term_string}"},"query-input":{"@type":"PropertyValueSpecification","valueRequired":true,"valueName":"search_term_string"}}],"inLanguage":"es-CL"},{"@type":"Person","@id":"https:\/\/www.uoh.cl\/dae\/#\/schema\/person\/ea242e676c7d6d7e46fc8b9e39486c4f","name":"Universidad de O'Higgins","image":{"@type":"ImageObject","inLanguage":"es-CL","@id":"https:\/\/www.uoh.cl\/dae\/#\/schema\/person\/image\/","url":"https:\/\/secure.gravatar.com\/avatar\/78fcb76ca05efae11fd355943c01a832a29786cc00d85b1a82c301bea2b2a214?s=96&d=mm&r=g","contentUrl":"https:\/\/secure.gravatar.com\/avatar\/78fcb76ca05efae11fd355943c01a832a29786cc00d85b1a82c301bea2b2a214?s=96&d=mm&r=g","caption":"Universidad de O'Higgins"}}]}},"_links":{"self":[{"href":"https:\/\/www.uoh.cl\/dae\/wp-json\/wp\/v2\/posts\/366","targetHints":{"allow":["GET"]}}],"collection":[{"href":"https:\/\/www.uoh.cl\/dae\/wp-json\/wp\/v2\/posts"}],"about":[{"href":"https:\/\/www.uoh.cl\/dae\/wp-json\/wp\/v2\/types\/post"}],"author":[{"embeddable":true,"href":"https:\/\/www.uoh.cl\/dae\/wp-json\/wp\/v2\/users\/34"}],"replies":[{"embeddable":true,"href":"https:\/\/www.uoh.cl\/dae\/wp-json\/wp\/v2\/comments?post=366"}],"version-history":[{"count":0,"href":"https:\/\/www.uoh.cl\/dae\/wp-json\/wp\/v2\/posts\/366\/revisions"}],"wp:featuredmedia":[{"embeddable":true,"href":"https:\/\/www.uoh.cl\/dae\/wp-json\/wp\/v2\/media\/367"}],"wp:attachment":[{"href":"https:\/\/www.uoh.cl\/dae\/wp-json\/wp\/v2\/media?parent=366"}],"wp:term":[{"taxonomy":"category","embeddable":true,"href":"https:\/\/www.uoh.cl\/dae\/wp-json\/wp\/v2\/categories?post=366"},{"taxonomy":"post_tag","embeddable":true,"href":"https:\/\/www.uoh.cl\/dae\/wp-json\/wp\/v2\/tags?post=366"}],"curies":[{"name":"wp","href":"https:\/\/api.w.org\/{rel}","templated":true}]}}