
{"id":265,"date":"2024-01-22T10:12:02","date_gmt":"2024-01-22T13:12:02","guid":{"rendered":"https:\/\/www.uoh.cl\/dae\/2024\/01\/22\/universidades-de-ohiggins-y-de-valencia-se-unen-para-sellar-una-colaboracion-estrategica\/"},"modified":"2024-01-22T10:12:02","modified_gmt":"2024-01-22T13:12:02","slug":"universidades-de-ohiggins-y-de-valencia-se-unen-para-sellar-una-colaboracion-estrategica","status":"publish","type":"post","link":"https:\/\/www.uoh.cl\/dae\/2024\/01\/22\/universidades-de-ohiggins-y-de-valencia-se-unen-para-sellar-una-colaboracion-estrategica\/","title":{"rendered":"Universidades de O&#8217;Higgins y de Valencia se unen para sellar una colaboraci\u00f3n estrat\u00e9gica"},"content":{"rendered":"<div class=\"wpb-content-wrapper\"><p>[vc_section el_class=&#8221;container mx-auto align-items-center circle&#8211;pattern&#8221; css=&#8221;.vc_custom_1648956589196{padding-top: 3rem !important;}&#8221;][vc_row][vc_column]<div class=\"breadcrumb\"><ol itemscope itemtype=\"https:\/\/schema.org\/BreadcrumbList\"><li itemprop=\"itemListElement\" itemscope itemtype=\"https:\/\/schema.org\/ListItem\"><a itemprop=\"item\" href=\"http:\/\/www.uoh.cl\"><span itemprop=\"name\">Inicio<\/span><\/a><meta itemprop=\"position\" content=\"1\" \/><li itemprop=\"itemListElement\" itemscope itemtype=\"https:\/\/schema.org\/ListItem\"><a itemprop=\"item\" href=\"https:\/\/www.uoh.cl\/dae\"><span itemprop=\"name\">Direcci\u00f3n de Asuntos Estudiantiles<\/span><\/a><meta itemprop=\"position\" content=\"2\" \/><li itemprop=\"itemListElement\" itemscope itemtype=\"https:\/\/schema.org\/ListItem\"><a itemprop=\"item\" href=\"https:\/\/www.uoh.cl\/dae\/noticias\/\"><span itemprop=\"name\">Noticias<\/span><\/a><meta itemprop=\"position\" content=\"3\" \/><li itemprop=\"itemListElement\" itemscope itemtype=\"https:\/\/schema.org\/ListItem\"><span itemprop=\"name\">Universidades de O&#8217;Higgins y de Valencia se unen para sellar <\/span><meta itemprop=\"position\" content=\"4\" \/><\/ol><\/div><ul class=\"p-0 list-style-none d-inline-block\"><li class=\"p-0\"><a href=https:\/\/www.uoh.cl\/dae\/category\/internacionalizacion\/ class=\"px-1 py-2\">Internacionalizaci\u00f3n<\/a><\/li><\/ul><div class=\"date_publish_post\"> \u25cf Lun 22 de Enero 2024<\/div><div class=\"uoh_title_component-container\"><h1 class=\"title title--ms d-inline-block title--decorator  big\">Universidades de O&#8217;Higgins y de Valencia se unen para sellar una colaboraci\u00f3n estrat\u00e9gica<\/h1><\/div>[vc_row_inner el_class=&#8221;border-separator m-0&#8243;][vc_column_inner width=&#8221;2\/3&#8243;]<div class=\"author_wp_class\"> Escrito por <span>Universidad de O'Higgins<\/span><\/div>[\/vc_column_inner][vc_column_inner el_class=&#8221;align-items-end-publish&#8221; width=&#8221;1\/3&#8243;]<div class=\"uoh_social_network_component uoh_row col-12 justify-content-end m-0 p-0\"> <div class=\"icon__facebook-share-button\">\n                       <a href=\"https:\/\/www.facebook.com\/sharer\/sharer.php?u=https:\/\/www.uoh.cl\/dae\/2024\/01\/22\/universidades-de-ohiggins-y-de-valencia-se-unen-para-sellar-una-colaboracion-estrategica\/\" target=\"_blank\"> <div class=\"icon__facebook-svg\"><svg version=\"1.1\" xmlns=\"http:\/\/www.w3.org\/2000\/svg\" xmlns:xlink=\"http:\/\/www.w3.org\/1999\/xlink\" x=\"0px\" y=\"0px\" width=\"22.4px\" height=\"48.3px\" viewBox=\"0 0 22.4 48.3\" style=\"overflow:visible;enable-background:new 0 0 22.4 48.3;\" xml:space=\"preserve\">\n                <defs>\n                <\/defs>\n                <path class=\"st0\" d=\"M22.4,15.6h-7.6v-5c0-1.9,1.2-2.3,2.1-2.3c0.9,0,5.4,0,5.4,0V0l-7.4,0C6.6,0,4.8,6.2,4.8,10.1v5.5H0v8.5h4.8\n                    c0,10.9,0,24.1,0,24.1h10c0,0,0-13.3,0-24.1h6.8L22.4,15.6z\"><\/path>\n                <\/svg><\/a><\/div>\n                    <\/div><div class=\"icon__twitter-share-button\">\n                        <div class=\"icon__twitter-svg\"><a target=\"_blank\" href=\"http:\/\/twitter.com\/share?url=https:\/\/www.uoh.cl\/dae\/2024\/01\/22\/universidades-de-ohiggins-y-de-valencia-se-unen-para-sellar-una-colaboracion-estrategica\/\"><svg xmlns=\"http:\/\/www.w3.org\/2000\/svg\" height=\"1em\" viewBox=\"0 0 512 512\"><!--! Font Awesome Free 6.4.2 by @fontawesome - https:\/\/fontawesome.com License - https:\/\/fontawesome.com\/license (Commercial License) Copyright 2023 Fonticons, Inc. --><path d=\"M389.2 48h70.6L305.6 224.2 487 464H345L233.7 318.6 106.5 464H35.8L200.7 275.5 26.8 48H172.4L272.9 180.9 389.2 48zM364.4 421.8h39.1L151.1 88h-42L364.4 421.8z\"\/><\/svg><\/a><\/div>\n                        <\/div><div class=\"icon__linkedin-share-button\">\n                        <div class=\"icon__linkedin-svg\">\n                        <a target=\"__blank\" href=\"https:\/\/www.linkedin.com\/sharing\/share-offsite\/?url=https:\/\/www.uoh.cl\/dae\/2024\/01\/22\/universidades-de-ohiggins-y-de-valencia-se-unen-para-sellar-una-colaboracion-estrategica\/\"><svg enable-background=\"new 0 0 100 100\" height=\"100px\" id=\"Layer_1\" version=\"1.1\" viewBox=\"0 0 100 100\" width=\"100px\" xml:space=\"preserve\" xmlns=\"http:\/\/www.w3.org\/2000\/svg\" xmlns:xlink=\"http:\/\/www.w3.org\/1999\/xlink\"><g><circle cx=\"50\" cy=\"50\" fill=\"#ccc\" r=\"45\"\/><g id=\"LinkedIn_1_\"><rect fill=\"#FFFFFF\" height=\"24.361\" width=\"7.69\" x=\"31.271\" y=\"43.569\"\/><path d=\"M59.968,43.334c-4.406,0-7.165,2.387-7.677,4.058v-3.823h-8.636c0.109,2.03,0,24.361,0,24.361h8.636    V54.748c0-0.733-0.034-1.465,0.19-1.991c0.594-1.464,1.869-2.985,4.162-2.985c2.998,0,4.361,2.253,4.361,5.552V67.93h8.721V54.384    C69.726,46.839,65.432,43.334,59.968,43.334z\" fill=\"#FFFFFF\"\/><path d=\"M34.973,32.069c-2.839,0-4.696,1.823-4.696,4.229c0,2.361,1.804,4.224,4.589,4.224h0.054    c2.891,0,4.69-1.869,4.69-4.229C39.555,33.888,37.81,32.069,34.973,32.069z\" fill=\"#FFFFFF\"\/><\/g><\/g><\/svg><\/a><\/div>\n\n            <\/div><\/div>[\/vc_column_inner][\/vc_row_inner][vc_single_image image=&#8221;30839&#8243; img_size=&#8221;full&#8221; add_caption=&#8221;yes&#8221; alignment=&#8221;center&#8221; onclick=&#8221;img_link_large&#8221; img_link_target=&#8221;_blank&#8221;][vc_column_text]\u00a0[\/vc_column_text][vc_column_text]<\/p>\n<ul>\n<li><em>Representantes de ambas casas de estudios se reunieron para fortalecer v\u00ednculos y materializar proyectos en com\u00fan.<\/em><\/li>\n<\/ul>\n<p>[\/vc_column_text][vc_column_text]\u00a0[\/vc_column_text][vc_column_text]La Universidad de Valencia, una instituci\u00f3n l\u00edder con una rica tradici\u00f3n de 525 a\u00f1os, contin\u00faa su destacado papel en la educaci\u00f3n superior, la investigaci\u00f3n y el compromiso social. Con un legado que abarca cinco siglos, la casa de estudios se ha consolidado como un faro de conocimiento y un catalizador de innovaci\u00f3n.<\/p>\n<p>Con el objetivo de renovar su compromiso de colaboraci\u00f3n y hablar sobre las actividades en conjunto, la vicerrectora de Cultura y Sociedad, Esther Alba Pag\u00e1n, y la delegada de Rector\u00eda para los programas Universidad y Sociedad, Mar\u00eda Dolores Pitarch, de la Universidad de Valencia se reunieron con la directora de Internacionalizaci\u00f3n de la Universidad de O\u2019Higgins, Carla Guti\u00e9rrez, y las acad\u00e9micas del Instituto de Ciencias Sociales, Andrea Canales y Camila Oda, para proyectar compromisos y sentar las bases para una futura colaboraci\u00f3n.<\/p>\n<p>\u201cQueremos estrechar v\u00ednculos con la UOH y seguir trabajando en la planificaci\u00f3n de proyectos en conjunto y establecer l\u00edneas de acci\u00f3n puntuales, estrat\u00e9gicas, viables en la conformaci\u00f3n de un v\u00ednculo mucho m\u00e1s cercano entre ambas instituciones. El trabajar junto con universidades que tienen un dinamismo, una frescura, formas nuevas de trabajar y que establecen v\u00edas de innovaci\u00f3n es para nosotros un aprendizaje y la oportunidad de establecer una relaci\u00f3n estrecha\u201d, apunt\u00f3 Esther Alba Pag\u00e1n.<\/p>\n<p>En tanto, Mar\u00eda Dolores Pitarch se\u00f1al\u00f3 que la Universidad de Valencia \u201cest\u00e1 muy interesada en colaborar en temas de docencia, investigaci\u00f3n, intercambio de investigadores, intercambio de personal, de servicios, de administraci\u00f3n y servicios. Y, por supuesto, ser\u00eda muy interesante tambi\u00e9n comenzar un intercambio de estudiantes. Queremos seguir compartiendo y trabajando de la mano con la Universidad de O\u2019Higgins\u201d.<\/p>\n<p>Por su parte, Carla Guti\u00e9rrez indic\u00f3 que estas reuniones permiten dar grandes pasos en t\u00e9rminos de proyecciones y acuerdos, que luego se concretan en acciones de impacto institucional para la cooperaci\u00f3n internacional entre ambas universidades. \u201cActualmente la Universidad de Valencia ha expresado formalmente su inter\u00e9s en participar como contraparte en el proyecto Conocimientos 2030, proyecto consorciado a nivel nacional de la Universidad de Talca y la Universidad de O\u2019Higgins, lo que demuestra que esta colaboraci\u00f3n se proyecta a trav\u00e9s del compartir buenas pr\u00e1cticas del trabajo de la Universidad de Valencia en temas patrimoniales y culturales desarrollados en su territorio. Tambi\u00e9n queremos potenciar la colaboraci\u00f3n en investigaci\u00f3n a trav\u00e9s de los instrumentos de la Uni\u00f3n Europea como proyectos Horizonte Europa o los Erasmus+, entre otros. Estamos muy entusiasmados con este camino de colaboraci\u00f3n que estamos forjando amabas instituciones con gran compromiso\u201d.[\/vc_column_text][vc_zigzag color=&#8221;white&#8221;][vc_row_inner][vc_column_inner][\/vc_column_inner][\/vc_row_inner][\/vc_column][\/vc_row][\/vc_section][vc_section css=&#8221;.vc_custom_1650255686594{background-color: #f6faff !important;}&#8221; el_class=&#8221;p-md-0 pt-md-5&#8243;][vc_row el_class=&#8221;container mx-auto align-items-center p-md-0 pt-5 pb-5&#8243;][vc_column el_class=&#8221;pb-5&#8243;][vc_row_inner el_class=&#8221;pb-5&#8243;][vc_column_inner]<div class=\"row m-0 p-0\"><div class=\"col-12 col-md-9 pt-5 pt-md-0\"><h2 class=\"title title--decorator title--ms d-inline-block\">Te Recomendamos<\/h2><\/div><\/div><div class=\"content-holder\"><div class=\"row  swipper-news-list not--activate-hack \"><div class=\"row -wrapper\"><div class=\"  col-sm-6 col-md-4 img-article\">\n                                        <div class=\"content-news-display row m-0 p-0\"><div class=\"holder p-0 \"><div class=\"img-wrap img-wrap-news\">\n                                        <div class=\"caption__news-category\">\n                                        <a href=\"https:\/\/www.uoh.cl\/dae\/category\/institucional\/\">\n                                        Institucional<\/a><\/div><img decoding=\"async\" class=\"w-100 h-100 lazyload\" data-src=\"https:\/\/www.uoh.cl\/dae\/wp-content\/uploads\/sites\/44\/2026\/04\/Inauguracion-Ano-Academico-2026-6.jpg\" alt=\"Reflexi\u00f3n universitaria: UOH inaugura A\u00f1o Acad\u00e9mico 2026 pensando en los desaf\u00edos de la Educaci\u00f3n Superior\" style=\"--smush-placeholder-width: 1500px; --smush-placeholder-aspect-ratio: 1500\/1000;object-fit: cover; object-position: center;\" src=\"data:image\/svg+xml;base64,PHN2ZyB3aWR0aD0iMSIgaGVpZ2h0PSIxIiB4bWxucz0iaHR0cDovL3d3dy53My5vcmcvMjAwMC9zdmciPjwvc3ZnPg==\"><\/div><\/div><div class=\"caption py-3 caption__news py-md-3 pb-md-5\">\n                                    <span class=\"caption__date\">Mi\u00e9rcoles 29, Abril<\/span>\n                                     <a href=\"https:\/\/www.uoh.cl\/dae\/2026\/04\/29\/reflexion-universitaria-uoh-inaugura-ano-academico-2026-pensando-en-los-desafios-de-la-educacion-superior\/\">\n                                    <h3 class=\"small-space\">Reflexi\u00f3n universitaria: UOH inaugura A\u00f1o Acad\u00e9mico 2026 pensando en los desaf\u00edos de la Educaci\u00f3n Superior<\/h3><\/a>\n\n                                    <p>La ceremonia promovi\u00f3 el an\u00e1lisis acerca de los cambios educativos que se avecinan dentro de los procesos de formaci\u00f3n universitaria ajustados a contextos digitales.   <\/p>\n                                    <a class=\"link link--bold mt-md-3\" href=\"https:\/\/www.uoh.cl\/dae\/2026\/04\/29\/reflexion-universitaria-uoh-inaugura-ano-academico-2026-pensando-en-los-desafios-de-la-educacion-superior\/\">Saber m\u00e1s <span class=\"icon icon--inline icon--link\"><svg version=\"1.1\" xmlns=\"http:\/\/www.w3.org\/2000\/svg\" xmlns:xlink=\"http:\/\/www.w3.org\/1999\/xlink\" x=\"0px\" y=\"0px\" width=\"22px\"height=\"22px\" viewBox=\"0 0 22 22\" style=\"overflow:visible;enable-background:new 0 0 80 64.6;\" xml:space=\"preserve\"><g clip-path=\"url(#acA)\"><path fill-rule=\"evenodd\" d=\"M21.913 11.266a.93.93 0 000-.711c-.022-.056-.063-.097-.091-.144s-.053-.103-.097-.15L12.306.294c-.357-.379-.955-.394-1.334-.038s-.394.955-.038 1.334l7.917 8.374H.927a.95.95 0 00-.908.983.946.946 0 00.908.908h17.924l-8.089 8.552c-.357.379-.341.977.034 1.334s.977.341 1.334-.034l9.594-10.148c.044-.044.063-.1.097-.15.028-.047.069-.088.091-.141z\"\/><\/g><defs><clipPath id=\"acA\"><path fill=\"#fff\" d=\"M0 0h22v22H0z\"\/><\/clipPath><\/defs><\/svg><\/span><\/a><\/div><\/div><\/div><div class=\"  col-sm-6 col-md-4 img-article\">\n                                        <div class=\"content-news-display row m-0 p-0\"><div class=\"holder p-0 \"><div class=\"img-wrap img-wrap-news\">\n                                        <div class=\"caption__news-category\">\n                                        <a href=\"https:\/\/www.uoh.cl\/dae\/category\/cuech\/\">\n                                        CUECH<\/a><\/div><img decoding=\"async\" class=\"w-100 h-100 lazyload\" data-src=\"https:\/\/www.uoh.cl\/dae\/wp-content\/uploads\/sites\/44\/2026\/04\/DSC_2431-scaled.jpg\" alt=\"Universidades estatales sellan hoja de ruta 2030: Red Desarrollo Sustentable entra en fase de consolidaci\u00f3n\" style=\"--smush-placeholder-width: 2560px; --smush-placeholder-aspect-ratio: 2560\/1707;object-fit: cover; object-position: center;\" src=\"data:image\/svg+xml;base64,PHN2ZyB3aWR0aD0iMSIgaGVpZ2h0PSIxIiB4bWxucz0iaHR0cDovL3d3dy53My5vcmcvMjAwMC9zdmciPjwvc3ZnPg==\"><\/div><\/div><div class=\"caption py-3 caption__news py-md-3 pb-md-5\">\n                                    <span class=\"caption__date\">Mi\u00e9rcoles 15, Abril<\/span>\n                                     <a href=\"https:\/\/www.uoh.cl\/dae\/2026\/04\/15\/universidades-estatales-sellan-hoja-de-ruta-2030-red-desarrollo-sustentable-entra-en-fase-de-consolidacion\/\">\n                                    <h3 class=\"small-space\">Universidades estatales sellan hoja de ruta 2030: Red Desarrollo Sustentable entra en fase de consolidaci\u00f3n<\/h3><\/a>\n\n                                    <p>En el Plenario realizado en la Universidad de O'Higgins, los 18 planteles p\u00fablicos definieron sus metas estrat\u00e9gicas para el periodo 2026-2030. El plan priorizar\u00e1 la institucionalizaci\u00f3n de capacidades, un diplomado para organismos p\u00fablicos y la medici\u00f3n de la huella h\u00eddrica en los campus.<\/p>\n                                    <a class=\"link link--bold mt-md-3\" href=\"https:\/\/www.uoh.cl\/dae\/2026\/04\/15\/universidades-estatales-sellan-hoja-de-ruta-2030-red-desarrollo-sustentable-entra-en-fase-de-consolidacion\/\">Saber m\u00e1s <span class=\"icon icon--inline icon--link\"><svg version=\"1.1\" xmlns=\"http:\/\/www.w3.org\/2000\/svg\" xmlns:xlink=\"http:\/\/www.w3.org\/1999\/xlink\" x=\"0px\" y=\"0px\" width=\"22px\"height=\"22px\" viewBox=\"0 0 22 22\" style=\"overflow:visible;enable-background:new 0 0 80 64.6;\" xml:space=\"preserve\"><g clip-path=\"url(#acA)\"><path fill-rule=\"evenodd\" d=\"M21.913 11.266a.93.93 0 000-.711c-.022-.056-.063-.097-.091-.144s-.053-.103-.097-.15L12.306.294c-.357-.379-.955-.394-1.334-.038s-.394.955-.038 1.334l7.917 8.374H.927a.95.95 0 00-.908.983.946.946 0 00.908.908h17.924l-8.089 8.552c-.357.379-.341.977.034 1.334s.977.341 1.334-.034l9.594-10.148c.044-.044.063-.1.097-.15.028-.047.069-.088.091-.141z\"\/><\/g><defs><clipPath id=\"acA\"><path fill=\"#fff\" d=\"M0 0h22v22H0z\"\/><\/clipPath><\/defs><\/svg><\/span><\/a><\/div><\/div><\/div><div class=\"  col-sm-6 col-md-4 img-article\">\n                                        <div class=\"content-news-display row m-0 p-0\"><div class=\"holder p-0 \"><div class=\"img-wrap img-wrap-news\">\n                                        <div class=\"caption__news-category\">\n                                        <a href=\"https:\/\/www.uoh.cl\/dae\/category\/institucional\/\">\n                                        Institucional<\/a><\/div><img decoding=\"async\" class=\"w-100 h-100 lazyload\" data-src=\"https:\/\/www.uoh.cl\/dae\/wp-content\/uploads\/sites\/44\/2026\/04\/Frontis-UOH.jpg\" alt=\"Comunicado oficial: Suspensi\u00f3n de actividades Campus Rancagua\" style=\"--smush-placeholder-width: 1500px; --smush-placeholder-aspect-ratio: 1500\/1000;object-fit: cover; object-position: center;\" src=\"data:image\/svg+xml;base64,PHN2ZyB3aWR0aD0iMSIgaGVpZ2h0PSIxIiB4bWxucz0iaHR0cDovL3d3dy53My5vcmcvMjAwMC9zdmciPjwvc3ZnPg==\"><\/div><\/div><div class=\"caption py-3 caption__news py-md-3 pb-md-5\">\n                                    <span class=\"caption__date\">Martes 14, Abril<\/span>\n                                     <a href=\"https:\/\/www.uoh.cl\/dae\/2026\/04\/14\/comunicado-oficial-suspension-de-actividades-campus-rancagua\/\">\n                                    <h3 class=\"small-space\">Comunicado oficial: Suspensi\u00f3n de actividades Campus Rancagua<\/h3><\/a>\n\n                                    <p>Ante la amenaza de tiroteo ocurrida en el Campus Rancagua.<\/p>\n                                    <a class=\"link link--bold mt-md-3\" href=\"https:\/\/www.uoh.cl\/dae\/2026\/04\/14\/comunicado-oficial-suspension-de-actividades-campus-rancagua\/\">Saber m\u00e1s <span class=\"icon icon--inline icon--link\"><svg version=\"1.1\" xmlns=\"http:\/\/www.w3.org\/2000\/svg\" xmlns:xlink=\"http:\/\/www.w3.org\/1999\/xlink\" x=\"0px\" y=\"0px\" width=\"22px\"height=\"22px\" viewBox=\"0 0 22 22\" style=\"overflow:visible;enable-background:new 0 0 80 64.6;\" xml:space=\"preserve\"><g clip-path=\"url(#acA)\"><path fill-rule=\"evenodd\" d=\"M21.913 11.266a.93.93 0 000-.711c-.022-.056-.063-.097-.091-.144s-.053-.103-.097-.15L12.306.294c-.357-.379-.955-.394-1.334-.038s-.394.955-.038 1.334l7.917 8.374H.927a.95.95 0 00-.908.983.946.946 0 00.908.908h17.924l-8.089 8.552c-.357.379-.341.977.034 1.334s.977.341 1.334-.034l9.594-10.148c.044-.044.063-.1.097-.15.028-.047.069-.088.091-.141z\"\/><\/g><defs><clipPath id=\"acA\"><path fill=\"#fff\" d=\"M0 0h22v22H0z\"\/><\/clipPath><\/defs><\/svg><\/span><\/a><\/div><\/div><\/div><\/div><\/div><\/div><div class=\"pagination justify-content-center my-5\"><span aria-current=\"page\" class=\"page-numbers current\">1<\/span>\n<a class=\"page-numbers\" href=\"https:\/\/www.uoh.cl\/dae\/wp-json\/wp\/v2\/posts\/265\/\/page\/2\">2<\/a>\n<a class=\"page-numbers\" href=\"https:\/\/www.uoh.cl\/dae\/wp-json\/wp\/v2\/posts\/265\/\/page\/3\">3<\/a>\n<span class=\"page-numbers dots\">&hellip;<\/span>\n<a class=\"page-numbers\" href=\"https:\/\/www.uoh.cl\/dae\/wp-json\/wp\/v2\/posts\/265\/\/page\/30\">30<\/a>\n<a class=\"next page-numbers\" href=\"https:\/\/www.uoh.cl\/dae\/wp-json\/wp\/v2\/posts\/265\/\/page\/2\"><div class=\"icon-pagination-next\"> <?xml version=\"1.0\" ?><svg viewBox=\"0 0 96 96\" xmlns=\"http:\/\/www.w3.org\/2000\/svg\"><title\/><path d=\"M39.3756,48.0022l30.47-25.39a6.0035,6.0035,0,0,0-7.6878-9.223L26.1563,43.3906a6.0092,6.0092,0,0,0,0,9.2231L62.1578,82.615a6.0035,6.0035,0,0,0,7.6878-9.2231Z\"\/><\/svg> <\/div><\/a><\/div>[\/vc_column_inner][\/vc_row_inner][\/vc_column][\/vc_row][\/vc_section]<\/p>\n<\/div>","protected":false},"excerpt":{"rendered":"<p>Representantes de ambas casas de estudios se reunieron para fortalecer v\u00ednculos y materializar proyectos en com\u00fan.<\/p>\n","protected":false},"author":34,"featured_media":266,"comment_status":"open","ping_status":"open","sticky":false,"template":"","format":"standard","meta":{"_acf_changed":false,"footnotes":""},"categories":[26],"tags":[],"class_list":["post-265","post","type-post","status-publish","format-standard","has-post-thumbnail","hentry","category-internacionalizacion"],"acf":[],"yoast_head":"<!-- This site is optimized with the Yoast SEO plugin v26.6 - https:\/\/yoast.com\/wordpress\/plugins\/seo\/ -->\n<title>Universidades de O&#039;Higgins y de Valencia se unen para sellar una colaboraci\u00f3n estrat\u00e9gica - Direcci\u00f3n de Asuntos Estudiantiles<\/title>\n<meta name=\"description\" content=\"Representantes de ambas casas de estudios se reunieron para fortalecer v\u00ednculos y materializar proyectos en com\u00fan.\" \/>\n<meta name=\"robots\" content=\"noindex, nofollow\" \/>\n<meta property=\"og:locale\" content=\"es_ES\" \/>\n<meta property=\"og:type\" content=\"article\" \/>\n<meta property=\"og:title\" content=\"Universidades de O&#039;Higgins y de Valencia se unen para sellar una colaboraci\u00f3n estrat\u00e9gica - Direcci\u00f3n de Asuntos Estudiantiles\" \/>\n<meta property=\"og:description\" content=\"Representantes de ambas casas de estudios se reunieron para fortalecer v\u00ednculos y materializar proyectos en com\u00fan.\" \/>\n<meta property=\"og:url\" content=\"https:\/\/www.uoh.cl\/dae\/2024\/01\/22\/universidades-de-ohiggins-y-de-valencia-se-unen-para-sellar-una-colaboracion-estrategica\/\" \/>\n<meta property=\"og:site_name\" content=\"Direcci\u00f3n de Asuntos Estudiantiles\" \/>\n<meta property=\"article:published_time\" content=\"2024-01-22T13:12:02+00:00\" \/>\n<meta property=\"og:image\" content=\"https:\/\/www.uoh.cl\/dae\/wp-content\/uploads\/sites\/44\/2024\/01\/UOH-Universidad-de-Valencia.png\" \/>\n\t<meta property=\"og:image:width\" content=\"1000\" \/>\n\t<meta property=\"og:image:height\" content=\"1000\" \/>\n\t<meta property=\"og:image:type\" content=\"image\/png\" \/>\n<meta name=\"author\" content=\"Universidad de O&#039;Higgins\" \/>\n<meta name=\"twitter:card\" content=\"summary_large_image\" \/>\n<meta name=\"twitter:label1\" content=\"Escrito por\" \/>\n\t<meta name=\"twitter:data1\" content=\"Universidad de O&#039;Higgins\" \/>\n\t<meta name=\"twitter:label2\" content=\"Tiempo estimado de lectura\" \/>\n\t<meta name=\"twitter:data2\" content=\"3 minutos\" \/>\n<script type=\"application\/ld+json\" class=\"yoast-schema-graph\">{\"@context\":\"https:\/\/schema.org\",\"@graph\":[{\"@type\":\"WebPage\",\"@id\":\"https:\/\/www.uoh.cl\/dae\/2024\/01\/22\/universidades-de-ohiggins-y-de-valencia-se-unen-para-sellar-una-colaboracion-estrategica\/\",\"url\":\"https:\/\/www.uoh.cl\/dae\/2024\/01\/22\/universidades-de-ohiggins-y-de-valencia-se-unen-para-sellar-una-colaboracion-estrategica\/\",\"name\":\"Universidades de O'Higgins y de Valencia se unen para sellar una colaboraci\u00f3n estrat\u00e9gica - Direcci\u00f3n de Asuntos Estudiantiles\",\"isPartOf\":{\"@id\":\"https:\/\/www.uoh.cl\/dae\/#website\"},\"primaryImageOfPage\":{\"@id\":\"https:\/\/www.uoh.cl\/dae\/2024\/01\/22\/universidades-de-ohiggins-y-de-valencia-se-unen-para-sellar-una-colaboracion-estrategica\/#primaryimage\"},\"image\":{\"@id\":\"https:\/\/www.uoh.cl\/dae\/2024\/01\/22\/universidades-de-ohiggins-y-de-valencia-se-unen-para-sellar-una-colaboracion-estrategica\/#primaryimage\"},\"thumbnailUrl\":\"https:\/\/www.uoh.cl\/dae\/wp-content\/uploads\/sites\/44\/2024\/01\/UOH-Universidad-de-Valencia.png\",\"datePublished\":\"2024-01-22T13:12:02+00:00\",\"author\":{\"@id\":\"https:\/\/www.uoh.cl\/dae\/#\/schema\/person\/ea242e676c7d6d7e46fc8b9e39486c4f\"},\"description\":\"Representantes de ambas casas de estudios se reunieron para fortalecer v\u00ednculos y materializar proyectos en com\u00fan.\",\"breadcrumb\":{\"@id\":\"https:\/\/www.uoh.cl\/dae\/2024\/01\/22\/universidades-de-ohiggins-y-de-valencia-se-unen-para-sellar-una-colaboracion-estrategica\/#breadcrumb\"},\"inLanguage\":\"es-CL\",\"potentialAction\":[{\"@type\":\"ReadAction\",\"target\":[\"https:\/\/www.uoh.cl\/dae\/2024\/01\/22\/universidades-de-ohiggins-y-de-valencia-se-unen-para-sellar-una-colaboracion-estrategica\/\"]}]},{\"@type\":\"ImageObject\",\"inLanguage\":\"es-CL\",\"@id\":\"https:\/\/www.uoh.cl\/dae\/2024\/01\/22\/universidades-de-ohiggins-y-de-valencia-se-unen-para-sellar-una-colaboracion-estrategica\/#primaryimage\",\"url\":\"https:\/\/www.uoh.cl\/dae\/wp-content\/uploads\/sites\/44\/2024\/01\/UOH-Universidad-de-Valencia.png\",\"contentUrl\":\"https:\/\/www.uoh.cl\/dae\/wp-content\/uploads\/sites\/44\/2024\/01\/UOH-Universidad-de-Valencia.png\",\"width\":1000,\"height\":1000},{\"@type\":\"BreadcrumbList\",\"@id\":\"https:\/\/www.uoh.cl\/dae\/2024\/01\/22\/universidades-de-ohiggins-y-de-valencia-se-unen-para-sellar-una-colaboracion-estrategica\/#breadcrumb\",\"itemListElement\":[{\"@type\":\"ListItem\",\"position\":1,\"name\":\"Portada\",\"item\":\"https:\/\/www.uoh.cl\/dae\/\"},{\"@type\":\"ListItem\",\"position\":2,\"name\":\"Universidades de O&#8217;Higgins y de Valencia se unen para sellar una colaboraci\u00f3n estrat\u00e9gica\"}]},{\"@type\":\"WebSite\",\"@id\":\"https:\/\/www.uoh.cl\/dae\/#website\",\"url\":\"https:\/\/www.uoh.cl\/dae\/\",\"name\":\"Direcci\u00f3n de Asuntos Estudiantiles\",\"description\":\"Otro sitio de Sitios de Universidad O'higgins\",\"potentialAction\":[{\"@type\":\"SearchAction\",\"target\":{\"@type\":\"EntryPoint\",\"urlTemplate\":\"https:\/\/www.uoh.cl\/dae\/?s={search_term_string}\"},\"query-input\":{\"@type\":\"PropertyValueSpecification\",\"valueRequired\":true,\"valueName\":\"search_term_string\"}}],\"inLanguage\":\"es-CL\"},{\"@type\":\"Person\",\"@id\":\"https:\/\/www.uoh.cl\/dae\/#\/schema\/person\/ea242e676c7d6d7e46fc8b9e39486c4f\",\"name\":\"Universidad de O'Higgins\",\"image\":{\"@type\":\"ImageObject\",\"inLanguage\":\"es-CL\",\"@id\":\"https:\/\/www.uoh.cl\/dae\/#\/schema\/person\/image\/\",\"url\":\"https:\/\/secure.gravatar.com\/avatar\/78fcb76ca05efae11fd355943c01a832a29786cc00d85b1a82c301bea2b2a214?s=96&d=mm&r=g\",\"contentUrl\":\"https:\/\/secure.gravatar.com\/avatar\/78fcb76ca05efae11fd355943c01a832a29786cc00d85b1a82c301bea2b2a214?s=96&d=mm&r=g\",\"caption\":\"Universidad de O'Higgins\"}}]}<\/script>\n<!-- \/ Yoast SEO plugin. -->","yoast_head_json":{"title":"Universidades de O'Higgins y de Valencia se unen para sellar una colaboraci\u00f3n estrat\u00e9gica - Direcci\u00f3n de Asuntos Estudiantiles","description":"Representantes de ambas casas de estudios se reunieron para fortalecer v\u00ednculos y materializar proyectos en com\u00fan.","robots":{"index":"noindex","follow":"nofollow"},"og_locale":"es_ES","og_type":"article","og_title":"Universidades de O'Higgins y de Valencia se unen para sellar una colaboraci\u00f3n estrat\u00e9gica - Direcci\u00f3n de Asuntos Estudiantiles","og_description":"Representantes de ambas casas de estudios se reunieron para fortalecer v\u00ednculos y materializar proyectos en com\u00fan.","og_url":"https:\/\/www.uoh.cl\/dae\/2024\/01\/22\/universidades-de-ohiggins-y-de-valencia-se-unen-para-sellar-una-colaboracion-estrategica\/","og_site_name":"Direcci\u00f3n de Asuntos Estudiantiles","article_published_time":"2024-01-22T13:12:02+00:00","og_image":[{"width":1000,"height":1000,"url":"https:\/\/www.uoh.cl\/dae\/wp-content\/uploads\/sites\/44\/2024\/01\/UOH-Universidad-de-Valencia.png","type":"image\/png"}],"author":"Universidad de O'Higgins","twitter_card":"summary_large_image","twitter_misc":{"Escrito por":"Universidad de O'Higgins","Tiempo estimado de lectura":"3 minutos"},"schema":{"@context":"https:\/\/schema.org","@graph":[{"@type":"WebPage","@id":"https:\/\/www.uoh.cl\/dae\/2024\/01\/22\/universidades-de-ohiggins-y-de-valencia-se-unen-para-sellar-una-colaboracion-estrategica\/","url":"https:\/\/www.uoh.cl\/dae\/2024\/01\/22\/universidades-de-ohiggins-y-de-valencia-se-unen-para-sellar-una-colaboracion-estrategica\/","name":"Universidades de O'Higgins y de Valencia se unen para sellar una colaboraci\u00f3n estrat\u00e9gica - Direcci\u00f3n de Asuntos Estudiantiles","isPartOf":{"@id":"https:\/\/www.uoh.cl\/dae\/#website"},"primaryImageOfPage":{"@id":"https:\/\/www.uoh.cl\/dae\/2024\/01\/22\/universidades-de-ohiggins-y-de-valencia-se-unen-para-sellar-una-colaboracion-estrategica\/#primaryimage"},"image":{"@id":"https:\/\/www.uoh.cl\/dae\/2024\/01\/22\/universidades-de-ohiggins-y-de-valencia-se-unen-para-sellar-una-colaboracion-estrategica\/#primaryimage"},"thumbnailUrl":"https:\/\/www.uoh.cl\/dae\/wp-content\/uploads\/sites\/44\/2024\/01\/UOH-Universidad-de-Valencia.png","datePublished":"2024-01-22T13:12:02+00:00","author":{"@id":"https:\/\/www.uoh.cl\/dae\/#\/schema\/person\/ea242e676c7d6d7e46fc8b9e39486c4f"},"description":"Representantes de ambas casas de estudios se reunieron para fortalecer v\u00ednculos y materializar proyectos en com\u00fan.","breadcrumb":{"@id":"https:\/\/www.uoh.cl\/dae\/2024\/01\/22\/universidades-de-ohiggins-y-de-valencia-se-unen-para-sellar-una-colaboracion-estrategica\/#breadcrumb"},"inLanguage":"es-CL","potentialAction":[{"@type":"ReadAction","target":["https:\/\/www.uoh.cl\/dae\/2024\/01\/22\/universidades-de-ohiggins-y-de-valencia-se-unen-para-sellar-una-colaboracion-estrategica\/"]}]},{"@type":"ImageObject","inLanguage":"es-CL","@id":"https:\/\/www.uoh.cl\/dae\/2024\/01\/22\/universidades-de-ohiggins-y-de-valencia-se-unen-para-sellar-una-colaboracion-estrategica\/#primaryimage","url":"https:\/\/www.uoh.cl\/dae\/wp-content\/uploads\/sites\/44\/2024\/01\/UOH-Universidad-de-Valencia.png","contentUrl":"https:\/\/www.uoh.cl\/dae\/wp-content\/uploads\/sites\/44\/2024\/01\/UOH-Universidad-de-Valencia.png","width":1000,"height":1000},{"@type":"BreadcrumbList","@id":"https:\/\/www.uoh.cl\/dae\/2024\/01\/22\/universidades-de-ohiggins-y-de-valencia-se-unen-para-sellar-una-colaboracion-estrategica\/#breadcrumb","itemListElement":[{"@type":"ListItem","position":1,"name":"Portada","item":"https:\/\/www.uoh.cl\/dae\/"},{"@type":"ListItem","position":2,"name":"Universidades de O&#8217;Higgins y de Valencia se unen para sellar una colaboraci\u00f3n estrat\u00e9gica"}]},{"@type":"WebSite","@id":"https:\/\/www.uoh.cl\/dae\/#website","url":"https:\/\/www.uoh.cl\/dae\/","name":"Direcci\u00f3n de Asuntos Estudiantiles","description":"Otro sitio de Sitios de Universidad O'higgins","potentialAction":[{"@type":"SearchAction","target":{"@type":"EntryPoint","urlTemplate":"https:\/\/www.uoh.cl\/dae\/?s={search_term_string}"},"query-input":{"@type":"PropertyValueSpecification","valueRequired":true,"valueName":"search_term_string"}}],"inLanguage":"es-CL"},{"@type":"Person","@id":"https:\/\/www.uoh.cl\/dae\/#\/schema\/person\/ea242e676c7d6d7e46fc8b9e39486c4f","name":"Universidad de O'Higgins","image":{"@type":"ImageObject","inLanguage":"es-CL","@id":"https:\/\/www.uoh.cl\/dae\/#\/schema\/person\/image\/","url":"https:\/\/secure.gravatar.com\/avatar\/78fcb76ca05efae11fd355943c01a832a29786cc00d85b1a82c301bea2b2a214?s=96&d=mm&r=g","contentUrl":"https:\/\/secure.gravatar.com\/avatar\/78fcb76ca05efae11fd355943c01a832a29786cc00d85b1a82c301bea2b2a214?s=96&d=mm&r=g","caption":"Universidad de O'Higgins"}}]}},"_links":{"self":[{"href":"https:\/\/www.uoh.cl\/dae\/wp-json\/wp\/v2\/posts\/265","targetHints":{"allow":["GET"]}}],"collection":[{"href":"https:\/\/www.uoh.cl\/dae\/wp-json\/wp\/v2\/posts"}],"about":[{"href":"https:\/\/www.uoh.cl\/dae\/wp-json\/wp\/v2\/types\/post"}],"author":[{"embeddable":true,"href":"https:\/\/www.uoh.cl\/dae\/wp-json\/wp\/v2\/users\/34"}],"replies":[{"embeddable":true,"href":"https:\/\/www.uoh.cl\/dae\/wp-json\/wp\/v2\/comments?post=265"}],"version-history":[{"count":0,"href":"https:\/\/www.uoh.cl\/dae\/wp-json\/wp\/v2\/posts\/265\/revisions"}],"wp:featuredmedia":[{"embeddable":true,"href":"https:\/\/www.uoh.cl\/dae\/wp-json\/wp\/v2\/media\/266"}],"wp:attachment":[{"href":"https:\/\/www.uoh.cl\/dae\/wp-json\/wp\/v2\/media?parent=265"}],"wp:term":[{"taxonomy":"category","embeddable":true,"href":"https:\/\/www.uoh.cl\/dae\/wp-json\/wp\/v2\/categories?post=265"},{"taxonomy":"post_tag","embeddable":true,"href":"https:\/\/www.uoh.cl\/dae\/wp-json\/wp\/v2\/tags?post=265"}],"curies":[{"name":"wp","href":"https:\/\/api.w.org\/{rel}","templated":true}]}}