
{"id":263,"date":"2024-01-19T12:14:12","date_gmt":"2024-01-19T15:14:12","guid":{"rendered":"https:\/\/www.uoh.cl\/dae\/2024\/01\/19\/trazando-caminos-inclusivos-martina-leiva-se-suma-a-la-carrera-de-psicologia-en-la-universidad-de-ohiggins\/"},"modified":"2024-01-19T12:14:12","modified_gmt":"2024-01-19T15:14:12","slug":"trazando-caminos-inclusivos-martina-leiva-se-suma-a-la-carrera-de-psicologia-en-la-universidad-de-ohiggins","status":"publish","type":"post","link":"https:\/\/www.uoh.cl\/dae\/2024\/01\/19\/trazando-caminos-inclusivos-martina-leiva-se-suma-a-la-carrera-de-psicologia-en-la-universidad-de-ohiggins\/","title":{"rendered":"Trazando caminos inclusivos: Martina Leiva se suma a la carrera de Psicolog\u00eda en la Universidad de O&#8217;Higgins"},"content":{"rendered":"<div class=\"wpb-content-wrapper\"><p>[vc_section el_class=&#8221;container mx-auto align-items-center circle&#8211;pattern&#8221; css=&#8221;.vc_custom_1648956589196{padding-top: 3rem !important;}&#8221;][vc_row][vc_column]<div class=\"breadcrumb\"><ol itemscope itemtype=\"https:\/\/schema.org\/BreadcrumbList\"><li itemprop=\"itemListElement\" itemscope itemtype=\"https:\/\/schema.org\/ListItem\"><a itemprop=\"item\" href=\"http:\/\/www.uoh.cl\"><span itemprop=\"name\">Inicio<\/span><\/a><meta itemprop=\"position\" content=\"1\" \/><li itemprop=\"itemListElement\" itemscope itemtype=\"https:\/\/schema.org\/ListItem\"><a itemprop=\"item\" href=\"https:\/\/www.uoh.cl\/dae\"><span itemprop=\"name\">Direcci\u00f3n de Asuntos Estudiantiles<\/span><\/a><meta itemprop=\"position\" content=\"2\" \/><li itemprop=\"itemListElement\" itemscope itemtype=\"https:\/\/schema.org\/ListItem\"><a itemprop=\"item\" href=\"https:\/\/www.uoh.cl\/dae\/noticias\/\"><span itemprop=\"name\">Noticias<\/span><\/a><meta itemprop=\"position\" content=\"3\" \/><li itemprop=\"itemListElement\" itemscope itemtype=\"https:\/\/schema.org\/ListItem\"><span itemprop=\"name\">Trazando caminos inclusivos: Martina Leiva se suma a la carrera <\/span><meta itemprop=\"position\" content=\"4\" \/><\/ol><\/div><ul class=\"p-0 list-style-none d-inline-block\"><li class=\"p-0\"><a href=https:\/\/www.uoh.cl\/dae\/category\/admision\/ class=\"px-1 py-2\">Admisi\u00f3n<\/a><\/li><\/ul><div class=\"date_publish_post\"> \u25cf Vie 19 de Enero 2024<\/div><div class=\"uoh_title_component-container\"><h1 class=\"title title--ms d-inline-block title--decorator  big\">Trazando caminos inclusivos: Martina Leiva se suma a la carrera de Psicolog\u00eda en la Universidad de O&#8217;Higgins<\/h1><\/div>[vc_row_inner el_class=&#8221;border-separator m-0&#8243;][vc_column_inner width=&#8221;2\/3&#8243;]<div class=\"author_wp_class\"> Escrito por <span>Universidad de O'Higgins<\/span><\/div>[\/vc_column_inner][vc_column_inner el_class=&#8221;align-items-end-publish&#8221; width=&#8221;1\/3&#8243;]<div class=\"uoh_social_network_component uoh_row col-12 justify-content-end m-0 p-0\"> <div class=\"icon__facebook-share-button\">\n                       <a href=\"https:\/\/www.facebook.com\/sharer\/sharer.php?u=https:\/\/www.uoh.cl\/dae\/2024\/01\/19\/trazando-caminos-inclusivos-martina-leiva-se-suma-a-la-carrera-de-psicologia-en-la-universidad-de-ohiggins\/\" target=\"_blank\"> <div class=\"icon__facebook-svg\"><svg version=\"1.1\" xmlns=\"http:\/\/www.w3.org\/2000\/svg\" xmlns:xlink=\"http:\/\/www.w3.org\/1999\/xlink\" x=\"0px\" y=\"0px\" width=\"22.4px\" height=\"48.3px\" viewBox=\"0 0 22.4 48.3\" style=\"overflow:visible;enable-background:new 0 0 22.4 48.3;\" xml:space=\"preserve\">\n                <defs>\n                <\/defs>\n                <path class=\"st0\" d=\"M22.4,15.6h-7.6v-5c0-1.9,1.2-2.3,2.1-2.3c0.9,0,5.4,0,5.4,0V0l-7.4,0C6.6,0,4.8,6.2,4.8,10.1v5.5H0v8.5h4.8\n                    c0,10.9,0,24.1,0,24.1h10c0,0,0-13.3,0-24.1h6.8L22.4,15.6z\"><\/path>\n                <\/svg><\/a><\/div>\n                    <\/div><div class=\"icon__twitter-share-button\">\n                        <div class=\"icon__twitter-svg\"><a target=\"_blank\" href=\"http:\/\/twitter.com\/share?url=https:\/\/www.uoh.cl\/dae\/2024\/01\/19\/trazando-caminos-inclusivos-martina-leiva-se-suma-a-la-carrera-de-psicologia-en-la-universidad-de-ohiggins\/\"><svg xmlns=\"http:\/\/www.w3.org\/2000\/svg\" height=\"1em\" viewBox=\"0 0 512 512\"><!--! Font Awesome Free 6.4.2 by @fontawesome - https:\/\/fontawesome.com License - https:\/\/fontawesome.com\/license (Commercial License) Copyright 2023 Fonticons, Inc. --><path d=\"M389.2 48h70.6L305.6 224.2 487 464H345L233.7 318.6 106.5 464H35.8L200.7 275.5 26.8 48H172.4L272.9 180.9 389.2 48zM364.4 421.8h39.1L151.1 88h-42L364.4 421.8z\"\/><\/svg><\/a><\/div>\n                        <\/div><div class=\"icon__linkedin-share-button\">\n                        <div class=\"icon__linkedin-svg\">\n                        <a target=\"__blank\" href=\"https:\/\/www.linkedin.com\/sharing\/share-offsite\/?url=https:\/\/www.uoh.cl\/dae\/2024\/01\/19\/trazando-caminos-inclusivos-martina-leiva-se-suma-a-la-carrera-de-psicologia-en-la-universidad-de-ohiggins\/\"><svg enable-background=\"new 0 0 100 100\" height=\"100px\" id=\"Layer_1\" version=\"1.1\" viewBox=\"0 0 100 100\" width=\"100px\" xml:space=\"preserve\" xmlns=\"http:\/\/www.w3.org\/2000\/svg\" xmlns:xlink=\"http:\/\/www.w3.org\/1999\/xlink\"><g><circle cx=\"50\" cy=\"50\" fill=\"#ccc\" r=\"45\"\/><g id=\"LinkedIn_1_\"><rect fill=\"#FFFFFF\" height=\"24.361\" width=\"7.69\" x=\"31.271\" y=\"43.569\"\/><path d=\"M59.968,43.334c-4.406,0-7.165,2.387-7.677,4.058v-3.823h-8.636c0.109,2.03,0,24.361,0,24.361h8.636    V54.748c0-0.733-0.034-1.465,0.19-1.991c0.594-1.464,1.869-2.985,4.162-2.985c2.998,0,4.361,2.253,4.361,5.552V67.93h8.721V54.384    C69.726,46.839,65.432,43.334,59.968,43.334z\" fill=\"#FFFFFF\"\/><path d=\"M34.973,32.069c-2.839,0-4.696,1.823-4.696,4.229c0,2.361,1.804,4.224,4.589,4.224h0.054    c2.891,0,4.69-1.869,4.69-4.229C39.555,33.888,37.81,32.069,34.973,32.069z\" fill=\"#FFFFFF\"\/><\/g><\/g><\/svg><\/a><\/div>\n\n            <\/div><\/div>[\/vc_column_inner][\/vc_row_inner][vc_single_image image=&#8221;30800&#8243; img_size=&#8221;full&#8221; add_caption=&#8221;yes&#8221; alignment=&#8221;center&#8221; onclick=&#8221;img_link_large&#8221; img_link_target=&#8221;_blank&#8221;][vc_column_text]\u00a0[\/vc_column_text][vc_column_text]<\/p>\n<ul>\n<li><i>La joven, oriunda de Santa Cruz y diagnosticada con atrofia muscular espinal, postul\u00f3 a la Universidad de O\u2019Higgins luego de realizar el proceso normal de acceso a la educaci\u00f3n superior. Y esta semana sell\u00f3 su matr\u00edcula presencialmente.<\/i><\/li>\n<\/ul>\n<p>[\/vc_column_text][vc_column_text]\u00a0[\/vc_column_text][vc_column_text]<\/p>\n<p style=\"font-weight: 400\">Martina Leiva Rodr\u00edguez es la menor de 5 hermanos. A los cinco meses de vida fue diagnosticada con atrofia muscular espinal AME1, una enfermedad gen\u00e9tica que da\u00f1a y mata las neuronas motoras. Su condici\u00f3n la llev\u00f3 a pasar sus primeros a\u00f1os de vida en la Fundaci\u00f3n Josefina Mart\u00ednez de Ferrari, hasta el a\u00f1o 2008, cuando el Ministerio de Salud inici\u00f3 un programa para reintegrar a los pacientes a sus domicilios, siendo una de las primeras pacientes en concretar la hospitalizaci\u00f3n domiciliaria.<\/p>\n<p style=\"font-weight: 400\">Actualmente tiene 18 a\u00f1os. Y si bien desde los 6 meses se encuentra postrada y hoy depende 100% de un ventilador mec\u00e1nico, por su par\u00e1lisis diafragm\u00e1tica, eso no le ha impedido avanzar en la vida.<\/p>\n<p style=\"font-weight: 400\">Culmin\u00f3 su ense\u00f1anza media, junto a su madre \u2013M\u00f3nica Rodr\u00edguez-, gracias al apoyo psicoeducativo de la Escuela Hospitalaria Santa Cruz, y decidi\u00f3 avanzar un paso m\u00e1s all\u00e1. Dio la Prueba de Acceso a la Educaci\u00f3n Superior y postul\u00f3 a la carrera de\u00a0<a href=\"https:\/\/www.uoh.cl\/escuela-de-ciencias-sociales\/carreras\/psicologia\/\" data-saferedirecturl=\"https:\/\/www.google.com\/url?q=https:\/\/www.uoh.cl\/escuela-de-ciencias-sociales\/carreras\/psicologia\/&amp;source=gmail&amp;ust=1705760428754000&amp;usg=AOvVaw0obqx3EZm6dQR_TIItkzqx\">Psicolog\u00eda<\/a>\u00a0en la\u00a0<a href=\"http:\/\/www.uoh.cl\/\" data-saferedirecturl=\"https:\/\/www.google.com\/url?q=http:\/\/www.uoh.cl\/&amp;source=gmail&amp;ust=1705760428754000&amp;usg=AOvVaw2W9QxJWT2VHF2sdF221wil\">Universidad de O\u2019Higgins<\/a>\u00a0(UOH), meta que cumpli\u00f3 ampliamente gracias a sus calificaciones y un buen resultado PAES.<\/p>\n<p style=\"font-weight: 400\">Su matr\u00edcula como nueva estudiante UOH se concret\u00f3 esta semana, presencialmente en el Campus Rancagua de la Universidad, donde Martina pudo compartir con autoridades universitarias y j\u00f3venes que tambi\u00e9n ingresaban a las 27 carreras que ofrece la casa de estudios regional.<\/p>\n<p style=\"font-weight: 400\">\u201cHoy hicimos hartas cosas, conocimos varios lugares donde me explicaron muchos procesos. Y la verdad, me encant\u00f3. Estoy muy contenta, son todos s\u00faper amorosos y buena onda. La ayuda que me est\u00e1n ofreciendo es la esperada, la que quer\u00edamos, la que necesitaba\u201d, explic\u00f3 la joven luego de recibir el papel que la certificaba como nueva estudiante de Psicolog\u00eda UOH.<\/p>\n<p style=\"font-weight: 400\">\u201cQuiero empezar pronto, aprender y en cinco a\u00f1os titularme. Tambi\u00e9n ayudar a las personas a que cumplan sus sue\u00f1os, a que salgan adelante, a motivarlos y abrir la puerta a otras personas con discapacidad que tambi\u00e9n se den cuenta que se puede. Que no es imposible. Que se atrevan a hacerlo\u201d, destac\u00f3 Martina.<\/p>\n<p style=\"font-weight: 400\">Su madre, M\u00f3nica Rodr\u00edguez, muy emocionada, coment\u00f3 que \u201ceste recibimiento que nos hicieron fue muy lindo. Nunca nos hab\u00edan recibido con las puertas abiertas de esta forma. Tanta gente, fue muy emotivo. As\u00ed que orgullosa de estar ac\u00e1; ten\u00eda mis preocupaciones de acuerdo a lo que Martina quer\u00eda hacer, pero se est\u00e1n dando todas las cosas y con mucha voluntad\u201d.<\/p>\n<h4 style=\"font-weight: 400\"><strong>Universidad inclusiva<\/strong><\/h4>\n<p style=\"font-weight: 400\">La UOH a trav\u00e9s de la Unidad de Inclusi\u00f3n, perteneciente a la Direcci\u00f3n de Asuntos Estudiantiles (DAE), desde sus inicios busca promover el desarrollo integral de las y los estudiantes por medio de servicios y beneficios destinados a potenciar su desempe\u00f1o acad\u00e9mico y su desarrollo personal.<\/p>\n<p style=\"font-weight: 400\">Desde ese \u00e1mbito, Carlos P\u00e9rez Wilson, Vicerrector Acad\u00e9mico UOH, celebr\u00f3 el ingreso de Martina a la casa de estudios regional. \u201cLa Universidad se lo ha tomado con mucha alegr\u00eda, con mucho entusiasmo, porque estas situaciones son las que efectivamente nos comprometen y nos permiten cumplir los compromisos institucionales que se han asumido en el \u00e1rea de inclusi\u00f3n\u201d.<\/p>\n<p style=\"font-weight: 400\">\u201cNuestro proyecto institucional es un proyecto inclusivo, esperanzador en el sentido de que queremos que la Educaci\u00f3n Superior sea una realidad para todas las personas, independiente de su condici\u00f3n. As\u00ed que con Martina estamos muy contentos, tenemos claro que es un desaf\u00edo grande y que tiene que ser resuelto de manera conjunta y colaborativa\u201d, expres\u00f3 la autoridad universitaria.<\/p>\n<p style=\"font-weight: 400\">Carol Uribe Llanos, coordinadora de la Unidad de Inclusi\u00f3n UOH, puntualiz\u00f3 que desde sus inicios la UOH se declar\u00f3 una universidad inclusiva, \u201ceso significa que debemos estar preparados para recibir a todos los estudiantes que tienen la intenci\u00f3n de formarse aqu\u00ed, en nuestra casa de estudios. Hoy, recibimos a Martina muy contentos, emocionados, porque podemos dar fe que la inclusi\u00f3n es posible y que cualquier persona que tiene un desaf\u00edo en la vida, independiente de su condici\u00f3n, puede hacer lo que desee. Y ese es el caso de Martina hoy\u201d.<\/p>\n<p>[\/vc_column_text][vc_zigzag color=&#8221;white&#8221;][vc_row_inner][vc_column_inner][vc_single_image image=&#8221;30801&#8243; img_size=&#8221;600&#215;350&#8243; alignment=&#8221;center&#8221; onclick=&#8221;img_link_large&#8221;][vc_zigzag color=&#8221;white&#8221;][\/vc_column_inner][\/vc_row_inner][\/vc_column][\/vc_row][\/vc_section][vc_section css=&#8221;.vc_custom_1650255686594{background-color: #f6faff !important;}&#8221; el_class=&#8221;p-md-0 pt-md-5&#8243;][vc_row el_class=&#8221;container mx-auto align-items-center p-md-0 pt-5 pb-5&#8243;][vc_column el_class=&#8221;pb-5&#8243;][vc_row_inner el_class=&#8221;pb-5&#8243;][vc_column_inner]<div class=\"row m-0 p-0\"><div class=\"col-12 col-md-9 pt-5 pt-md-0\"><h2 class=\"title title--decorator title--ms d-inline-block\">Te Recomendamos<\/h2><\/div><\/div><div class=\"content-holder\"><div class=\"row  swipper-news-list not--activate-hack \"><div class=\"row -wrapper\"><div class=\"  col-sm-6 col-md-4 img-article\">\n                                        <div class=\"content-news-display row m-0 p-0\"><div class=\"holder p-0 \"><div class=\"img-wrap img-wrap-news\">\n                                        <div class=\"caption__news-category\">\n                                        <a href=\"https:\/\/www.uoh.cl\/dae\/category\/institucional\/\">\n                                        Institucional<\/a><\/div><img decoding=\"async\" class=\"w-100 h-100 lazyload\" data-src=\"https:\/\/www.uoh.cl\/dae\/wp-content\/uploads\/sites\/44\/2026\/04\/Inauguracion-Ano-Academico-2026-6.jpg\" alt=\"Reflexi\u00f3n universitaria: UOH inaugura A\u00f1o Acad\u00e9mico 2026 pensando en los desaf\u00edos de la Educaci\u00f3n Superior\" style=\"--smush-placeholder-width: 1500px; --smush-placeholder-aspect-ratio: 1500\/1000;object-fit: cover; object-position: center;\" src=\"data:image\/svg+xml;base64,PHN2ZyB3aWR0aD0iMSIgaGVpZ2h0PSIxIiB4bWxucz0iaHR0cDovL3d3dy53My5vcmcvMjAwMC9zdmciPjwvc3ZnPg==\"><\/div><\/div><div class=\"caption py-3 caption__news py-md-3 pb-md-5\">\n                                    <span class=\"caption__date\">Mi\u00e9rcoles 29, Abril<\/span>\n                                     <a href=\"https:\/\/www.uoh.cl\/dae\/2026\/04\/29\/reflexion-universitaria-uoh-inaugura-ano-academico-2026-pensando-en-los-desafios-de-la-educacion-superior\/\">\n                                    <h3 class=\"small-space\">Reflexi\u00f3n universitaria: UOH inaugura A\u00f1o Acad\u00e9mico 2026 pensando en los desaf\u00edos de la Educaci\u00f3n Superior<\/h3><\/a>\n\n                                    <p>La ceremonia promovi\u00f3 el an\u00e1lisis acerca de los cambios educativos que se avecinan dentro de los procesos de formaci\u00f3n universitaria ajustados a contextos digitales.   <\/p>\n                                    <a class=\"link link--bold mt-md-3\" href=\"https:\/\/www.uoh.cl\/dae\/2026\/04\/29\/reflexion-universitaria-uoh-inaugura-ano-academico-2026-pensando-en-los-desafios-de-la-educacion-superior\/\">Saber m\u00e1s <span class=\"icon icon--inline icon--link\"><svg version=\"1.1\" xmlns=\"http:\/\/www.w3.org\/2000\/svg\" xmlns:xlink=\"http:\/\/www.w3.org\/1999\/xlink\" x=\"0px\" y=\"0px\" width=\"22px\"height=\"22px\" viewBox=\"0 0 22 22\" style=\"overflow:visible;enable-background:new 0 0 80 64.6;\" xml:space=\"preserve\"><g clip-path=\"url(#acA)\"><path fill-rule=\"evenodd\" d=\"M21.913 11.266a.93.93 0 000-.711c-.022-.056-.063-.097-.091-.144s-.053-.103-.097-.15L12.306.294c-.357-.379-.955-.394-1.334-.038s-.394.955-.038 1.334l7.917 8.374H.927a.95.95 0 00-.908.983.946.946 0 00.908.908h17.924l-8.089 8.552c-.357.379-.341.977.034 1.334s.977.341 1.334-.034l9.594-10.148c.044-.044.063-.1.097-.15.028-.047.069-.088.091-.141z\"\/><\/g><defs><clipPath id=\"acA\"><path fill=\"#fff\" d=\"M0 0h22v22H0z\"\/><\/clipPath><\/defs><\/svg><\/span><\/a><\/div><\/div><\/div><div class=\"  col-sm-6 col-md-4 img-article\">\n                                        <div class=\"content-news-display row m-0 p-0\"><div class=\"holder p-0 \"><div class=\"img-wrap img-wrap-news\">\n                                        <div class=\"caption__news-category\">\n                                        <a href=\"https:\/\/www.uoh.cl\/dae\/category\/cuech\/\">\n                                        CUECH<\/a><\/div><img decoding=\"async\" class=\"w-100 h-100 lazyload\" data-src=\"https:\/\/www.uoh.cl\/dae\/wp-content\/uploads\/sites\/44\/2026\/04\/DSC_2431-scaled.jpg\" alt=\"Universidades estatales sellan hoja de ruta 2030: Red Desarrollo Sustentable entra en fase de consolidaci\u00f3n\" style=\"--smush-placeholder-width: 2560px; --smush-placeholder-aspect-ratio: 2560\/1707;object-fit: cover; object-position: center;\" src=\"data:image\/svg+xml;base64,PHN2ZyB3aWR0aD0iMSIgaGVpZ2h0PSIxIiB4bWxucz0iaHR0cDovL3d3dy53My5vcmcvMjAwMC9zdmciPjwvc3ZnPg==\"><\/div><\/div><div class=\"caption py-3 caption__news py-md-3 pb-md-5\">\n                                    <span class=\"caption__date\">Mi\u00e9rcoles 15, Abril<\/span>\n                                     <a href=\"https:\/\/www.uoh.cl\/dae\/2026\/04\/15\/universidades-estatales-sellan-hoja-de-ruta-2030-red-desarrollo-sustentable-entra-en-fase-de-consolidacion\/\">\n                                    <h3 class=\"small-space\">Universidades estatales sellan hoja de ruta 2030: Red Desarrollo Sustentable entra en fase de consolidaci\u00f3n<\/h3><\/a>\n\n                                    <p>En el Plenario realizado en la Universidad de O'Higgins, los 18 planteles p\u00fablicos definieron sus metas estrat\u00e9gicas para el periodo 2026-2030. El plan priorizar\u00e1 la institucionalizaci\u00f3n de capacidades, un diplomado para organismos p\u00fablicos y la medici\u00f3n de la huella h\u00eddrica en los campus.<\/p>\n                                    <a class=\"link link--bold mt-md-3\" href=\"https:\/\/www.uoh.cl\/dae\/2026\/04\/15\/universidades-estatales-sellan-hoja-de-ruta-2030-red-desarrollo-sustentable-entra-en-fase-de-consolidacion\/\">Saber m\u00e1s <span class=\"icon icon--inline icon--link\"><svg version=\"1.1\" xmlns=\"http:\/\/www.w3.org\/2000\/svg\" xmlns:xlink=\"http:\/\/www.w3.org\/1999\/xlink\" x=\"0px\" y=\"0px\" width=\"22px\"height=\"22px\" viewBox=\"0 0 22 22\" style=\"overflow:visible;enable-background:new 0 0 80 64.6;\" xml:space=\"preserve\"><g clip-path=\"url(#acA)\"><path fill-rule=\"evenodd\" d=\"M21.913 11.266a.93.93 0 000-.711c-.022-.056-.063-.097-.091-.144s-.053-.103-.097-.15L12.306.294c-.357-.379-.955-.394-1.334-.038s-.394.955-.038 1.334l7.917 8.374H.927a.95.95 0 00-.908.983.946.946 0 00.908.908h17.924l-8.089 8.552c-.357.379-.341.977.034 1.334s.977.341 1.334-.034l9.594-10.148c.044-.044.063-.1.097-.15.028-.047.069-.088.091-.141z\"\/><\/g><defs><clipPath id=\"acA\"><path fill=\"#fff\" d=\"M0 0h22v22H0z\"\/><\/clipPath><\/defs><\/svg><\/span><\/a><\/div><\/div><\/div><div class=\"  col-sm-6 col-md-4 img-article\">\n                                        <div class=\"content-news-display row m-0 p-0\"><div class=\"holder p-0 \"><div class=\"img-wrap img-wrap-news\">\n                                        <div class=\"caption__news-category\">\n                                        <a href=\"https:\/\/www.uoh.cl\/dae\/category\/institucional\/\">\n                                        Institucional<\/a><\/div><img decoding=\"async\" class=\"w-100 h-100 lazyload\" data-src=\"https:\/\/www.uoh.cl\/dae\/wp-content\/uploads\/sites\/44\/2026\/04\/Frontis-UOH.jpg\" alt=\"Comunicado oficial: Suspensi\u00f3n de actividades Campus Rancagua\" style=\"--smush-placeholder-width: 1500px; --smush-placeholder-aspect-ratio: 1500\/1000;object-fit: cover; object-position: center;\" src=\"data:image\/svg+xml;base64,PHN2ZyB3aWR0aD0iMSIgaGVpZ2h0PSIxIiB4bWxucz0iaHR0cDovL3d3dy53My5vcmcvMjAwMC9zdmciPjwvc3ZnPg==\"><\/div><\/div><div class=\"caption py-3 caption__news py-md-3 pb-md-5\">\n                                    <span class=\"caption__date\">Martes 14, Abril<\/span>\n                                     <a href=\"https:\/\/www.uoh.cl\/dae\/2026\/04\/14\/comunicado-oficial-suspension-de-actividades-campus-rancagua\/\">\n                                    <h3 class=\"small-space\">Comunicado oficial: Suspensi\u00f3n de actividades Campus Rancagua<\/h3><\/a>\n\n                                    <p>Ante la amenaza de tiroteo ocurrida en el Campus Rancagua.<\/p>\n                                    <a class=\"link link--bold mt-md-3\" href=\"https:\/\/www.uoh.cl\/dae\/2026\/04\/14\/comunicado-oficial-suspension-de-actividades-campus-rancagua\/\">Saber m\u00e1s <span class=\"icon icon--inline icon--link\"><svg version=\"1.1\" xmlns=\"http:\/\/www.w3.org\/2000\/svg\" xmlns:xlink=\"http:\/\/www.w3.org\/1999\/xlink\" x=\"0px\" y=\"0px\" width=\"22px\"height=\"22px\" viewBox=\"0 0 22 22\" style=\"overflow:visible;enable-background:new 0 0 80 64.6;\" xml:space=\"preserve\"><g clip-path=\"url(#acA)\"><path fill-rule=\"evenodd\" d=\"M21.913 11.266a.93.93 0 000-.711c-.022-.056-.063-.097-.091-.144s-.053-.103-.097-.15L12.306.294c-.357-.379-.955-.394-1.334-.038s-.394.955-.038 1.334l7.917 8.374H.927a.95.95 0 00-.908.983.946.946 0 00.908.908h17.924l-8.089 8.552c-.357.379-.341.977.034 1.334s.977.341 1.334-.034l9.594-10.148c.044-.044.063-.1.097-.15.028-.047.069-.088.091-.141z\"\/><\/g><defs><clipPath id=\"acA\"><path fill=\"#fff\" d=\"M0 0h22v22H0z\"\/><\/clipPath><\/defs><\/svg><\/span><\/a><\/div><\/div><\/div><\/div><\/div><\/div><div class=\"pagination justify-content-center my-5\"><span aria-current=\"page\" class=\"page-numbers current\">1<\/span>\n<a class=\"page-numbers\" href=\"https:\/\/www.uoh.cl\/dae\/wp-json\/wp\/v2\/posts\/263\/\/page\/2\">2<\/a>\n<a class=\"page-numbers\" href=\"https:\/\/www.uoh.cl\/dae\/wp-json\/wp\/v2\/posts\/263\/\/page\/3\">3<\/a>\n<span class=\"page-numbers dots\">&hellip;<\/span>\n<a class=\"page-numbers\" href=\"https:\/\/www.uoh.cl\/dae\/wp-json\/wp\/v2\/posts\/263\/\/page\/30\">30<\/a>\n<a class=\"next page-numbers\" href=\"https:\/\/www.uoh.cl\/dae\/wp-json\/wp\/v2\/posts\/263\/\/page\/2\"><div class=\"icon-pagination-next\"> <?xml version=\"1.0\" ?><svg viewBox=\"0 0 96 96\" xmlns=\"http:\/\/www.w3.org\/2000\/svg\"><title\/><path d=\"M39.3756,48.0022l30.47-25.39a6.0035,6.0035,0,0,0-7.6878-9.223L26.1563,43.3906a6.0092,6.0092,0,0,0,0,9.2231L62.1578,82.615a6.0035,6.0035,0,0,0,7.6878-9.2231Z\"\/><\/svg> <\/div><\/a><\/div>[\/vc_column_inner][\/vc_row_inner][\/vc_column][\/vc_row][\/vc_section]<\/p>\n<\/div>","protected":false},"excerpt":{"rendered":"<p>La joven, oriunda de Santa Cruz y diagnosticada con atrofia muscular espinal, postul\u00f3 a la Universidad de O\u2019Higgins luego de realizar el proceso normal de acceso a la educaci\u00f3n superior. Y esta semana sell\u00f3 su matr\u00edcula presencialmente.<\/p>\n","protected":false},"author":34,"featured_media":264,"comment_status":"open","ping_status":"open","sticky":false,"template":"","format":"standard","meta":{"_acf_changed":false,"footnotes":""},"categories":[23],"tags":[],"class_list":["post-263","post","type-post","status-publish","format-standard","has-post-thumbnail","hentry","category-admision"],"acf":[],"yoast_head":"<!-- This site is optimized with the Yoast SEO plugin v26.6 - https:\/\/yoast.com\/wordpress\/plugins\/seo\/ -->\n<title>Trazando caminos inclusivos: Martina Leiva se suma a la carrera de Psicolog\u00eda en la Universidad de O&#039;Higgins - Direcci\u00f3n de Asuntos Estudiantiles<\/title>\n<meta name=\"description\" content=\"La joven, oriunda de Santa Cruz y diagnosticada con atrofia muscular espinal, postul\u00f3 a la Universidad de O\u2019Higgins luego de realizar el proceso normal de acceso a la educaci\u00f3n superior. Y esta semana sell\u00f3 su matr\u00edcula presencialmente.\" \/>\n<meta name=\"robots\" content=\"noindex, nofollow\" \/>\n<meta property=\"og:locale\" content=\"es_ES\" \/>\n<meta property=\"og:type\" content=\"article\" \/>\n<meta property=\"og:title\" content=\"Trazando caminos inclusivos: Martina Leiva se suma a la carrera de Psicolog\u00eda en la Universidad de O&#039;Higgins - Direcci\u00f3n de Asuntos Estudiantiles\" \/>\n<meta property=\"og:description\" content=\"La joven, oriunda de Santa Cruz y diagnosticada con atrofia muscular espinal, postul\u00f3 a la Universidad de O\u2019Higgins luego de realizar el proceso normal de acceso a la educaci\u00f3n superior. Y esta semana sell\u00f3 su matr\u00edcula presencialmente.\" \/>\n<meta property=\"og:url\" content=\"https:\/\/www.uoh.cl\/dae\/2024\/01\/19\/trazando-caminos-inclusivos-martina-leiva-se-suma-a-la-carrera-de-psicologia-en-la-universidad-de-ohiggins\/\" \/>\n<meta property=\"og:site_name\" content=\"Direcci\u00f3n de Asuntos Estudiantiles\" \/>\n<meta property=\"article:published_time\" content=\"2024-01-19T15:14:12+00:00\" \/>\n<meta property=\"og:image\" content=\"https:\/\/www.uoh.cl\/dae\/wp-content\/uploads\/sites\/44\/2024\/01\/Matricula-Martina-Leiva.png\" \/>\n\t<meta property=\"og:image:width\" content=\"1000\" \/>\n\t<meta property=\"og:image:height\" content=\"1000\" \/>\n\t<meta property=\"og:image:type\" content=\"image\/png\" \/>\n<meta name=\"author\" content=\"Universidad de O&#039;Higgins\" \/>\n<meta name=\"twitter:card\" content=\"summary_large_image\" \/>\n<meta name=\"twitter:label1\" content=\"Escrito por\" \/>\n\t<meta name=\"twitter:data1\" content=\"Universidad de O&#039;Higgins\" \/>\n\t<meta name=\"twitter:label2\" content=\"Tiempo estimado de lectura\" \/>\n\t<meta name=\"twitter:data2\" content=\"4 minutos\" \/>\n<script type=\"application\/ld+json\" class=\"yoast-schema-graph\">{\"@context\":\"https:\/\/schema.org\",\"@graph\":[{\"@type\":\"WebPage\",\"@id\":\"https:\/\/www.uoh.cl\/dae\/2024\/01\/19\/trazando-caminos-inclusivos-martina-leiva-se-suma-a-la-carrera-de-psicologia-en-la-universidad-de-ohiggins\/\",\"url\":\"https:\/\/www.uoh.cl\/dae\/2024\/01\/19\/trazando-caminos-inclusivos-martina-leiva-se-suma-a-la-carrera-de-psicologia-en-la-universidad-de-ohiggins\/\",\"name\":\"Trazando caminos inclusivos: Martina Leiva se suma a la carrera de Psicolog\u00eda en la Universidad de O'Higgins - Direcci\u00f3n de Asuntos Estudiantiles\",\"isPartOf\":{\"@id\":\"https:\/\/www.uoh.cl\/dae\/#website\"},\"primaryImageOfPage\":{\"@id\":\"https:\/\/www.uoh.cl\/dae\/2024\/01\/19\/trazando-caminos-inclusivos-martina-leiva-se-suma-a-la-carrera-de-psicologia-en-la-universidad-de-ohiggins\/#primaryimage\"},\"image\":{\"@id\":\"https:\/\/www.uoh.cl\/dae\/2024\/01\/19\/trazando-caminos-inclusivos-martina-leiva-se-suma-a-la-carrera-de-psicologia-en-la-universidad-de-ohiggins\/#primaryimage\"},\"thumbnailUrl\":\"https:\/\/www.uoh.cl\/dae\/wp-content\/uploads\/sites\/44\/2024\/01\/Matricula-Martina-Leiva.png\",\"datePublished\":\"2024-01-19T15:14:12+00:00\",\"author\":{\"@id\":\"https:\/\/www.uoh.cl\/dae\/#\/schema\/person\/ea242e676c7d6d7e46fc8b9e39486c4f\"},\"description\":\"La joven, oriunda de Santa Cruz y diagnosticada con atrofia muscular espinal, postul\u00f3 a la Universidad de O\u2019Higgins luego de realizar el proceso normal de acceso a la educaci\u00f3n superior. Y esta semana sell\u00f3 su matr\u00edcula presencialmente.\",\"breadcrumb\":{\"@id\":\"https:\/\/www.uoh.cl\/dae\/2024\/01\/19\/trazando-caminos-inclusivos-martina-leiva-se-suma-a-la-carrera-de-psicologia-en-la-universidad-de-ohiggins\/#breadcrumb\"},\"inLanguage\":\"es-CL\",\"potentialAction\":[{\"@type\":\"ReadAction\",\"target\":[\"https:\/\/www.uoh.cl\/dae\/2024\/01\/19\/trazando-caminos-inclusivos-martina-leiva-se-suma-a-la-carrera-de-psicologia-en-la-universidad-de-ohiggins\/\"]}]},{\"@type\":\"ImageObject\",\"inLanguage\":\"es-CL\",\"@id\":\"https:\/\/www.uoh.cl\/dae\/2024\/01\/19\/trazando-caminos-inclusivos-martina-leiva-se-suma-a-la-carrera-de-psicologia-en-la-universidad-de-ohiggins\/#primaryimage\",\"url\":\"https:\/\/www.uoh.cl\/dae\/wp-content\/uploads\/sites\/44\/2024\/01\/Matricula-Martina-Leiva.png\",\"contentUrl\":\"https:\/\/www.uoh.cl\/dae\/wp-content\/uploads\/sites\/44\/2024\/01\/Matricula-Martina-Leiva.png\",\"width\":1000,\"height\":1000},{\"@type\":\"BreadcrumbList\",\"@id\":\"https:\/\/www.uoh.cl\/dae\/2024\/01\/19\/trazando-caminos-inclusivos-martina-leiva-se-suma-a-la-carrera-de-psicologia-en-la-universidad-de-ohiggins\/#breadcrumb\",\"itemListElement\":[{\"@type\":\"ListItem\",\"position\":1,\"name\":\"Portada\",\"item\":\"https:\/\/www.uoh.cl\/dae\/\"},{\"@type\":\"ListItem\",\"position\":2,\"name\":\"Trazando caminos inclusivos: Martina Leiva se suma a la carrera de Psicolog\u00eda en la Universidad de O&#8217;Higgins\"}]},{\"@type\":\"WebSite\",\"@id\":\"https:\/\/www.uoh.cl\/dae\/#website\",\"url\":\"https:\/\/www.uoh.cl\/dae\/\",\"name\":\"Direcci\u00f3n de Asuntos Estudiantiles\",\"description\":\"Otro sitio de Sitios de Universidad O'higgins\",\"potentialAction\":[{\"@type\":\"SearchAction\",\"target\":{\"@type\":\"EntryPoint\",\"urlTemplate\":\"https:\/\/www.uoh.cl\/dae\/?s={search_term_string}\"},\"query-input\":{\"@type\":\"PropertyValueSpecification\",\"valueRequired\":true,\"valueName\":\"search_term_string\"}}],\"inLanguage\":\"es-CL\"},{\"@type\":\"Person\",\"@id\":\"https:\/\/www.uoh.cl\/dae\/#\/schema\/person\/ea242e676c7d6d7e46fc8b9e39486c4f\",\"name\":\"Universidad de O'Higgins\",\"image\":{\"@type\":\"ImageObject\",\"inLanguage\":\"es-CL\",\"@id\":\"https:\/\/www.uoh.cl\/dae\/#\/schema\/person\/image\/\",\"url\":\"https:\/\/secure.gravatar.com\/avatar\/78fcb76ca05efae11fd355943c01a832a29786cc00d85b1a82c301bea2b2a214?s=96&d=mm&r=g\",\"contentUrl\":\"https:\/\/secure.gravatar.com\/avatar\/78fcb76ca05efae11fd355943c01a832a29786cc00d85b1a82c301bea2b2a214?s=96&d=mm&r=g\",\"caption\":\"Universidad de O'Higgins\"}}]}<\/script>\n<!-- \/ Yoast SEO plugin. -->","yoast_head_json":{"title":"Trazando caminos inclusivos: Martina Leiva se suma a la carrera de Psicolog\u00eda en la Universidad de O'Higgins - Direcci\u00f3n de Asuntos Estudiantiles","description":"La joven, oriunda de Santa Cruz y diagnosticada con atrofia muscular espinal, postul\u00f3 a la Universidad de O\u2019Higgins luego de realizar el proceso normal de acceso a la educaci\u00f3n superior. Y esta semana sell\u00f3 su matr\u00edcula presencialmente.","robots":{"index":"noindex","follow":"nofollow"},"og_locale":"es_ES","og_type":"article","og_title":"Trazando caminos inclusivos: Martina Leiva se suma a la carrera de Psicolog\u00eda en la Universidad de O'Higgins - Direcci\u00f3n de Asuntos Estudiantiles","og_description":"La joven, oriunda de Santa Cruz y diagnosticada con atrofia muscular espinal, postul\u00f3 a la Universidad de O\u2019Higgins luego de realizar el proceso normal de acceso a la educaci\u00f3n superior. Y esta semana sell\u00f3 su matr\u00edcula presencialmente.","og_url":"https:\/\/www.uoh.cl\/dae\/2024\/01\/19\/trazando-caminos-inclusivos-martina-leiva-se-suma-a-la-carrera-de-psicologia-en-la-universidad-de-ohiggins\/","og_site_name":"Direcci\u00f3n de Asuntos Estudiantiles","article_published_time":"2024-01-19T15:14:12+00:00","og_image":[{"width":1000,"height":1000,"url":"https:\/\/www.uoh.cl\/dae\/wp-content\/uploads\/sites\/44\/2024\/01\/Matricula-Martina-Leiva.png","type":"image\/png"}],"author":"Universidad de O'Higgins","twitter_card":"summary_large_image","twitter_misc":{"Escrito por":"Universidad de O'Higgins","Tiempo estimado de lectura":"4 minutos"},"schema":{"@context":"https:\/\/schema.org","@graph":[{"@type":"WebPage","@id":"https:\/\/www.uoh.cl\/dae\/2024\/01\/19\/trazando-caminos-inclusivos-martina-leiva-se-suma-a-la-carrera-de-psicologia-en-la-universidad-de-ohiggins\/","url":"https:\/\/www.uoh.cl\/dae\/2024\/01\/19\/trazando-caminos-inclusivos-martina-leiva-se-suma-a-la-carrera-de-psicologia-en-la-universidad-de-ohiggins\/","name":"Trazando caminos inclusivos: Martina Leiva se suma a la carrera de Psicolog\u00eda en la Universidad de O'Higgins - Direcci\u00f3n de Asuntos Estudiantiles","isPartOf":{"@id":"https:\/\/www.uoh.cl\/dae\/#website"},"primaryImageOfPage":{"@id":"https:\/\/www.uoh.cl\/dae\/2024\/01\/19\/trazando-caminos-inclusivos-martina-leiva-se-suma-a-la-carrera-de-psicologia-en-la-universidad-de-ohiggins\/#primaryimage"},"image":{"@id":"https:\/\/www.uoh.cl\/dae\/2024\/01\/19\/trazando-caminos-inclusivos-martina-leiva-se-suma-a-la-carrera-de-psicologia-en-la-universidad-de-ohiggins\/#primaryimage"},"thumbnailUrl":"https:\/\/www.uoh.cl\/dae\/wp-content\/uploads\/sites\/44\/2024\/01\/Matricula-Martina-Leiva.png","datePublished":"2024-01-19T15:14:12+00:00","author":{"@id":"https:\/\/www.uoh.cl\/dae\/#\/schema\/person\/ea242e676c7d6d7e46fc8b9e39486c4f"},"description":"La joven, oriunda de Santa Cruz y diagnosticada con atrofia muscular espinal, postul\u00f3 a la Universidad de O\u2019Higgins luego de realizar el proceso normal de acceso a la educaci\u00f3n superior. Y esta semana sell\u00f3 su matr\u00edcula presencialmente.","breadcrumb":{"@id":"https:\/\/www.uoh.cl\/dae\/2024\/01\/19\/trazando-caminos-inclusivos-martina-leiva-se-suma-a-la-carrera-de-psicologia-en-la-universidad-de-ohiggins\/#breadcrumb"},"inLanguage":"es-CL","potentialAction":[{"@type":"ReadAction","target":["https:\/\/www.uoh.cl\/dae\/2024\/01\/19\/trazando-caminos-inclusivos-martina-leiva-se-suma-a-la-carrera-de-psicologia-en-la-universidad-de-ohiggins\/"]}]},{"@type":"ImageObject","inLanguage":"es-CL","@id":"https:\/\/www.uoh.cl\/dae\/2024\/01\/19\/trazando-caminos-inclusivos-martina-leiva-se-suma-a-la-carrera-de-psicologia-en-la-universidad-de-ohiggins\/#primaryimage","url":"https:\/\/www.uoh.cl\/dae\/wp-content\/uploads\/sites\/44\/2024\/01\/Matricula-Martina-Leiva.png","contentUrl":"https:\/\/www.uoh.cl\/dae\/wp-content\/uploads\/sites\/44\/2024\/01\/Matricula-Martina-Leiva.png","width":1000,"height":1000},{"@type":"BreadcrumbList","@id":"https:\/\/www.uoh.cl\/dae\/2024\/01\/19\/trazando-caminos-inclusivos-martina-leiva-se-suma-a-la-carrera-de-psicologia-en-la-universidad-de-ohiggins\/#breadcrumb","itemListElement":[{"@type":"ListItem","position":1,"name":"Portada","item":"https:\/\/www.uoh.cl\/dae\/"},{"@type":"ListItem","position":2,"name":"Trazando caminos inclusivos: Martina Leiva se suma a la carrera de Psicolog\u00eda en la Universidad de O&#8217;Higgins"}]},{"@type":"WebSite","@id":"https:\/\/www.uoh.cl\/dae\/#website","url":"https:\/\/www.uoh.cl\/dae\/","name":"Direcci\u00f3n de Asuntos Estudiantiles","description":"Otro sitio de Sitios de Universidad O'higgins","potentialAction":[{"@type":"SearchAction","target":{"@type":"EntryPoint","urlTemplate":"https:\/\/www.uoh.cl\/dae\/?s={search_term_string}"},"query-input":{"@type":"PropertyValueSpecification","valueRequired":true,"valueName":"search_term_string"}}],"inLanguage":"es-CL"},{"@type":"Person","@id":"https:\/\/www.uoh.cl\/dae\/#\/schema\/person\/ea242e676c7d6d7e46fc8b9e39486c4f","name":"Universidad de O'Higgins","image":{"@type":"ImageObject","inLanguage":"es-CL","@id":"https:\/\/www.uoh.cl\/dae\/#\/schema\/person\/image\/","url":"https:\/\/secure.gravatar.com\/avatar\/78fcb76ca05efae11fd355943c01a832a29786cc00d85b1a82c301bea2b2a214?s=96&d=mm&r=g","contentUrl":"https:\/\/secure.gravatar.com\/avatar\/78fcb76ca05efae11fd355943c01a832a29786cc00d85b1a82c301bea2b2a214?s=96&d=mm&r=g","caption":"Universidad de O'Higgins"}}]}},"_links":{"self":[{"href":"https:\/\/www.uoh.cl\/dae\/wp-json\/wp\/v2\/posts\/263","targetHints":{"allow":["GET"]}}],"collection":[{"href":"https:\/\/www.uoh.cl\/dae\/wp-json\/wp\/v2\/posts"}],"about":[{"href":"https:\/\/www.uoh.cl\/dae\/wp-json\/wp\/v2\/types\/post"}],"author":[{"embeddable":true,"href":"https:\/\/www.uoh.cl\/dae\/wp-json\/wp\/v2\/users\/34"}],"replies":[{"embeddable":true,"href":"https:\/\/www.uoh.cl\/dae\/wp-json\/wp\/v2\/comments?post=263"}],"version-history":[{"count":0,"href":"https:\/\/www.uoh.cl\/dae\/wp-json\/wp\/v2\/posts\/263\/revisions"}],"wp:featuredmedia":[{"embeddable":true,"href":"https:\/\/www.uoh.cl\/dae\/wp-json\/wp\/v2\/media\/264"}],"wp:attachment":[{"href":"https:\/\/www.uoh.cl\/dae\/wp-json\/wp\/v2\/media?parent=263"}],"wp:term":[{"taxonomy":"category","embeddable":true,"href":"https:\/\/www.uoh.cl\/dae\/wp-json\/wp\/v2\/categories?post=263"},{"taxonomy":"post_tag","embeddable":true,"href":"https:\/\/www.uoh.cl\/dae\/wp-json\/wp\/v2\/tags?post=263"}],"curies":[{"name":"wp","href":"https:\/\/api.w.org\/{rel}","templated":true}]}}