
{"id":2028,"date":"2023-01-12T12:53:31","date_gmt":"2023-01-12T15:53:31","guid":{"rendered":"https:\/\/www.uoh.cl\/admision\/2023\/01\/12\/bienvenidos-as-pace-uoh-presento-su-lineamientos-2023-a-establecimientos-que-se-suman-este-ano\/"},"modified":"2023-01-12T15:53:37","modified_gmt":"2023-01-12T18:53:37","slug":"bienvenidos-as-pace-uoh-presento-su-lineamientos-2023-a-establecimientos-que-se-suman-este-ano","status":"publish","type":"post","link":"https:\/\/www.uoh.cl\/admision\/2023\/01\/12\/bienvenidos-as-pace-uoh-presento-su-lineamientos-2023-a-establecimientos-que-se-suman-este-ano\/","title":{"rendered":"\u00a1Bienvenidos\/as! PACE UOH present\u00f3 sus lineamientos 2023 a establecimientos que se suman este a\u00f1o"},"content":{"rendered":"<div class=\"wpb-content-wrapper\"><p>[vc_section el_class=&#8221;container mx-auto align-items-center text-right circle&#8211;pattern&#8221; css=&#8221;.vc_custom_1648956589196{padding-top: 3rem !important;}&#8221;][vc_row][vc_column]<div class=\"breadcrumb\"><ol itemscope itemtype=\"https:\/\/schema.org\/BreadcrumbList\"><li itemprop=\"itemListElement\" itemscope itemtype=\"https:\/\/schema.org\/ListItem\"><a itemprop=\"item\" href=\"http:\/\/www.uoh.cl\"><span itemprop=\"name\">Inicio<\/span><\/a><meta itemprop=\"position\" content=\"1\" \/><li itemprop=\"itemListElement\" itemscope itemtype=\"https:\/\/schema.org\/ListItem\"><a itemprop=\"item\" href=\"https:\/\/www.uoh.cl\/admision\"><span itemprop=\"name\">Admisi\u00f3n UOH<\/span><\/a><meta itemprop=\"position\" content=\"2\" \/><li itemprop=\"itemListElement\" itemscope itemtype=\"https:\/\/schema.org\/ListItem\"><span itemprop=\"name\">\u00a1Bienvenidos\/as! PACE UOH present\u00f3 sus lineamientos 2023 a establecimientos que <\/span><meta itemprop=\"position\" content=\"3\" \/><\/ol><\/div><ul class=\"p-0 list-style-none d-inline-block\"><li class=\"p-0\"><a href=https:\/\/www.uoh.cl\/admision\/category\/admision-uoh\/ class=\"px-1 py-2\">Admisi\u00f3n UOH<\/a><\/li><\/ul><div class=\"date_publish_post\"> \u25cf Jue 12 de Enero 2023<\/div><div class=\"uoh_title_component-container\"><h1 class=\"title title--ms d-inline-block title--decorator  big\">\u00a1Bienvenidos\/as! PACE UOH present\u00f3 sus lineamientos 2023 a establecimientos que se suman este a\u00f1o<\/h1><\/div>[vc_row_inner el_class=&#8221;border-separator m-0&#8243;][vc_column_inner width=&#8221;2\/3&#8243;]<div class=\"author_wp_class\"> Escrito por <span>Universidad de O'Higgins<\/span><\/div>[\/vc_column_inner][vc_column_inner el_class=&#8221;align-items-end-publish&#8221; width=&#8221;1\/3&#8243;]<div class=\"uoh_social_network_component uoh_row col-12 justify-content-end m-0 p-0\"> <div class=\"icon__facebook-share-button\">\n                       <a href=\"https:\/\/www.facebook.com\/sharer\/sharer.php?u=https:\/\/www.uoh.cl\/admision\/2023\/01\/12\/bienvenidos-as-pace-uoh-presento-su-lineamientos-2023-a-establecimientos-que-se-suman-este-ano\/\" target=\"_blank\"> <div class=\"icon__facebook-svg\"><svg version=\"1.1\" xmlns=\"http:\/\/www.w3.org\/2000\/svg\" xmlns:xlink=\"http:\/\/www.w3.org\/1999\/xlink\" x=\"0px\" y=\"0px\" width=\"22.4px\" height=\"48.3px\" viewBox=\"0 0 22.4 48.3\" style=\"overflow:visible;enable-background:new 0 0 22.4 48.3;\" xml:space=\"preserve\">\n                <defs>\n                <\/defs>\n                <path class=\"st0\" d=\"M22.4,15.6h-7.6v-5c0-1.9,1.2-2.3,2.1-2.3c0.9,0,5.4,0,5.4,0V0l-7.4,0C6.6,0,4.8,6.2,4.8,10.1v5.5H0v8.5h4.8\n                    c0,10.9,0,24.1,0,24.1h10c0,0,0-13.3,0-24.1h6.8L22.4,15.6z\"><\/path>\n                <\/svg><\/a><\/div>\n                    <\/div><div class=\"icon__twitter-share-button\">\n                        <div class=\"icon__twitter-svg\"><a target=\"_blank\" href=\"http:\/\/twitter.com\/share?url=https:\/\/www.uoh.cl\/admision\/2023\/01\/12\/bienvenidos-as-pace-uoh-presento-su-lineamientos-2023-a-establecimientos-que-se-suman-este-ano\/\"><svg xmlns=\"http:\/\/www.w3.org\/2000\/svg\" height=\"1em\" viewBox=\"0 0 512 512\"><!--! Font Awesome Free 6.4.2 by @fontawesome - https:\/\/fontawesome.com License - https:\/\/fontawesome.com\/license (Commercial License) Copyright 2023 Fonticons, Inc. --><path d=\"M389.2 48h70.6L305.6 224.2 487 464H345L233.7 318.6 106.5 464H35.8L200.7 275.5 26.8 48H172.4L272.9 180.9 389.2 48zM364.4 421.8h39.1L151.1 88h-42L364.4 421.8z\"\/><\/svg><\/a><\/div>\n                        <\/div><div class=\"icon__linkedin-share-button\">\n                        <div class=\"icon__linkedin-svg\">\n                        <a target=\"__blank\" href=\"https:\/\/www.linkedin.com\/sharing\/share-offsite\/?url=https:\/\/www.uoh.cl\/admision\/2023\/01\/12\/bienvenidos-as-pace-uoh-presento-su-lineamientos-2023-a-establecimientos-que-se-suman-este-ano\/\"><svg enable-background=\"new 0 0 100 100\" height=\"100px\" id=\"Layer_1\" version=\"1.1\" viewBox=\"0 0 100 100\" width=\"100px\" xml:space=\"preserve\" xmlns=\"http:\/\/www.w3.org\/2000\/svg\" xmlns:xlink=\"http:\/\/www.w3.org\/1999\/xlink\"><g><circle cx=\"50\" cy=\"50\" fill=\"#ccc\" r=\"45\"\/><g id=\"LinkedIn_1_\"><rect fill=\"#FFFFFF\" height=\"24.361\" width=\"7.69\" x=\"31.271\" y=\"43.569\"\/><path d=\"M59.968,43.334c-4.406,0-7.165,2.387-7.677,4.058v-3.823h-8.636c0.109,2.03,0,24.361,0,24.361h8.636    V54.748c0-0.733-0.034-1.465,0.19-1.991c0.594-1.464,1.869-2.985,4.162-2.985c2.998,0,4.361,2.253,4.361,5.552V67.93h8.721V54.384    C69.726,46.839,65.432,43.334,59.968,43.334z\" fill=\"#FFFFFF\"\/><path d=\"M34.973,32.069c-2.839,0-4.696,1.823-4.696,4.229c0,2.361,1.804,4.224,4.589,4.224h0.054    c2.891,0,4.69-1.869,4.69-4.229C39.555,33.888,37.81,32.069,34.973,32.069z\" fill=\"#FFFFFF\"\/><\/g><\/g><\/svg><\/a><\/div>\n\n            <\/div><\/div>[\/vc_column_inner][\/vc_row_inner][vc_single_image image=&#8221;16429&#8243; img_size=&#8221;full&#8221;][vc_column_text]\u00a0[\/vc_column_text][vc_column_text]<em>Liceo Industrial Pedro Aguirre Cerda, ubicado en Rancagua, se sum\u00f3 oficialmente al PACE de la UOH.<\/em><\/p>\n<p>&nbsp;<\/p>\n<p>[\/vc_column_text][vc_column_text]\u00a0[\/vc_column_text][vc_column_text]El Programa de Acceso a la Educaci\u00f3n Superior de la Universidad de O\u2019Higgins (PACE UOH) comenz\u00f3 el 2023, d\u00e1ndole la bienvenida a un nuevo establecimiento educacional a la lista de colegios adscritos. Se trata del Liceo Industrial Pedro Aguirre Cerda, que hasta el 2022 trabaj\u00f3 con la USACH, se incorpor\u00f3 al grupo de trabajo de la Estatal de O\u2019Higgins en una ceremonia realizada junto a autoridades regionales y de ambos centros educativos.<\/p>\n<p>Desde este a\u00f1o el colegio rancag\u00fcino recibir\u00e1 el apoyo de la <a href=\"https:\/\/www.uoh.cl\/\">UOH<\/a> para acercar a sus estudiantes a la educaci\u00f3n universitaria y a sus distintos proyectos de vida. La cercan\u00eda es uno de los aspectos m\u00e1s destacados y valorados sobre este traspaso.<\/p>\n<p>\u201cLa UOH recoge un trabajo muy bonito que hizo la USACH. Nos sentimos muy orgullosos\/as y muy contentos\/as de que sea nuestra universidad, la universidad de nuestra regi\u00f3n, quien asuma esta tarea de trabajar con nuestros\/as estudiantes sus proyectos a futuro, su trayectoria\u201d, se\u00f1al\u00f3 la Seremi de Educaci\u00f3n de la Regi\u00f3n de O\u2019Higgins, Carola Medina.<\/p>\n<p>\u201cCon profundo respeto y gran energ\u00eda recibimos en esta significativa ceremonia al Liceo Industrial Presidente Pedro Aguirre Cerda (LIPPAC). Desde hoy forman parte del PACE UOH. Tenemos un gran desaf\u00edo por delante: acompa\u00f1ar a los y las estudiantes en el fortalecimiento de sus habilidades y en su exploraci\u00f3n vocacional. Al presentarles nuestro modelo de trabajo a los representantes de la comunidad educativa y saber que est\u00e1n poniendo toda su confianza en nosotros, nos impulsa a seguir avanzando y creciendo como programa, siempre pensando en que todos los j\u00f3venes deben tener las mismas oportunidades\u201d, expres\u00f3 la coordinadora ejecutiva del PACE UOH Patricia Madariaga.<\/p>\n<p>Las palabras de alegr\u00eda por el acuerdo de trabajo sellado fueron compartidas por Cindy Rom\u00e1n, directora del Liceo Industrial Pedro Aguirre Cerda. \u201cLa proximidad que tenemos con la universidad, que sea la universidad de Rancagua, es importante porque les da un espacio a los\/as estudiantes para acceder la educaci\u00f3n superior de manera m\u00e1s directa, viendo las habilidades que tienen para hacer un acceso mucho m\u00e1s inclusivo\u201d, se\u00f1al\u00f3.<\/p>\n<p>Con respecto a las expectativas que tienen desde la instituci\u00f3n educativa por este acuerdo de colaboraci\u00f3n con la UOH, su directora confes\u00f3 que son altas porque \u201cla propuesta que tienen es muy interesante: se enfocan en el desarrollo de habilidades y tienen acompa\u00f1amiento continuo de una docente\u201d.<\/p>\n<p>Mar\u00eda Trinidad Olea ser\u00e1 la docente en terreno encargada de trabajar junto al Liceo Industrial Pedro Aguirre Cerda durante el 2023, entreg\u00e1ndoles herramientas a las y los estudiantes para que tengan un acceso inclusivo a la educaci\u00f3n superior.<\/p>\n<p><strong>Un mes cargado de visitas<\/strong><\/p>\n<p>La visita al Liceo Industrial Pedro Aguirre Cerda para oficializar su ingreso al PACE UOH no fue la \u00fanica que se desarroll\u00f3 durante estos d\u00edas. Durante la primera semana de enero, las autoridades ejecutivas del programa en la Estatal de O\u2019Higgins se trasladaron al Liceo Municipal de Codegua, Liceo Municipal Complejo Educacional Chimbarongo y Liceo Municipal Jos\u00e9 Victorino Lastarria para darles la bienvenida.<\/p>\n<p>Erwin Fuentes, director del Liceo Municipal de Codegua, destac\u00f3 la importancia de este traspaso para toda la comunidad ejecutiva. \u201cConsolidar con la Universidad de O\u2019Higgins el programa en nuestra unidad educativa permite una oportunidad muy buena a nuestros\/as estudiantes y favorece la transici\u00f3n hacia la educaci\u00f3n superior, considerando siempre los proyectos de vida que cada uno\/a de ellos\/as tienen\u201d, puntualiz\u00f3.<\/p>\n<p>Cabe destacar que, junto a estos liceos, otros cinco fueron traspasados al PACE UOH este a\u00f1o: Liceo Comercial Jorge Alessandri Rodr\u00edguez (Rancagua), Liceo Misael Lobos Monroy (Graneros), Liceo Alberto Hurtado y Liceo Elvira S\u00e1nchez de Garces (Mostazal).<\/p>\n<p>Por otra parte, el Liceo San Jos\u00e9 del Carmen (Palmilla) y el Liceo Jean Buchanan de Larra\u00edn (Peumo) se unen por primeva vez al Programa de Acceso a la Educaci\u00f3n Superior por indicaci\u00f3n del <a href=\"https:\/\/www.mineduc.cl\/\">Ministerio de Educaci\u00f3n<\/a> (Mineduc).<\/p>\n<p>[\/vc_column_text][\/vc_column][\/vc_row][vc_row][vc_column width=&#8221;1\/5&#8243;][\/vc_column][vc_column width=&#8221;1\/5&#8243;][\/vc_column][vc_column width=&#8221;1\/5&#8243;][\/vc_column][vc_column width=&#8221;1\/5&#8243;][\/vc_column][vc_column width=&#8221;1\/5&#8243;][\/vc_column][\/vc_row][\/vc_section][vc_section css=&#8221;.vc_custom_1650255686594{background-color: #f6faff !important;}&#8221; el_class=&#8221;p-md-0 pt-md-5&#8243;][vc_row el_class=&#8221;container mx-auto align-items-center text-right p-md-0 pt-5 pb-5&#8243;][vc_column el_class=&#8221;pb-5&#8243;][vc_row_inner el_class=&#8221;pb-5&#8243;][vc_column_inner]<div class=\"row m-0 p-0\"><div class=\"col-12 col-md-9 pt-5 pt-md-0\"><h2 class=\"title title--decorator title--ms d-inline-block\">Te Recomendamos<\/h2><\/div><\/div><div class=\"content-holder\"><div class=\"row  swipper-news-list not--activate-hack \"><div class=\"row -wrapper\"><div class=\"  col-sm-6 col-md-4 img-article\">\n                                        <div class=\"content-news-display row m-0 p-0\"><div class=\"holder p-0 \"><div class=\"img-wrap img-wrap-news\">\n                                        <div class=\"caption__news-category\">\n                                        <a href=\"https:\/\/www.uoh.cl\/admision\/category\/admision\/\">\n                                        Admisi\u00f3n<\/a><\/div><img decoding=\"async\" class=\"w-100 h-100 lazyload\" data-src=\"https:\/\/www.uoh.cl\/admision\/wp-content\/uploads\/sites\/2\/2026\/04\/DSC_2709-scaled.jpg\" alt=\"Admisi\u00f3n UOH y Unidad de Bibliotecas convocaron talentos en el D\u00eda del Libro\" style=\"--smush-placeholder-width: 2560px; --smush-placeholder-aspect-ratio: 2560\/1707;object-fit: cover; object-position: center;\" src=\"data:image\/svg+xml;base64,PHN2ZyB3aWR0aD0iMSIgaGVpZ2h0PSIxIiB4bWxucz0iaHR0cDovL3d3dy53My5vcmcvMjAwMC9zdmciPjwvc3ZnPg==\"><\/div><\/div><div class=\"caption py-3 caption__news py-md-3 pb-md-5\">\n                                    <span class=\"caption__date\">Lunes 27, Abril<\/span>\n                                     <a href=\"https:\/\/www.uoh.cl\/admision\/2026\/04\/27\/admision-uoh-y-unidad-de-bibliotecas-convocaron-talentos-en-el-dia-del-libro\/\">\n                                    <h3 class=\"small-space\">Admisi\u00f3n UOH y Unidad de Bibliotecas convocaron talentos en el D\u00eda del Libro<\/h3><\/a>\n\n                                    <p>Este primer concurso ten\u00eda como fin vincular a estudiantes de ense\u00f1anza media con la escritura y as\u00ed fomentar la creaci\u00f3n literaria.<\/p>\n                                    <a class=\"link link--bold mt-md-3\" href=\"https:\/\/www.uoh.cl\/admision\/2026\/04\/27\/admision-uoh-y-unidad-de-bibliotecas-convocaron-talentos-en-el-dia-del-libro\/\">Saber m\u00e1s <span class=\"icon icon--inline icon--link\"><svg version=\"1.1\" xmlns=\"http:\/\/www.w3.org\/2000\/svg\" xmlns:xlink=\"http:\/\/www.w3.org\/1999\/xlink\" x=\"0px\" y=\"0px\" width=\"22px\"height=\"22px\" viewBox=\"0 0 22 22\" style=\"overflow:visible;enable-background:new 0 0 80 64.6;\" xml:space=\"preserve\"><g clip-path=\"url(#acA)\"><path fill-rule=\"evenodd\" d=\"M21.913 11.266a.93.93 0 000-.711c-.022-.056-.063-.097-.091-.144s-.053-.103-.097-.15L12.306.294c-.357-.379-.955-.394-1.334-.038s-.394.955-.038 1.334l7.917 8.374H.927a.95.95 0 00-.908.983.946.946 0 00.908.908h17.924l-8.089 8.552c-.357.379-.341.977.034 1.334s.977.341 1.334-.034l9.594-10.148c.044-.044.063-.1.097-.15.028-.047.069-.088.091-.141z\"\/><\/g><defs><clipPath id=\"acA\"><path fill=\"#fff\" d=\"M0 0h22v22H0z\"\/><\/clipPath><\/defs><\/svg><\/span><\/a><\/div><\/div><\/div><div class=\"  col-sm-6 col-md-4 img-article\">\n                                        <div class=\"content-news-display row m-0 p-0\"><div class=\"holder p-0 \"><div class=\"img-wrap img-wrap-news\">\n                                        <div class=\"caption__news-category\">\n                                        <a href=\"https:\/\/www.uoh.cl\/admision\/category\/cuech\/\">\n                                        CUECH<\/a><\/div><img decoding=\"async\" class=\"w-100 h-100 lazyload\" data-src=\"https:\/\/www.uoh.cl\/admision\/wp-content\/uploads\/sites\/2\/2026\/04\/DSC_2431-scaled.jpg\" alt=\"Universidades estatales sellan hoja de ruta 2030: Red Desarrollo Sustentable entra en fase de consolidaci\u00f3n\" style=\"--smush-placeholder-width: 2560px; --smush-placeholder-aspect-ratio: 2560\/1707;object-fit: cover; object-position: center;\" src=\"data:image\/svg+xml;base64,PHN2ZyB3aWR0aD0iMSIgaGVpZ2h0PSIxIiB4bWxucz0iaHR0cDovL3d3dy53My5vcmcvMjAwMC9zdmciPjwvc3ZnPg==\"><\/div><\/div><div class=\"caption py-3 caption__news py-md-3 pb-md-5\">\n                                    <span class=\"caption__date\">Mi\u00e9rcoles 15, Abril<\/span>\n                                     <a href=\"https:\/\/www.uoh.cl\/admision\/2026\/04\/15\/universidades-estatales-sellan-hoja-de-ruta-2030-red-desarrollo-sustentable-entra-en-fase-de-consolidacion\/\">\n                                    <h3 class=\"small-space\">Universidades estatales sellan hoja de ruta 2030: Red Desarrollo Sustentable entra en fase de consolidaci\u00f3n<\/h3><\/a>\n\n                                    <p>En el Plenario realizado en la Universidad de O'Higgins, los 18 planteles p\u00fablicos definieron sus metas estrat\u00e9gicas para el periodo 2026-2030. El plan priorizar\u00e1 la institucionalizaci\u00f3n de capacidades, un diplomado para organismos p\u00fablicos y la medici\u00f3n de la huella h\u00eddrica en los campus.<\/p>\n                                    <a class=\"link link--bold mt-md-3\" href=\"https:\/\/www.uoh.cl\/admision\/2026\/04\/15\/universidades-estatales-sellan-hoja-de-ruta-2030-red-desarrollo-sustentable-entra-en-fase-de-consolidacion\/\">Saber m\u00e1s <span class=\"icon icon--inline icon--link\"><svg version=\"1.1\" xmlns=\"http:\/\/www.w3.org\/2000\/svg\" xmlns:xlink=\"http:\/\/www.w3.org\/1999\/xlink\" x=\"0px\" y=\"0px\" width=\"22px\"height=\"22px\" viewBox=\"0 0 22 22\" style=\"overflow:visible;enable-background:new 0 0 80 64.6;\" xml:space=\"preserve\"><g clip-path=\"url(#acA)\"><path fill-rule=\"evenodd\" d=\"M21.913 11.266a.93.93 0 000-.711c-.022-.056-.063-.097-.091-.144s-.053-.103-.097-.15L12.306.294c-.357-.379-.955-.394-1.334-.038s-.394.955-.038 1.334l7.917 8.374H.927a.95.95 0 00-.908.983.946.946 0 00.908.908h17.924l-8.089 8.552c-.357.379-.341.977.034 1.334s.977.341 1.334-.034l9.594-10.148c.044-.044.063-.1.097-.15.028-.047.069-.088.091-.141z\"\/><\/g><defs><clipPath id=\"acA\"><path fill=\"#fff\" d=\"M0 0h22v22H0z\"\/><\/clipPath><\/defs><\/svg><\/span><\/a><\/div><\/div><\/div><div class=\"  col-sm-6 col-md-4 img-article\">\n                                        <div class=\"content-news-display row m-0 p-0\"><div class=\"holder p-0 \"><div class=\"img-wrap img-wrap-news\">\n                                        <div class=\"caption__news-category\">\n                                        <a href=\"https:\/\/www.uoh.cl\/admision\/category\/educacion\/\">\n                                        Educaci\u00f3n<\/a><\/div><img decoding=\"async\" class=\"w-100 h-100 lazyload\" data-src=\"https:\/\/www.uoh.cl\/admision\/wp-content\/uploads\/sites\/2\/2026\/04\/4S2A8051-scaled.jpg\" alt=\"UOH lanz\u00f3 nueva versi\u00f3n del Programa Vocaci\u00f3n Pedag\u00f3gica 2026\" style=\"--smush-placeholder-width: 2560px; --smush-placeholder-aspect-ratio: 2560\/1707;object-fit: cover; object-position: center;\" src=\"data:image\/svg+xml;base64,PHN2ZyB3aWR0aD0iMSIgaGVpZ2h0PSIxIiB4bWxucz0iaHR0cDovL3d3dy53My5vcmcvMjAwMC9zdmciPjwvc3ZnPg==\"><\/div><\/div><div class=\"caption py-3 caption__news py-md-3 pb-md-5\">\n                                    <span class=\"caption__date\">Martes 14, Abril<\/span>\n                                     <a href=\"https:\/\/www.uoh.cl\/admision\/2026\/04\/14\/uoh-lanzo-nueva-version-del-programa-vocacion-pedagogica-2026\/\">\n                                    <h3 class=\"small-space\">UOH lanz\u00f3 nueva versi\u00f3n del Programa Vocaci\u00f3n Pedag\u00f3gica 2026<\/h3><\/a>\n\n                                    <p>La iniciativa est\u00e1 dirigida a estudiantes de cuarto medio interesados en explorar la pedagog\u00eda como proyecto de vida. <\/p>\n                                    <a class=\"link link--bold mt-md-3\" href=\"https:\/\/www.uoh.cl\/admision\/2026\/04\/14\/uoh-lanzo-nueva-version-del-programa-vocacion-pedagogica-2026\/\">Saber m\u00e1s <span class=\"icon icon--inline icon--link\"><svg version=\"1.1\" xmlns=\"http:\/\/www.w3.org\/2000\/svg\" xmlns:xlink=\"http:\/\/www.w3.org\/1999\/xlink\" x=\"0px\" y=\"0px\" width=\"22px\"height=\"22px\" viewBox=\"0 0 22 22\" style=\"overflow:visible;enable-background:new 0 0 80 64.6;\" xml:space=\"preserve\"><g clip-path=\"url(#acA)\"><path fill-rule=\"evenodd\" d=\"M21.913 11.266a.93.93 0 000-.711c-.022-.056-.063-.097-.091-.144s-.053-.103-.097-.15L12.306.294c-.357-.379-.955-.394-1.334-.038s-.394.955-.038 1.334l7.917 8.374H.927a.95.95 0 00-.908.983.946.946 0 00.908.908h17.924l-8.089 8.552c-.357.379-.341.977.034 1.334s.977.341 1.334-.034l9.594-10.148c.044-.044.063-.1.097-.15.028-.047.069-.088.091-.141z\"\/><\/g><defs><clipPath id=\"acA\"><path fill=\"#fff\" d=\"M0 0h22v22H0z\"\/><\/clipPath><\/defs><\/svg><\/span><\/a><\/div><\/div><\/div><\/div><\/div><\/div><div class=\"pagination justify-content-center my-5\"><span aria-current=\"page\" class=\"page-numbers current\">1<\/span>\n<a class=\"page-numbers\" href=\"https:\/\/www.uoh.cl\/admision\/wp-json\/wp\/v2\/posts\/2028\/\/page\/2\">2<\/a>\n<a class=\"page-numbers\" href=\"https:\/\/www.uoh.cl\/admision\/wp-json\/wp\/v2\/posts\/2028\/\/page\/3\">3<\/a>\n<span class=\"page-numbers dots\">&hellip;<\/span>\n<a class=\"page-numbers\" href=\"https:\/\/www.uoh.cl\/admision\/wp-json\/wp\/v2\/posts\/2028\/\/page\/135\">135<\/a>\n<a class=\"next page-numbers\" href=\"https:\/\/www.uoh.cl\/admision\/wp-json\/wp\/v2\/posts\/2028\/\/page\/2\"><div class=\"icon-pagination-next\"> <?xml version=\"1.0\" ?><svg viewBox=\"0 0 96 96\" xmlns=\"http:\/\/www.w3.org\/2000\/svg\"><title\/><path d=\"M39.3756,48.0022l30.47-25.39a6.0035,6.0035,0,0,0-7.6878-9.223L26.1563,43.3906a6.0092,6.0092,0,0,0,0,9.2231L62.1578,82.615a6.0035,6.0035,0,0,0,7.6878-9.2231Z\"\/><\/svg> <\/div><\/a><\/div>[\/vc_column_inner][\/vc_row_inner][\/vc_column][\/vc_row][\/vc_section]<\/p>\n<\/div>","protected":false},"excerpt":{"rendered":"<p>Liceo Industrial Pedro Aguirre Cerda, ubicado en Rancagua, se sum\u00f3 oficialmente al PACE de la UOH<\/p>\n","protected":false},"author":34,"featured_media":2040,"comment_status":"open","ping_status":"open","sticky":false,"template":"","format":"standard","meta":{"_acf_changed":false,"footnotes":""},"categories":[39],"tags":[],"class_list":["post-2028","post","type-post","status-publish","format-standard","has-post-thumbnail","hentry","category-admision-uoh"],"acf":[],"yoast_head":"<!-- This site is optimized with the Yoast SEO plugin v26.6 - https:\/\/yoast.com\/wordpress\/plugins\/seo\/ -->\n<title>\u00a1Bienvenidos\/as! PACE UOH present\u00f3 sus lineamientos 2023 a establecimientos que se suman este a\u00f1o - Admisi\u00f3n UOH<\/title>\n<meta name=\"description\" content=\"Liceo Industrial Pedro Aguirre Cerda, ubicado en Rancagua, se sum\u00f3 oficialmente al PACE de la UOH.\" \/>\n<meta name=\"robots\" content=\"noindex, nofollow\" \/>\n<meta property=\"og:locale\" content=\"es_ES\" \/>\n<meta property=\"og:type\" content=\"article\" \/>\n<meta property=\"og:title\" content=\"\u00a1Bienvenidos\/as! PACE UOH present\u00f3 sus lineamientos 2023 a establecimientos que se suman este a\u00f1o - Admisi\u00f3n UOH\" \/>\n<meta property=\"og:description\" content=\"Liceo Industrial Pedro Aguirre Cerda, ubicado en Rancagua, se sum\u00f3 oficialmente al PACE de la UOH.\" \/>\n<meta property=\"og:url\" content=\"https:\/\/www.uoh.cl\/admision\/2023\/01\/12\/bienvenidos-as-pace-uoh-presento-su-lineamientos-2023-a-establecimientos-que-se-suman-este-ano\/\" \/>\n<meta property=\"og:site_name\" content=\"Admisi\u00f3n UOH\" \/>\n<meta property=\"article:published_time\" content=\"2023-01-12T15:53:31+00:00\" \/>\n<meta property=\"article:modified_time\" content=\"2023-01-12T18:53:37+00:00\" \/>\n<meta property=\"og:image\" content=\"https:\/\/www.uoh.cl\/admision\/wp-content\/uploads\/sites\/2\/2023\/01\/PACE-UOH-5.jpg\" \/>\n\t<meta property=\"og:image:width\" content=\"1000\" \/>\n\t<meta property=\"og:image:height\" content=\"1000\" \/>\n\t<meta property=\"og:image:type\" content=\"image\/jpeg\" \/>\n<meta name=\"author\" content=\"Universidad de O&#039;Higgins\" \/>\n<meta name=\"twitter:card\" content=\"summary_large_image\" \/>\n<meta name=\"twitter:label1\" content=\"Escrito por\" \/>\n\t<meta name=\"twitter:data1\" content=\"Universidad de O&#039;Higgins\" \/>\n\t<meta name=\"twitter:label2\" content=\"Tiempo estimado de lectura\" \/>\n\t<meta name=\"twitter:data2\" content=\"4 minutos\" \/>\n<script type=\"application\/ld+json\" class=\"yoast-schema-graph\">{\"@context\":\"https:\/\/schema.org\",\"@graph\":[{\"@type\":\"WebPage\",\"@id\":\"https:\/\/www.uoh.cl\/admision\/2023\/01\/12\/bienvenidos-as-pace-uoh-presento-su-lineamientos-2023-a-establecimientos-que-se-suman-este-ano\/\",\"url\":\"https:\/\/www.uoh.cl\/admision\/2023\/01\/12\/bienvenidos-as-pace-uoh-presento-su-lineamientos-2023-a-establecimientos-que-se-suman-este-ano\/\",\"name\":\"\u00a1Bienvenidos\/as! PACE UOH present\u00f3 sus lineamientos 2023 a establecimientos que se suman este a\u00f1o - Admisi\u00f3n UOH\",\"isPartOf\":{\"@id\":\"https:\/\/www.uoh.cl\/admision\/#website\"},\"primaryImageOfPage\":{\"@id\":\"https:\/\/www.uoh.cl\/admision\/2023\/01\/12\/bienvenidos-as-pace-uoh-presento-su-lineamientos-2023-a-establecimientos-que-se-suman-este-ano\/#primaryimage\"},\"image\":{\"@id\":\"https:\/\/www.uoh.cl\/admision\/2023\/01\/12\/bienvenidos-as-pace-uoh-presento-su-lineamientos-2023-a-establecimientos-que-se-suman-este-ano\/#primaryimage\"},\"thumbnailUrl\":\"https:\/\/www.uoh.cl\/admision\/wp-content\/uploads\/sites\/2\/2023\/01\/PACE-UOH-5.jpg\",\"datePublished\":\"2023-01-12T15:53:31+00:00\",\"dateModified\":\"2023-01-12T18:53:37+00:00\",\"author\":{\"@id\":\"https:\/\/www.uoh.cl\/admision\/#\/schema\/person\/ea242e676c7d6d7e46fc8b9e39486c4f\"},\"description\":\"Liceo Industrial Pedro Aguirre Cerda, ubicado en Rancagua, se sum\u00f3 oficialmente al PACE de la UOH.\",\"inLanguage\":\"es-CL\",\"potentialAction\":[{\"@type\":\"ReadAction\",\"target\":[\"https:\/\/www.uoh.cl\/admision\/2023\/01\/12\/bienvenidos-as-pace-uoh-presento-su-lineamientos-2023-a-establecimientos-que-se-suman-este-ano\/\"]}]},{\"@type\":\"ImageObject\",\"inLanguage\":\"es-CL\",\"@id\":\"https:\/\/www.uoh.cl\/admision\/2023\/01\/12\/bienvenidos-as-pace-uoh-presento-su-lineamientos-2023-a-establecimientos-que-se-suman-este-ano\/#primaryimage\",\"url\":\"https:\/\/www.uoh.cl\/admision\/wp-content\/uploads\/sites\/2\/2023\/01\/PACE-UOH-5.jpg\",\"contentUrl\":\"https:\/\/www.uoh.cl\/admision\/wp-content\/uploads\/sites\/2\/2023\/01\/PACE-UOH-5.jpg\",\"width\":1000,\"height\":1000},{\"@type\":\"WebSite\",\"@id\":\"https:\/\/www.uoh.cl\/admision\/#website\",\"url\":\"https:\/\/www.uoh.cl\/admision\/\",\"name\":\"Admisi\u00f3n UOH\",\"description\":\"Otro sitio de Sitios de Universidad O&#039;higgins\",\"potentialAction\":[{\"@type\":\"SearchAction\",\"target\":{\"@type\":\"EntryPoint\",\"urlTemplate\":\"https:\/\/www.uoh.cl\/admision\/?s={search_term_string}\"},\"query-input\":{\"@type\":\"PropertyValueSpecification\",\"valueRequired\":true,\"valueName\":\"search_term_string\"}}],\"inLanguage\":\"es-CL\"},{\"@type\":\"Person\",\"@id\":\"https:\/\/www.uoh.cl\/admision\/#\/schema\/person\/ea242e676c7d6d7e46fc8b9e39486c4f\",\"name\":\"Universidad de O'Higgins\",\"image\":{\"@type\":\"ImageObject\",\"inLanguage\":\"es-CL\",\"@id\":\"https:\/\/www.uoh.cl\/admision\/#\/schema\/person\/image\/\",\"url\":\"https:\/\/secure.gravatar.com\/avatar\/78fcb76ca05efae11fd355943c01a832a29786cc00d85b1a82c301bea2b2a214?s=96&d=mm&r=g\",\"contentUrl\":\"https:\/\/secure.gravatar.com\/avatar\/78fcb76ca05efae11fd355943c01a832a29786cc00d85b1a82c301bea2b2a214?s=96&d=mm&r=g\",\"caption\":\"Universidad de O'Higgins\"}}]}<\/script>\n<!-- \/ Yoast SEO plugin. -->","yoast_head_json":{"title":"\u00a1Bienvenidos\/as! PACE UOH present\u00f3 sus lineamientos 2023 a establecimientos que se suman este a\u00f1o - Admisi\u00f3n UOH","description":"Liceo Industrial Pedro Aguirre Cerda, ubicado en Rancagua, se sum\u00f3 oficialmente al PACE de la UOH.","robots":{"index":"noindex","follow":"nofollow"},"og_locale":"es_ES","og_type":"article","og_title":"\u00a1Bienvenidos\/as! PACE UOH present\u00f3 sus lineamientos 2023 a establecimientos que se suman este a\u00f1o - Admisi\u00f3n UOH","og_description":"Liceo Industrial Pedro Aguirre Cerda, ubicado en Rancagua, se sum\u00f3 oficialmente al PACE de la UOH.","og_url":"https:\/\/www.uoh.cl\/admision\/2023\/01\/12\/bienvenidos-as-pace-uoh-presento-su-lineamientos-2023-a-establecimientos-que-se-suman-este-ano\/","og_site_name":"Admisi\u00f3n UOH","article_published_time":"2023-01-12T15:53:31+00:00","article_modified_time":"2023-01-12T18:53:37+00:00","og_image":[{"width":1000,"height":1000,"url":"https:\/\/www.uoh.cl\/admision\/wp-content\/uploads\/sites\/2\/2023\/01\/PACE-UOH-5.jpg","type":"image\/jpeg"}],"author":"Universidad de O'Higgins","twitter_card":"summary_large_image","twitter_misc":{"Escrito por":"Universidad de O'Higgins","Tiempo estimado de lectura":"4 minutos"},"schema":{"@context":"https:\/\/schema.org","@graph":[{"@type":"WebPage","@id":"https:\/\/www.uoh.cl\/admision\/2023\/01\/12\/bienvenidos-as-pace-uoh-presento-su-lineamientos-2023-a-establecimientos-que-se-suman-este-ano\/","url":"https:\/\/www.uoh.cl\/admision\/2023\/01\/12\/bienvenidos-as-pace-uoh-presento-su-lineamientos-2023-a-establecimientos-que-se-suman-este-ano\/","name":"\u00a1Bienvenidos\/as! PACE UOH present\u00f3 sus lineamientos 2023 a establecimientos que se suman este a\u00f1o - Admisi\u00f3n UOH","isPartOf":{"@id":"https:\/\/www.uoh.cl\/admision\/#website"},"primaryImageOfPage":{"@id":"https:\/\/www.uoh.cl\/admision\/2023\/01\/12\/bienvenidos-as-pace-uoh-presento-su-lineamientos-2023-a-establecimientos-que-se-suman-este-ano\/#primaryimage"},"image":{"@id":"https:\/\/www.uoh.cl\/admision\/2023\/01\/12\/bienvenidos-as-pace-uoh-presento-su-lineamientos-2023-a-establecimientos-que-se-suman-este-ano\/#primaryimage"},"thumbnailUrl":"https:\/\/www.uoh.cl\/admision\/wp-content\/uploads\/sites\/2\/2023\/01\/PACE-UOH-5.jpg","datePublished":"2023-01-12T15:53:31+00:00","dateModified":"2023-01-12T18:53:37+00:00","author":{"@id":"https:\/\/www.uoh.cl\/admision\/#\/schema\/person\/ea242e676c7d6d7e46fc8b9e39486c4f"},"description":"Liceo Industrial Pedro Aguirre Cerda, ubicado en Rancagua, se sum\u00f3 oficialmente al PACE de la UOH.","inLanguage":"es-CL","potentialAction":[{"@type":"ReadAction","target":["https:\/\/www.uoh.cl\/admision\/2023\/01\/12\/bienvenidos-as-pace-uoh-presento-su-lineamientos-2023-a-establecimientos-que-se-suman-este-ano\/"]}]},{"@type":"ImageObject","inLanguage":"es-CL","@id":"https:\/\/www.uoh.cl\/admision\/2023\/01\/12\/bienvenidos-as-pace-uoh-presento-su-lineamientos-2023-a-establecimientos-que-se-suman-este-ano\/#primaryimage","url":"https:\/\/www.uoh.cl\/admision\/wp-content\/uploads\/sites\/2\/2023\/01\/PACE-UOH-5.jpg","contentUrl":"https:\/\/www.uoh.cl\/admision\/wp-content\/uploads\/sites\/2\/2023\/01\/PACE-UOH-5.jpg","width":1000,"height":1000},{"@type":"WebSite","@id":"https:\/\/www.uoh.cl\/admision\/#website","url":"https:\/\/www.uoh.cl\/admision\/","name":"Admisi\u00f3n UOH","description":"Otro sitio de Sitios de Universidad O&#039;higgins","potentialAction":[{"@type":"SearchAction","target":{"@type":"EntryPoint","urlTemplate":"https:\/\/www.uoh.cl\/admision\/?s={search_term_string}"},"query-input":{"@type":"PropertyValueSpecification","valueRequired":true,"valueName":"search_term_string"}}],"inLanguage":"es-CL"},{"@type":"Person","@id":"https:\/\/www.uoh.cl\/admision\/#\/schema\/person\/ea242e676c7d6d7e46fc8b9e39486c4f","name":"Universidad de O'Higgins","image":{"@type":"ImageObject","inLanguage":"es-CL","@id":"https:\/\/www.uoh.cl\/admision\/#\/schema\/person\/image\/","url":"https:\/\/secure.gravatar.com\/avatar\/78fcb76ca05efae11fd355943c01a832a29786cc00d85b1a82c301bea2b2a214?s=96&d=mm&r=g","contentUrl":"https:\/\/secure.gravatar.com\/avatar\/78fcb76ca05efae11fd355943c01a832a29786cc00d85b1a82c301bea2b2a214?s=96&d=mm&r=g","caption":"Universidad de O'Higgins"}}]}},"_links":{"self":[{"href":"https:\/\/www.uoh.cl\/admision\/wp-json\/wp\/v2\/posts\/2028","targetHints":{"allow":["GET"]}}],"collection":[{"href":"https:\/\/www.uoh.cl\/admision\/wp-json\/wp\/v2\/posts"}],"about":[{"href":"https:\/\/www.uoh.cl\/admision\/wp-json\/wp\/v2\/types\/post"}],"author":[{"embeddable":true,"href":"https:\/\/www.uoh.cl\/admision\/wp-json\/wp\/v2\/users\/34"}],"replies":[{"embeddable":true,"href":"https:\/\/www.uoh.cl\/admision\/wp-json\/wp\/v2\/comments?post=2028"}],"version-history":[{"count":1,"href":"https:\/\/www.uoh.cl\/admision\/wp-json\/wp\/v2\/posts\/2028\/revisions"}],"predecessor-version":[{"id":2039,"href":"https:\/\/www.uoh.cl\/admision\/wp-json\/wp\/v2\/posts\/2028\/revisions\/2039"}],"wp:featuredmedia":[{"embeddable":true,"href":"https:\/\/www.uoh.cl\/admision\/wp-json\/wp\/v2\/media\/2040"}],"wp:attachment":[{"href":"https:\/\/www.uoh.cl\/admision\/wp-json\/wp\/v2\/media?parent=2028"}],"wp:term":[{"taxonomy":"category","embeddable":true,"href":"https:\/\/www.uoh.cl\/admision\/wp-json\/wp\/v2\/categories?post=2028"},{"taxonomy":"post_tag","embeddable":true,"href":"https:\/\/www.uoh.cl\/admision\/wp-json\/wp\/v2\/tags?post=2028"}],"curies":[{"name":"wp","href":"https:\/\/api.w.org\/{rel}","templated":true}]}}