
{"id":639,"date":"2026-04-28T14:15:00","date_gmt":"2026-04-28T17:15:00","guid":{"rendered":"https:\/\/www.uoh.cl\/acompanamiento-estudiantil\/doble-bienvenida-formacionacademica-uoh-reunio-a-cientos-as-de-estudiantes-de-cuarto-medio-que-viviran-experiencia-universitaria\/"},"modified":"2026-04-28T14:15:00","modified_gmt":"2026-04-28T17:15:00","slug":"doble-bienvenida-formacionacademica-uoh-reunio-a-cientos-as-de-estudiantes-de-cuarto-medio-que-viviran-experiencia-universitaria","status":"publish","type":"post","link":"https:\/\/www.uoh.cl\/acompanamiento-estudiantil\/doble-bienvenida-formacionacademica-uoh-reunio-a-cientos-as-de-estudiantes-de-cuarto-medio-que-viviran-experiencia-universitaria\/","title":{"rendered":"Doble bienvenida: Formaci\u00f3n Acad\u00e9mica UOH reuni\u00f3 a cientas\/os de estudiantes de cuarto medio que vivir\u00e1n experiencia universitaria"},"content":{"rendered":"<div class=\"wpb-content-wrapper\"><p>[vc_section el_class=&#8221;container mx-auto align-items-center circle&#8211;pattern&#8221; css=&#8221;.vc_custom_1648956589196{padding-top: 3rem !important;}&#8221;][vc_row][vc_column]<div class=\"breadcrumb\"><ol itemscope itemtype=\"https:\/\/schema.org\/BreadcrumbList\"><li itemprop=\"itemListElement\" itemscope itemtype=\"https:\/\/schema.org\/ListItem\"><a itemprop=\"item\" href=\"http:\/\/www.uoh.cl\"><span itemprop=\"name\">Inicio<\/span><\/a><meta itemprop=\"position\" content=\"1\" \/><li itemprop=\"itemListElement\" itemscope itemtype=\"https:\/\/schema.org\/ListItem\"><a itemprop=\"item\" href=\"https:\/\/www.uoh.cl\/acompanamiento-estudiantil\"><span itemprop=\"name\">Unidad de Acompa\u00f1amiento Estudiantil<\/span><\/a><meta itemprop=\"position\" content=\"2\" \/><li itemprop=\"itemListElement\" itemscope itemtype=\"https:\/\/schema.org\/ListItem\"><a itemprop=\"item\" href=\"https:\/\/www.uoh.cl\/acompanamiento-estudiantil\/noticias\/\"><span itemprop=\"name\">Noticias<\/span><\/a><meta itemprop=\"position\" content=\"3\" \/><li itemprop=\"itemListElement\" itemscope itemtype=\"https:\/\/schema.org\/ListItem\"><span itemprop=\"name\">Doble bienvenida: Formaci\u00f3n Acad\u00e9mica UOH reuni\u00f3 a cientas\/os de estudiantes <\/span><meta itemprop=\"position\" content=\"4\" \/><\/ol><\/div><ul class=\"p-0 list-style-none d-inline-block\"><li class=\"p-0\"><a href=https:\/\/www.uoh.cl\/acompanamiento-estudiantil\/category\/pace\/ class=\"px-1 py-2\">PACE<\/a><\/li><\/ul><div class=\"date_publish_post\"> \u25cf Mar 28 de Abril 2026<\/div><div class=\"uoh_title_component-container\"><h1 class=\"title title--ms d-inline-block title--decorator  big\">Doble bienvenida: Formaci\u00f3n Acad\u00e9mica UOH reuni\u00f3 a cientas\/os de estudiantes de cuarto medio que vivir\u00e1n experiencia universitaria<\/h1><\/div>[vc_row_inner el_class=&#8221;border-separator m-0&#8243;][vc_column_inner width=&#8221;2\/3&#8243;]<div class=\"author_wp_class\"> Escrito por <span>Universidad de O'Higgins<\/span><\/div>[\/vc_column_inner][vc_column_inner el_class=&#8221;align-items-end-publish&#8221; width=&#8221;1\/3&#8243;]<div class=\"uoh_social_network_component uoh_row col-12 justify-content-end m-0 p-0\"> <div class=\"icon__facebook-share-button\">\n                       <a href=\"https:\/\/www.facebook.com\/sharer\/sharer.php?u=https:\/\/www.uoh.cl\/acompanamiento-estudiantil\/doble-bienvenida-formacionacademica-uoh-reunio-a-cientos-as-de-estudiantes-de-cuarto-medio-que-viviran-experiencia-universitaria\/\" target=\"_blank\"> <div class=\"icon__facebook-svg\"><svg version=\"1.1\" xmlns=\"http:\/\/www.w3.org\/2000\/svg\" xmlns:xlink=\"http:\/\/www.w3.org\/1999\/xlink\" x=\"0px\" y=\"0px\" width=\"22.4px\" height=\"48.3px\" viewBox=\"0 0 22.4 48.3\" style=\"overflow:visible;enable-background:new 0 0 22.4 48.3;\" xml:space=\"preserve\">\n                <defs>\n                <\/defs>\n                <path class=\"st0\" d=\"M22.4,15.6h-7.6v-5c0-1.9,1.2-2.3,2.1-2.3c0.9,0,5.4,0,5.4,0V0l-7.4,0C6.6,0,4.8,6.2,4.8,10.1v5.5H0v8.5h4.8\n                    c0,10.9,0,24.1,0,24.1h10c0,0,0-13.3,0-24.1h6.8L22.4,15.6z\"><\/path>\n                <\/svg><\/a><\/div>\n                    <\/div><div class=\"icon__twitter-share-button\">\n                        <div class=\"icon__twitter-svg\"><a target=\"_blank\" href=\"http:\/\/twitter.com\/share?url=https:\/\/www.uoh.cl\/acompanamiento-estudiantil\/doble-bienvenida-formacionacademica-uoh-reunio-a-cientos-as-de-estudiantes-de-cuarto-medio-que-viviran-experiencia-universitaria\/\"><svg xmlns=\"http:\/\/www.w3.org\/2000\/svg\" height=\"1em\" viewBox=\"0 0 512 512\"><!--! Font Awesome Free 6.4.2 by @fontawesome - https:\/\/fontawesome.com License - https:\/\/fontawesome.com\/license (Commercial License) Copyright 2023 Fonticons, Inc. --><path d=\"M389.2 48h70.6L305.6 224.2 487 464H345L233.7 318.6 106.5 464H35.8L200.7 275.5 26.8 48H172.4L272.9 180.9 389.2 48zM364.4 421.8h39.1L151.1 88h-42L364.4 421.8z\"\/><\/svg><\/a><\/div>\n                        <\/div><div class=\"icon__linkedin-share-button\">\n                        <div class=\"icon__linkedin-svg\">\n                        <a target=\"__blank\" href=\"https:\/\/www.linkedin.com\/sharing\/share-offsite\/?url=https:\/\/www.uoh.cl\/acompanamiento-estudiantil\/doble-bienvenida-formacionacademica-uoh-reunio-a-cientos-as-de-estudiantes-de-cuarto-medio-que-viviran-experiencia-universitaria\/\"><svg enable-background=\"new 0 0 100 100\" height=\"100px\" id=\"Layer_1\" version=\"1.1\" viewBox=\"0 0 100 100\" width=\"100px\" xml:space=\"preserve\" xmlns=\"http:\/\/www.w3.org\/2000\/svg\" xmlns:xlink=\"http:\/\/www.w3.org\/1999\/xlink\"><g><circle cx=\"50\" cy=\"50\" fill=\"#ccc\" r=\"45\"\/><g id=\"LinkedIn_1_\"><rect fill=\"#FFFFFF\" height=\"24.361\" width=\"7.69\" x=\"31.271\" y=\"43.569\"\/><path d=\"M59.968,43.334c-4.406,0-7.165,2.387-7.677,4.058v-3.823h-8.636c0.109,2.03,0,24.361,0,24.361h8.636    V54.748c0-0.733-0.034-1.465,0.19-1.991c0.594-1.464,1.869-2.985,4.162-2.985c2.998,0,4.361,2.253,4.361,5.552V67.93h8.721V54.384    C69.726,46.839,65.432,43.334,59.968,43.334z\" fill=\"#FFFFFF\"\/><path d=\"M34.973,32.069c-2.839,0-4.696,1.823-4.696,4.229c0,2.361,1.804,4.224,4.589,4.224h0.054    c2.891,0,4.69-1.869,4.69-4.229C39.555,33.888,37.81,32.069,34.973,32.069z\" fill=\"#FFFFFF\"\/><\/g><\/g><\/svg><\/a><\/div>\n\n            <\/div><\/div>[\/vc_column_inner][\/vc_row_inner][vc_single_image image=&#8221;75801&#8243; img_size=&#8221;1500&#215;1000&#8243; add_caption=&#8221;yes&#8221; alignment=&#8221;center&#8221; onclick=&#8221;img_link_large&#8221; css=&#8221;&#8221;][vc_column_text]\u00a0[\/vc_column_text][vc_column_text css=&#8221;&#8221;]<\/p>\n<ul>\n<li><em>El Programa de Acceso a la Educaci\u00f3n Superior de la Universidad de O\u2019Higgins (PACE UOH) realizar\u00e1, por segundo a\u00f1o consecutivo, un espacio que fortalecer\u00e1 competencias acad\u00e9micas y personales para j\u00f3venes que est\u00e1n finalizando su ense\u00f1anza media.<\/em><\/li>\n<\/ul>\n<p>[\/vc_column_text][vc_column_text]\u00a0[\/vc_column_text][vc_column_text css=&#8221;&#8221;]\u00bfTener clases en una universidad antes de entrar en ella? S\u00ed, es posible. 750 estudiantes de cuarto medio de los liceos adscritos al Programa de Acceso a la Educaci\u00f3n Superior de la <a href=\"http:\/\/www.uoh.cl\/\">Universidad de O\u2019Higgins<\/a> (PACE UOH), participar\u00e1n a partir del pr\u00f3ximo mes de Formaci\u00f3n Acad\u00e9mica UOH. Esta iniciativa tiene como fin fortalecer sus competencias acad\u00e9micas y personales con m\u00f3dulos obligatorios de Comunicaci\u00f3n Oral y Escrita, Matem\u00e1tica, Herramientas para la vida universitaria y Ciencias o Humanidades, impartidas en el Campus Rancagua, Campus Colchagua y de manera virtual.<\/p>\n<p>\u201cEstamos muy contentos haciendo por segundo a\u00f1o la inauguraci\u00f3n de Formaci\u00f3n Acad\u00e9mica UOH y, por primera vez, nos pasa que tuvimos que hacer dos ceremonias por la cantidad de estudiantes que llegaron. As\u00ed se evidencia el inter\u00e9s que esta iniciativa est\u00e1 teniendo en los y las estudiantes, de vivir una experiencia universitaria real, de tener un apronte de lo que va a ser su primer a\u00f1o de universidad. El llamado es que aprovechen esta iniciativa, que conozcan a sus profesores y profesoras, pregunten, aprovechen de equivocarse en este ambiente protegido que la UOH les ofrece y, que -desde ya- se sientan parte de esta casa de estudios\u201d, manifest\u00f3 el Prorrector \u00c1lvaro Cabrera quien fue el encargado de dar la bienvenida a la actividad.[\/vc_column_text][vc_zigzag color=&#8221;white&#8221;][vc_row_inner][vc_column_inner width=&#8221;1\/2&#8243;][vc_single_image image=&#8221;75800&#8243; img_size=&#8221;700&#215;450&#8243; onclick=&#8221;link_image&#8221; css=&#8221;&#8221;][\/vc_column_inner][vc_column_inner width=&#8221;1\/2&#8243;][vc_single_image image=&#8221;75799&#8243; img_size=&#8221;700&#215;450&#8243; onclick=&#8221;link_image&#8221; css=&#8221;&#8221;][\/vc_column_inner][\/vc_row_inner][vc_zigzag color=&#8221;white&#8221;][vc_column_text css=&#8221;&#8221;]El PACE UOH es un programa del Ministerio de Educaci\u00f3n que entrega Habilidades del Siglo XXI y explora la vocaci\u00f3n de j\u00f3venes de tercero y cuarto medio de 41 liceos de la regi\u00f3n. Adem\u00e1s, orienta el proceso de postulaci\u00f3n y matr\u00edcula, al ser habilitada\/o PACE por una v\u00eda de Admisi\u00f3n Especial a una de las 29 universidades participantes y en la UOH se realiza un acompa\u00f1amiento integral por toda su carrera con el fin de permanecer y titularse de manera oportuna.<\/p>\n<p>Una de las j\u00f3venes que particip\u00f3 en la primera versi\u00f3n de Formaci\u00f3n Acad\u00e9mica fue la encargada de entregar el mensaje de motivaci\u00f3n a las y los participantes. A trav\u00e9s de su discurso, moviliz\u00f3 e inspir\u00f3 a participar de las clases: \u201cActualmente soy estudiante de primer a\u00f1o de Enfermer\u00eda y lo digo con el coraz\u00f3n lleno de felicidad. Vengo orgullosamente del Liceo Jos\u00e9 Victorino Lastarria. Un establecimiento t\u00e9cnico-profesional donde obtuve mi t\u00edtulo t\u00e9cnico nivel medio menci\u00f3n en Enfermer\u00eda. Comprender\u00e1n entonces que estar aqu\u00ed el d\u00eda de hoy, me llena de orgullo y alegr\u00eda, porque uno de mis m\u00e1s grandes sue\u00f1os desde hace varios a\u00f1os era entrar a esta Universidad y hoy lo estoy cumpliendo gracias al programa PACE y Formaci\u00f3n Acad\u00e9mica UOH. Se trata de un espacio seguro. No es carga extra; es la manera que, junto a mis compa\u00f1eras\/os, encontramos una nueva forma de entender el aprendizaje\u201d, manifest\u00f3 Daniela Granado.<\/p>\n<p>\u201cAprovechen cada una de las clases, a las\/os profesores porque es la disposici\u00f3n que cada una\/o de ellas\/os tiene la que queda marcada en el coraz\u00f3n, y eso hace que, hasta el d\u00eda de hoy, cuando necesito ayuda, acuda a ellos sin dudarlo. Muchas veces las grandes oportunidades de la vida llegan disfrazadas, y si sabemos aprovecharlas, se convertir\u00e1n en grandes futuros para cada uno de nosotras\/os. El programa PACE UOH y el de Formaci\u00f3n Acad\u00e9mica son herramientas poderosas que tienen el potencial de transformar sus vidas de maneras que hoy quiz\u00e1s no alcanzan a imaginar\u201d, agreg\u00f3 la estudiante UOH.<\/p>\n<p>Las clases de Formaci\u00f3n Acad\u00e9mica comenzar\u00e1n el 8 de mayo. Toda la informaci\u00f3n sobre horarios y salas se har\u00e1 llegar a los correos de las\/os estudiantes participantes. \u201cEsta bienvenida fue muy grata, muy linda. Nos abrieron las puertas de esta Universidad muy bella. Estoy muy motivada a que este a\u00f1o se cumplan muchos sue\u00f1os, estoy muy motivada a estudiar Enfermer\u00eda, m\u00e1s que nada para poder ayudar a mi familia y para cumplir la meta que es ayudar a las\/os dem\u00e1s\u201d, remat\u00f3 Raquel Mu\u00f1oz del Liceo Jos\u00e9 Victorino Lastarria.[\/vc_column_text][vc_zigzag color=&#8221;white&#8221;][vc_row_inner][vc_column_inner width=&#8221;1\/2&#8243;][vc_single_image image=&#8221;75803&#8243; img_size=&#8221;700&#215;450&#8243; onclick=&#8221;link_image&#8221; css=&#8221;&#8221;][\/vc_column_inner][vc_column_inner width=&#8221;1\/2&#8243;][vc_single_image image=&#8221;75802&#8243; img_size=&#8221;700&#215;450&#8243; onclick=&#8221;link_image&#8221; css=&#8221;&#8221;][\/vc_column_inner][\/vc_row_inner][vc_zigzag color=&#8221;white&#8221;][\/vc_column][\/vc_row][\/vc_section][vc_section css=&#8221;.vc_custom_1650255686594{background-color: #f6faff !important;}&#8221; el_class=&#8221;p-md-0 pt-md-5&#8243;][vc_row el_class=&#8221;container mx-auto align-items-center p-md-0 pt-5 pb-5&#8243;][vc_column el_class=&#8221;pb-5&#8243;][vc_row_inner el_class=&#8221;pb-5&#8243;][vc_column_inner]<div class=\"row m-0 p-0\"><div class=\"col-12 col-md-9 pt-5 pt-md-0\"><h2 class=\"title title--decorator title--ms d-inline-block\">Te Recomendamos<\/h2><\/div><\/div><div class=\"content-holder\"><div class=\"row  swipper-news-list not--activate-hack \"><div class=\"row -wrapper\"><div class=\"  col-sm-6 col-md-4 img-article\">\n                                        <div class=\"content-news-display row m-0 p-0\"><div class=\"holder p-0 \"><div class=\"img-wrap img-wrap-news\">\n                                        <div class=\"caption__news-category\">\n                                        <a href=\"https:\/\/www.uoh.cl\/acompanamiento-estudiantil\/category\/institucional\/\">\n                                        Institucional<\/a><\/div><\/div><\/div><div class=\"caption py-3 caption__news py-md-3 pb-md-5\">\n                                    <span class=\"caption__date\">Mi\u00e9rcoles 29, Abril<\/span>\n                                     <a href=\"https:\/\/www.uoh.cl\/acompanamiento-estudiantil\/reflexion-universitaria-uoh-inaugura-ano-academico-2026-pensando-en-los-desafios-de-la-educacion-superior\/\">\n                                    <h3 class=\"small-space\">Reflexi\u00f3n universitaria: UOH inaugura A\u00f1o Acad\u00e9mico 2026 pensando en los desaf\u00edos de la Educaci\u00f3n Superior<\/h3><\/a>\n\n                                    <p>La ceremonia promovi\u00f3 el an\u00e1lisis acerca de los cambios educativos que se avecinan dentro de los procesos de formaci\u00f3n universitaria ajustados a contextos digitales.   <\/p>\n                                    <a class=\"link link--bold mt-md-3\" href=\"https:\/\/www.uoh.cl\/acompanamiento-estudiantil\/reflexion-universitaria-uoh-inaugura-ano-academico-2026-pensando-en-los-desafios-de-la-educacion-superior\/\">Saber m\u00e1s <span class=\"icon icon--inline icon--link\"><svg version=\"1.1\" xmlns=\"http:\/\/www.w3.org\/2000\/svg\" xmlns:xlink=\"http:\/\/www.w3.org\/1999\/xlink\" x=\"0px\" y=\"0px\" width=\"22px\"height=\"22px\" viewBox=\"0 0 22 22\" style=\"overflow:visible;enable-background:new 0 0 80 64.6;\" xml:space=\"preserve\"><g clip-path=\"url(#acA)\"><path fill-rule=\"evenodd\" d=\"M21.913 11.266a.93.93 0 000-.711c-.022-.056-.063-.097-.091-.144s-.053-.103-.097-.15L12.306.294c-.357-.379-.955-.394-1.334-.038s-.394.955-.038 1.334l7.917 8.374H.927a.95.95 0 00-.908.983.946.946 0 00.908.908h17.924l-8.089 8.552c-.357.379-.341.977.034 1.334s.977.341 1.334-.034l9.594-10.148c.044-.044.063-.1.097-.15.028-.047.069-.088.091-.141z\"\/><\/g><defs><clipPath id=\"acA\"><path fill=\"#fff\" d=\"M0 0h22v22H0z\"\/><\/clipPath><\/defs><\/svg><\/span><\/a><\/div><\/div><\/div><div class=\"  col-sm-6 col-md-4 img-article\">\n                                        <div class=\"content-news-display row m-0 p-0\"><div class=\"holder p-0 \"><div class=\"img-wrap img-wrap-news\">\n                                        <div class=\"caption__news-category\">\n                                        <a href=\"https:\/\/www.uoh.cl\/acompanamiento-estudiantil\/category\/pace\/\">\n                                        PACE<\/a><\/div><img decoding=\"async\" class=\"w-100 h-100 lazyload\" data-src=\"https:\/\/www.uoh.cl\/acompanamiento-estudiantil\/wp-content\/uploads\/sites\/49\/2026\/04\/Actividad-PACE-2026-20.jpg\" alt=\"Doble bienvenida: Formaci\u00f3n Acad\u00e9mica UOH reuni\u00f3 a cientas\/os de estudiantes de cuarto medio que vivir\u00e1n experiencia universitaria\" style=\"--smush-placeholder-width: 1500px; --smush-placeholder-aspect-ratio: 1500\/1000;object-fit: cover; object-position: center;\" src=\"data:image\/svg+xml;base64,PHN2ZyB3aWR0aD0iMSIgaGVpZ2h0PSIxIiB4bWxucz0iaHR0cDovL3d3dy53My5vcmcvMjAwMC9zdmciPjwvc3ZnPg==\"><\/div><\/div><div class=\"caption py-3 caption__news py-md-3 pb-md-5\">\n                                    <span class=\"caption__date\">Martes 28, Abril<\/span>\n                                     <a href=\"https:\/\/www.uoh.cl\/acompanamiento-estudiantil\/doble-bienvenida-formacionacademica-uoh-reunio-a-cientos-as-de-estudiantes-de-cuarto-medio-que-viviran-experiencia-universitaria\/\">\n                                    <h3 class=\"small-space\">Doble bienvenida: Formaci\u00f3n Acad\u00e9mica UOH reuni\u00f3 a cientas\/os de estudiantes de cuarto medio que vivir\u00e1n experiencia universitaria<\/h3><\/a>\n\n                                    <p>El Programa de Acceso a la Educaci\u00f3n Superior de la Universidad de O\u2019Higgins (PACE UOH) realizar\u00e1, por segundo a\u00f1o consecutivo, un espacio que fortalecer\u00e1 competencias acad\u00e9micas y personales para j\u00f3venes que est\u00e1n finalizando su ense\u00f1anza media.<\/p>\n                                    <a class=\"link link--bold mt-md-3\" href=\"https:\/\/www.uoh.cl\/acompanamiento-estudiantil\/doble-bienvenida-formacionacademica-uoh-reunio-a-cientos-as-de-estudiantes-de-cuarto-medio-que-viviran-experiencia-universitaria\/\">Saber m\u00e1s <span class=\"icon icon--inline icon--link\"><svg version=\"1.1\" xmlns=\"http:\/\/www.w3.org\/2000\/svg\" xmlns:xlink=\"http:\/\/www.w3.org\/1999\/xlink\" x=\"0px\" y=\"0px\" width=\"22px\"height=\"22px\" viewBox=\"0 0 22 22\" style=\"overflow:visible;enable-background:new 0 0 80 64.6;\" xml:space=\"preserve\"><g clip-path=\"url(#acA)\"><path fill-rule=\"evenodd\" d=\"M21.913 11.266a.93.93 0 000-.711c-.022-.056-.063-.097-.091-.144s-.053-.103-.097-.15L12.306.294c-.357-.379-.955-.394-1.334-.038s-.394.955-.038 1.334l7.917 8.374H.927a.95.95 0 00-.908.983.946.946 0 00.908.908h17.924l-8.089 8.552c-.357.379-.341.977.034 1.334s.977.341 1.334-.034l9.594-10.148c.044-.044.063-.1.097-.15.028-.047.069-.088.091-.141z\"\/><\/g><defs><clipPath id=\"acA\"><path fill=\"#fff\" d=\"M0 0h22v22H0z\"\/><\/clipPath><\/defs><\/svg><\/span><\/a><\/div><\/div><\/div><div class=\"  col-sm-6 col-md-4 img-article\">\n                                        <div class=\"content-news-display row m-0 p-0\"><div class=\"holder p-0 \"><div class=\"img-wrap img-wrap-news\">\n                                        <div class=\"caption__news-category\">\n                                        <a href=\"https:\/\/www.uoh.cl\/acompanamiento-estudiantil\/category\/salud-mental\/\">\n                                        Salud Mental<\/a><\/div><img decoding=\"async\" class=\"w-100 h-100 lazyload\" data-src=\"https:\/\/www.uoh.cl\/acompanamiento-estudiantil\/wp-content\/uploads\/sites\/49\/2026\/04\/\u00bfComo-acompanar-ante-situaciones-impredecibles-Psicologa-de-la-Direccion-de-Salud-Mental-UOH-destaca-validacion-de-emociones-y-solicitar-apoyo.png\" alt=\"\u00bfC\u00f3mo acompa\u00f1ar ante situaciones impredecibles?: Psic\u00f3loga de la Direcci\u00f3n de Salud Mental UOH destaca validaci\u00f3n de emociones y solicitar apoyo\" style=\"--smush-placeholder-width: 1500px; --smush-placeholder-aspect-ratio: 1500\/1000;object-fit: cover; object-position: center;\" src=\"data:image\/svg+xml;base64,PHN2ZyB3aWR0aD0iMSIgaGVpZ2h0PSIxIiB4bWxucz0iaHR0cDovL3d3dy53My5vcmcvMjAwMC9zdmciPjwvc3ZnPg==\"><\/div><\/div><div class=\"caption py-3 caption__news py-md-3 pb-md-5\">\n                                    <span class=\"caption__date\">Martes 21, Abril<\/span>\n                                     <a href=\"https:\/\/www.uoh.cl\/acompanamiento-estudiantil\/como-acompanar-ante-situaciones-impredecibles-psicologa-de-la-direccion-de-salud-mental-uoh-destaca-validacion-de-emociones-y-solicitar-apoyo\/\">\n                                    <h3 class=\"small-space\">\u00bfC\u00f3mo acompa\u00f1ar ante situaciones impredecibles?: Psic\u00f3loga de la Direcci\u00f3n de Salud Mental UOH destaca validaci\u00f3n de emociones y solicitar apoyo<\/h3><\/a>\n\n                                    <p>La Universidad de O\u2019Higgins cuenta con distintas instancias para estar presente con estudiantes y la comunidad universitaria ante hechos que afecten su bienestar emocional. <\/p>\n                                    <a class=\"link link--bold mt-md-3\" href=\"https:\/\/www.uoh.cl\/acompanamiento-estudiantil\/como-acompanar-ante-situaciones-impredecibles-psicologa-de-la-direccion-de-salud-mental-uoh-destaca-validacion-de-emociones-y-solicitar-apoyo\/\">Saber m\u00e1s <span class=\"icon icon--inline icon--link\"><svg version=\"1.1\" xmlns=\"http:\/\/www.w3.org\/2000\/svg\" xmlns:xlink=\"http:\/\/www.w3.org\/1999\/xlink\" x=\"0px\" y=\"0px\" width=\"22px\"height=\"22px\" viewBox=\"0 0 22 22\" style=\"overflow:visible;enable-background:new 0 0 80 64.6;\" xml:space=\"preserve\"><g clip-path=\"url(#acA)\"><path fill-rule=\"evenodd\" d=\"M21.913 11.266a.93.93 0 000-.711c-.022-.056-.063-.097-.091-.144s-.053-.103-.097-.15L12.306.294c-.357-.379-.955-.394-1.334-.038s-.394.955-.038 1.334l7.917 8.374H.927a.95.95 0 00-.908.983.946.946 0 00.908.908h17.924l-8.089 8.552c-.357.379-.341.977.034 1.334s.977.341 1.334-.034l9.594-10.148c.044-.044.063-.1.097-.15.028-.047.069-.088.091-.141z\"\/><\/g><defs><clipPath id=\"acA\"><path fill=\"#fff\" d=\"M0 0h22v22H0z\"\/><\/clipPath><\/defs><\/svg><\/span><\/a><\/div><\/div><\/div><\/div><\/div><\/div><div class=\"pagination justify-content-center my-5\"><span aria-current=\"page\" class=\"page-numbers current\">1<\/span>\n<a class=\"page-numbers\" href=\"https:\/\/www.uoh.cl\/acompanamiento-estudiantil\/wp-json\/wp\/v2\/posts\/639\/\/page\/2\">2<\/a>\n<a class=\"page-numbers\" href=\"https:\/\/www.uoh.cl\/acompanamiento-estudiantil\/wp-json\/wp\/v2\/posts\/639\/\/page\/3\">3<\/a>\n<span class=\"page-numbers dots\">&hellip;<\/span>\n<a class=\"page-numbers\" href=\"https:\/\/www.uoh.cl\/acompanamiento-estudiantil\/wp-json\/wp\/v2\/posts\/639\/\/page\/25\">25<\/a>\n<a class=\"next page-numbers\" href=\"https:\/\/www.uoh.cl\/acompanamiento-estudiantil\/wp-json\/wp\/v2\/posts\/639\/\/page\/2\"><div class=\"icon-pagination-next\"> <?xml version=\"1.0\" ?><svg viewBox=\"0 0 96 96\" xmlns=\"http:\/\/www.w3.org\/2000\/svg\"><title\/><path d=\"M39.3756,48.0022l30.47-25.39a6.0035,6.0035,0,0,0-7.6878-9.223L26.1563,43.3906a6.0092,6.0092,0,0,0,0,9.2231L62.1578,82.615a6.0035,6.0035,0,0,0,7.6878-9.2231Z\"\/><\/svg> <\/div><\/a><\/div>[\/vc_column_inner][\/vc_row_inner][\/vc_column][\/vc_row][\/vc_section]<\/p>\n<\/div>","protected":false},"excerpt":{"rendered":"<p>El Programa de Acceso a la Educaci\u00f3n Superior de la Universidad de O\u2019Higgins (PACE UOH) realizar\u00e1, por segundo a\u00f1o consecutivo, un espacio que fortalecer\u00e1 competencias acad\u00e9micas y personales para j\u00f3venes que est\u00e1n finalizando su ense\u00f1anza media.<\/p>\n","protected":false},"author":34,"featured_media":640,"comment_status":"open","ping_status":"open","sticky":false,"template":"","format":"standard","meta":{"_acf_changed":false,"footnotes":""},"categories":[4],"tags":[],"class_list":["post-639","post","type-post","status-publish","format-standard","has-post-thumbnail","hentry","category-pace"],"acf":[],"yoast_head":"<!-- This site is optimized with the Yoast SEO plugin v26.6 - https:\/\/yoast.com\/wordpress\/plugins\/seo\/ -->\n<title>Doble bienvenida: Formaci\u00f3n Acad\u00e9mica UOH reuni\u00f3 a cientas\/os de estudiantes de cuarto medio que vivir\u00e1n experiencia universitaria - Unidad de Acompa\u00f1amiento Estudiantil<\/title>\n<meta name=\"description\" content=\"El Programa de Acceso a la Educaci\u00f3n Superior de la Universidad de O\u2019Higgins (PACE UOH) realizar\u00e1, por segundo a\u00f1o consecutivo, un espacio que fortalecer\u00e1 competencias acad\u00e9micas y personales para j\u00f3venes que est\u00e1n finalizando su ense\u00f1anza media.\" \/>\n<meta name=\"robots\" content=\"noindex, nofollow\" \/>\n<meta property=\"og:locale\" content=\"es_ES\" \/>\n<meta property=\"og:type\" content=\"article\" \/>\n<meta property=\"og:title\" content=\"Doble bienvenida: Formaci\u00f3n Acad\u00e9mica UOH reuni\u00f3 a cientas\/os de estudiantes de cuarto medio que vivir\u00e1n experiencia universitaria - Unidad de Acompa\u00f1amiento Estudiantil\" \/>\n<meta property=\"og:description\" content=\"El Programa de Acceso a la Educaci\u00f3n Superior de la Universidad de O\u2019Higgins (PACE UOH) realizar\u00e1, por segundo a\u00f1o consecutivo, un espacio que fortalecer\u00e1 competencias acad\u00e9micas y personales para j\u00f3venes que est\u00e1n finalizando su ense\u00f1anza media.\" \/>\n<meta property=\"og:url\" content=\"https:\/\/www.uoh.cl\/acompanamiento-estudiantil\/doble-bienvenida-formacionacademica-uoh-reunio-a-cientos-as-de-estudiantes-de-cuarto-medio-que-viviran-experiencia-universitaria\/\" \/>\n<meta property=\"og:site_name\" content=\"Unidad de Acompa\u00f1amiento Estudiantil\" \/>\n<meta property=\"article:published_time\" content=\"2026-04-28T17:15:00+00:00\" \/>\n<meta property=\"og:image\" content=\"https:\/\/www.uoh.cl\/acompanamiento-estudiantil\/wp-content\/uploads\/sites\/49\/2026\/04\/Actividad-PACE-2026-20.jpg\" \/>\n\t<meta property=\"og:image:width\" content=\"1500\" \/>\n\t<meta property=\"og:image:height\" content=\"1000\" \/>\n\t<meta property=\"og:image:type\" content=\"image\/jpeg\" \/>\n<meta name=\"author\" content=\"Universidad de O&#039;Higgins\" \/>\n<meta name=\"twitter:card\" content=\"summary_large_image\" \/>\n<meta name=\"twitter:label1\" content=\"Escrito por\" \/>\n\t<meta name=\"twitter:data1\" content=\"Universidad de O&#039;Higgins\" \/>\n\t<meta name=\"twitter:label2\" content=\"Tiempo estimado de lectura\" \/>\n\t<meta name=\"twitter:data2\" content=\"5 minutos\" \/>\n<script type=\"application\/ld+json\" class=\"yoast-schema-graph\">{\"@context\":\"https:\/\/schema.org\",\"@graph\":[{\"@type\":\"Article\",\"@id\":\"https:\/\/www.uoh.cl\/acompanamiento-estudiantil\/doble-bienvenida-formacionacademica-uoh-reunio-a-cientos-as-de-estudiantes-de-cuarto-medio-que-viviran-experiencia-universitaria\/#article\",\"isPartOf\":{\"@id\":\"https:\/\/www.uoh.cl\/acompanamiento-estudiantil\/doble-bienvenida-formacionacademica-uoh-reunio-a-cientos-as-de-estudiantes-de-cuarto-medio-que-viviran-experiencia-universitaria\/\"},\"author\":{\"name\":\"Universidad de O'Higgins\",\"@id\":\"https:\/\/www.uoh.cl\/acompanamiento-estudiantil\/#\/schema\/person\/ea242e676c7d6d7e46fc8b9e39486c4f\"},\"headline\":\"Doble bienvenida: Formaci\u00f3n Acad\u00e9mica UOH reuni\u00f3 a cientas\/os de estudiantes de cuarto medio que vivir\u00e1n experiencia universitaria\",\"datePublished\":\"2026-04-28T17:15:00+00:00\",\"mainEntityOfPage\":{\"@id\":\"https:\/\/www.uoh.cl\/acompanamiento-estudiantil\/doble-bienvenida-formacionacademica-uoh-reunio-a-cientos-as-de-estudiantes-de-cuarto-medio-que-viviran-experiencia-universitaria\/\"},\"wordCount\":1088,\"commentCount\":0,\"publisher\":{\"@id\":\"https:\/\/www.uoh.cl\/acompanamiento-estudiantil\/#organization\"},\"image\":{\"@id\":\"https:\/\/www.uoh.cl\/acompanamiento-estudiantil\/doble-bienvenida-formacionacademica-uoh-reunio-a-cientos-as-de-estudiantes-de-cuarto-medio-que-viviran-experiencia-universitaria\/#primaryimage\"},\"thumbnailUrl\":\"https:\/\/www.uoh.cl\/acompanamiento-estudiantil\/wp-content\/uploads\/sites\/49\/2026\/04\/Actividad-PACE-2026-20.jpg\",\"articleSection\":[\"PACE\"],\"inLanguage\":\"es-CL\",\"potentialAction\":[{\"@type\":\"CommentAction\",\"name\":\"Comment\",\"target\":[\"https:\/\/www.uoh.cl\/acompanamiento-estudiantil\/doble-bienvenida-formacionacademica-uoh-reunio-a-cientos-as-de-estudiantes-de-cuarto-medio-que-viviran-experiencia-universitaria\/#respond\"]}]},{\"@type\":\"WebPage\",\"@id\":\"https:\/\/www.uoh.cl\/acompanamiento-estudiantil\/doble-bienvenida-formacionacademica-uoh-reunio-a-cientos-as-de-estudiantes-de-cuarto-medio-que-viviran-experiencia-universitaria\/\",\"url\":\"https:\/\/www.uoh.cl\/acompanamiento-estudiantil\/doble-bienvenida-formacionacademica-uoh-reunio-a-cientos-as-de-estudiantes-de-cuarto-medio-que-viviran-experiencia-universitaria\/\",\"name\":\"Doble bienvenida: Formaci\u00f3n Acad\u00e9mica UOH reuni\u00f3 a cientas\/os de estudiantes de cuarto medio que vivir\u00e1n experiencia universitaria - Unidad de Acompa\u00f1amiento Estudiantil\",\"isPartOf\":{\"@id\":\"https:\/\/www.uoh.cl\/acompanamiento-estudiantil\/#website\"},\"primaryImageOfPage\":{\"@id\":\"https:\/\/www.uoh.cl\/acompanamiento-estudiantil\/doble-bienvenida-formacionacademica-uoh-reunio-a-cientos-as-de-estudiantes-de-cuarto-medio-que-viviran-experiencia-universitaria\/#primaryimage\"},\"image\":{\"@id\":\"https:\/\/www.uoh.cl\/acompanamiento-estudiantil\/doble-bienvenida-formacionacademica-uoh-reunio-a-cientos-as-de-estudiantes-de-cuarto-medio-que-viviran-experiencia-universitaria\/#primaryimage\"},\"thumbnailUrl\":\"https:\/\/www.uoh.cl\/acompanamiento-estudiantil\/wp-content\/uploads\/sites\/49\/2026\/04\/Actividad-PACE-2026-20.jpg\",\"datePublished\":\"2026-04-28T17:15:00+00:00\",\"description\":\"El Programa de Acceso a la Educaci\u00f3n Superior de la Universidad de O\u2019Higgins (PACE UOH) realizar\u00e1, por segundo a\u00f1o consecutivo, un espacio que fortalecer\u00e1 competencias acad\u00e9micas y personales para j\u00f3venes que est\u00e1n finalizando su ense\u00f1anza media.\",\"breadcrumb\":{\"@id\":\"https:\/\/www.uoh.cl\/acompanamiento-estudiantil\/doble-bienvenida-formacionacademica-uoh-reunio-a-cientos-as-de-estudiantes-de-cuarto-medio-que-viviran-experiencia-universitaria\/#breadcrumb\"},\"inLanguage\":\"es-CL\",\"potentialAction\":[{\"@type\":\"ReadAction\",\"target\":[\"https:\/\/www.uoh.cl\/acompanamiento-estudiantil\/doble-bienvenida-formacionacademica-uoh-reunio-a-cientos-as-de-estudiantes-de-cuarto-medio-que-viviran-experiencia-universitaria\/\"]}]},{\"@type\":\"ImageObject\",\"inLanguage\":\"es-CL\",\"@id\":\"https:\/\/www.uoh.cl\/acompanamiento-estudiantil\/doble-bienvenida-formacionacademica-uoh-reunio-a-cientos-as-de-estudiantes-de-cuarto-medio-que-viviran-experiencia-universitaria\/#primaryimage\",\"url\":\"https:\/\/www.uoh.cl\/acompanamiento-estudiantil\/wp-content\/uploads\/sites\/49\/2026\/04\/Actividad-PACE-2026-20.jpg\",\"contentUrl\":\"https:\/\/www.uoh.cl\/acompanamiento-estudiantil\/wp-content\/uploads\/sites\/49\/2026\/04\/Actividad-PACE-2026-20.jpg\",\"width\":1500,\"height\":1000},{\"@type\":\"BreadcrumbList\",\"@id\":\"https:\/\/www.uoh.cl\/acompanamiento-estudiantil\/doble-bienvenida-formacionacademica-uoh-reunio-a-cientos-as-de-estudiantes-de-cuarto-medio-que-viviran-experiencia-universitaria\/#breadcrumb\",\"itemListElement\":[{\"@type\":\"ListItem\",\"position\":1,\"name\":\"Portada\",\"item\":\"https:\/\/www.uoh.cl\/acompanamiento-estudiantil\/\"},{\"@type\":\"ListItem\",\"position\":2,\"name\":\"Doble bienvenida: Formaci\u00f3n Acad\u00e9mica UOH reuni\u00f3 a cientas\/os de estudiantes de cuarto medio que vivir\u00e1n experiencia universitaria\"}]},{\"@type\":\"WebSite\",\"@id\":\"https:\/\/www.uoh.cl\/acompanamiento-estudiantil\/#website\",\"url\":\"https:\/\/www.uoh.cl\/acompanamiento-estudiantil\/\",\"name\":\"Unidad de Acompa\u00f1amiento Estudiantil\",\"description\":\"\",\"publisher\":{\"@id\":\"https:\/\/www.uoh.cl\/acompanamiento-estudiantil\/#organization\"},\"potentialAction\":[{\"@type\":\"SearchAction\",\"target\":{\"@type\":\"EntryPoint\",\"urlTemplate\":\"https:\/\/www.uoh.cl\/acompanamiento-estudiantil\/?s={search_term_string}\"},\"query-input\":{\"@type\":\"PropertyValueSpecification\",\"valueRequired\":true,\"valueName\":\"search_term_string\"}}],\"inLanguage\":\"es-CL\"},{\"@type\":\"Organization\",\"@id\":\"https:\/\/www.uoh.cl\/acompanamiento-estudiantil\/#organization\",\"name\":\"Unidad de Acompa\u00f1amiento Estudiantil\",\"url\":\"https:\/\/www.uoh.cl\/acompanamiento-estudiantil\/\",\"logo\":{\"@type\":\"ImageObject\",\"inLanguage\":\"es-CL\",\"@id\":\"https:\/\/www.uoh.cl\/acompanamiento-estudiantil\/#\/schema\/logo\/image\/\",\"url\":\"https:\/\/www.uoh.cl\/acompanamiento-estudiantil\/wp-content\/uploads\/sites\/49\/2024\/05\/UOHUAE.svg\",\"contentUrl\":\"https:\/\/www.uoh.cl\/acompanamiento-estudiantil\/wp-content\/uploads\/sites\/49\/2024\/05\/UOHUAE.svg\",\"caption\":\"Unidad de Acompa\u00f1amiento Estudiantil\"},\"image\":{\"@id\":\"https:\/\/www.uoh.cl\/acompanamiento-estudiantil\/#\/schema\/logo\/image\/\"}},{\"@type\":\"Person\",\"@id\":\"https:\/\/www.uoh.cl\/acompanamiento-estudiantil\/#\/schema\/person\/ea242e676c7d6d7e46fc8b9e39486c4f\",\"name\":\"Universidad de O'Higgins\",\"image\":{\"@type\":\"ImageObject\",\"inLanguage\":\"es-CL\",\"@id\":\"https:\/\/www.uoh.cl\/acompanamiento-estudiantil\/#\/schema\/person\/image\/\",\"url\":\"https:\/\/secure.gravatar.com\/avatar\/78fcb76ca05efae11fd355943c01a832a29786cc00d85b1a82c301bea2b2a214?s=96&d=mm&r=g\",\"contentUrl\":\"https:\/\/secure.gravatar.com\/avatar\/78fcb76ca05efae11fd355943c01a832a29786cc00d85b1a82c301bea2b2a214?s=96&d=mm&r=g\",\"caption\":\"Universidad de O'Higgins\"},\"url\":\"https:\/\/www.uoh.cl\/acompanamiento-estudiantil\/author\/mayordomo\/\"}]}<\/script>\n<!-- \/ Yoast SEO plugin. -->","yoast_head_json":{"title":"Doble bienvenida: Formaci\u00f3n Acad\u00e9mica UOH reuni\u00f3 a cientas\/os de estudiantes de cuarto medio que vivir\u00e1n experiencia universitaria - Unidad de Acompa\u00f1amiento Estudiantil","description":"El Programa de Acceso a la Educaci\u00f3n Superior de la Universidad de O\u2019Higgins (PACE UOH) realizar\u00e1, por segundo a\u00f1o consecutivo, un espacio que fortalecer\u00e1 competencias acad\u00e9micas y personales para j\u00f3venes que est\u00e1n finalizando su ense\u00f1anza media.","robots":{"index":"noindex","follow":"nofollow"},"og_locale":"es_ES","og_type":"article","og_title":"Doble bienvenida: Formaci\u00f3n Acad\u00e9mica UOH reuni\u00f3 a cientas\/os de estudiantes de cuarto medio que vivir\u00e1n experiencia universitaria - Unidad de Acompa\u00f1amiento Estudiantil","og_description":"El Programa de Acceso a la Educaci\u00f3n Superior de la Universidad de O\u2019Higgins (PACE UOH) realizar\u00e1, por segundo a\u00f1o consecutivo, un espacio que fortalecer\u00e1 competencias acad\u00e9micas y personales para j\u00f3venes que est\u00e1n finalizando su ense\u00f1anza media.","og_url":"https:\/\/www.uoh.cl\/acompanamiento-estudiantil\/doble-bienvenida-formacionacademica-uoh-reunio-a-cientos-as-de-estudiantes-de-cuarto-medio-que-viviran-experiencia-universitaria\/","og_site_name":"Unidad de Acompa\u00f1amiento Estudiantil","article_published_time":"2026-04-28T17:15:00+00:00","og_image":[{"width":1500,"height":1000,"url":"https:\/\/www.uoh.cl\/acompanamiento-estudiantil\/wp-content\/uploads\/sites\/49\/2026\/04\/Actividad-PACE-2026-20.jpg","type":"image\/jpeg"}],"author":"Universidad de O'Higgins","twitter_card":"summary_large_image","twitter_misc":{"Escrito por":"Universidad de O'Higgins","Tiempo estimado de lectura":"5 minutos"},"schema":{"@context":"https:\/\/schema.org","@graph":[{"@type":"Article","@id":"https:\/\/www.uoh.cl\/acompanamiento-estudiantil\/doble-bienvenida-formacionacademica-uoh-reunio-a-cientos-as-de-estudiantes-de-cuarto-medio-que-viviran-experiencia-universitaria\/#article","isPartOf":{"@id":"https:\/\/www.uoh.cl\/acompanamiento-estudiantil\/doble-bienvenida-formacionacademica-uoh-reunio-a-cientos-as-de-estudiantes-de-cuarto-medio-que-viviran-experiencia-universitaria\/"},"author":{"name":"Universidad de O'Higgins","@id":"https:\/\/www.uoh.cl\/acompanamiento-estudiantil\/#\/schema\/person\/ea242e676c7d6d7e46fc8b9e39486c4f"},"headline":"Doble bienvenida: Formaci\u00f3n Acad\u00e9mica UOH reuni\u00f3 a cientas\/os de estudiantes de cuarto medio que vivir\u00e1n experiencia universitaria","datePublished":"2026-04-28T17:15:00+00:00","mainEntityOfPage":{"@id":"https:\/\/www.uoh.cl\/acompanamiento-estudiantil\/doble-bienvenida-formacionacademica-uoh-reunio-a-cientos-as-de-estudiantes-de-cuarto-medio-que-viviran-experiencia-universitaria\/"},"wordCount":1088,"commentCount":0,"publisher":{"@id":"https:\/\/www.uoh.cl\/acompanamiento-estudiantil\/#organization"},"image":{"@id":"https:\/\/www.uoh.cl\/acompanamiento-estudiantil\/doble-bienvenida-formacionacademica-uoh-reunio-a-cientos-as-de-estudiantes-de-cuarto-medio-que-viviran-experiencia-universitaria\/#primaryimage"},"thumbnailUrl":"https:\/\/www.uoh.cl\/acompanamiento-estudiantil\/wp-content\/uploads\/sites\/49\/2026\/04\/Actividad-PACE-2026-20.jpg","articleSection":["PACE"],"inLanguage":"es-CL","potentialAction":[{"@type":"CommentAction","name":"Comment","target":["https:\/\/www.uoh.cl\/acompanamiento-estudiantil\/doble-bienvenida-formacionacademica-uoh-reunio-a-cientos-as-de-estudiantes-de-cuarto-medio-que-viviran-experiencia-universitaria\/#respond"]}]},{"@type":"WebPage","@id":"https:\/\/www.uoh.cl\/acompanamiento-estudiantil\/doble-bienvenida-formacionacademica-uoh-reunio-a-cientos-as-de-estudiantes-de-cuarto-medio-que-viviran-experiencia-universitaria\/","url":"https:\/\/www.uoh.cl\/acompanamiento-estudiantil\/doble-bienvenida-formacionacademica-uoh-reunio-a-cientos-as-de-estudiantes-de-cuarto-medio-que-viviran-experiencia-universitaria\/","name":"Doble bienvenida: Formaci\u00f3n Acad\u00e9mica UOH reuni\u00f3 a cientas\/os de estudiantes de cuarto medio que vivir\u00e1n experiencia universitaria - Unidad de Acompa\u00f1amiento Estudiantil","isPartOf":{"@id":"https:\/\/www.uoh.cl\/acompanamiento-estudiantil\/#website"},"primaryImageOfPage":{"@id":"https:\/\/www.uoh.cl\/acompanamiento-estudiantil\/doble-bienvenida-formacionacademica-uoh-reunio-a-cientos-as-de-estudiantes-de-cuarto-medio-que-viviran-experiencia-universitaria\/#primaryimage"},"image":{"@id":"https:\/\/www.uoh.cl\/acompanamiento-estudiantil\/doble-bienvenida-formacionacademica-uoh-reunio-a-cientos-as-de-estudiantes-de-cuarto-medio-que-viviran-experiencia-universitaria\/#primaryimage"},"thumbnailUrl":"https:\/\/www.uoh.cl\/acompanamiento-estudiantil\/wp-content\/uploads\/sites\/49\/2026\/04\/Actividad-PACE-2026-20.jpg","datePublished":"2026-04-28T17:15:00+00:00","description":"El Programa de Acceso a la Educaci\u00f3n Superior de la Universidad de O\u2019Higgins (PACE UOH) realizar\u00e1, por segundo a\u00f1o consecutivo, un espacio que fortalecer\u00e1 competencias acad\u00e9micas y personales para j\u00f3venes que est\u00e1n finalizando su ense\u00f1anza media.","breadcrumb":{"@id":"https:\/\/www.uoh.cl\/acompanamiento-estudiantil\/doble-bienvenida-formacionacademica-uoh-reunio-a-cientos-as-de-estudiantes-de-cuarto-medio-que-viviran-experiencia-universitaria\/#breadcrumb"},"inLanguage":"es-CL","potentialAction":[{"@type":"ReadAction","target":["https:\/\/www.uoh.cl\/acompanamiento-estudiantil\/doble-bienvenida-formacionacademica-uoh-reunio-a-cientos-as-de-estudiantes-de-cuarto-medio-que-viviran-experiencia-universitaria\/"]}]},{"@type":"ImageObject","inLanguage":"es-CL","@id":"https:\/\/www.uoh.cl\/acompanamiento-estudiantil\/doble-bienvenida-formacionacademica-uoh-reunio-a-cientos-as-de-estudiantes-de-cuarto-medio-que-viviran-experiencia-universitaria\/#primaryimage","url":"https:\/\/www.uoh.cl\/acompanamiento-estudiantil\/wp-content\/uploads\/sites\/49\/2026\/04\/Actividad-PACE-2026-20.jpg","contentUrl":"https:\/\/www.uoh.cl\/acompanamiento-estudiantil\/wp-content\/uploads\/sites\/49\/2026\/04\/Actividad-PACE-2026-20.jpg","width":1500,"height":1000},{"@type":"BreadcrumbList","@id":"https:\/\/www.uoh.cl\/acompanamiento-estudiantil\/doble-bienvenida-formacionacademica-uoh-reunio-a-cientos-as-de-estudiantes-de-cuarto-medio-que-viviran-experiencia-universitaria\/#breadcrumb","itemListElement":[{"@type":"ListItem","position":1,"name":"Portada","item":"https:\/\/www.uoh.cl\/acompanamiento-estudiantil\/"},{"@type":"ListItem","position":2,"name":"Doble bienvenida: Formaci\u00f3n Acad\u00e9mica UOH reuni\u00f3 a cientas\/os de estudiantes de cuarto medio que vivir\u00e1n experiencia universitaria"}]},{"@type":"WebSite","@id":"https:\/\/www.uoh.cl\/acompanamiento-estudiantil\/#website","url":"https:\/\/www.uoh.cl\/acompanamiento-estudiantil\/","name":"Unidad de Acompa\u00f1amiento Estudiantil","description":"","publisher":{"@id":"https:\/\/www.uoh.cl\/acompanamiento-estudiantil\/#organization"},"potentialAction":[{"@type":"SearchAction","target":{"@type":"EntryPoint","urlTemplate":"https:\/\/www.uoh.cl\/acompanamiento-estudiantil\/?s={search_term_string}"},"query-input":{"@type":"PropertyValueSpecification","valueRequired":true,"valueName":"search_term_string"}}],"inLanguage":"es-CL"},{"@type":"Organization","@id":"https:\/\/www.uoh.cl\/acompanamiento-estudiantil\/#organization","name":"Unidad de Acompa\u00f1amiento Estudiantil","url":"https:\/\/www.uoh.cl\/acompanamiento-estudiantil\/","logo":{"@type":"ImageObject","inLanguage":"es-CL","@id":"https:\/\/www.uoh.cl\/acompanamiento-estudiantil\/#\/schema\/logo\/image\/","url":"https:\/\/www.uoh.cl\/acompanamiento-estudiantil\/wp-content\/uploads\/sites\/49\/2024\/05\/UOHUAE.svg","contentUrl":"https:\/\/www.uoh.cl\/acompanamiento-estudiantil\/wp-content\/uploads\/sites\/49\/2024\/05\/UOHUAE.svg","caption":"Unidad de Acompa\u00f1amiento Estudiantil"},"image":{"@id":"https:\/\/www.uoh.cl\/acompanamiento-estudiantil\/#\/schema\/logo\/image\/"}},{"@type":"Person","@id":"https:\/\/www.uoh.cl\/acompanamiento-estudiantil\/#\/schema\/person\/ea242e676c7d6d7e46fc8b9e39486c4f","name":"Universidad de O'Higgins","image":{"@type":"ImageObject","inLanguage":"es-CL","@id":"https:\/\/www.uoh.cl\/acompanamiento-estudiantil\/#\/schema\/person\/image\/","url":"https:\/\/secure.gravatar.com\/avatar\/78fcb76ca05efae11fd355943c01a832a29786cc00d85b1a82c301bea2b2a214?s=96&d=mm&r=g","contentUrl":"https:\/\/secure.gravatar.com\/avatar\/78fcb76ca05efae11fd355943c01a832a29786cc00d85b1a82c301bea2b2a214?s=96&d=mm&r=g","caption":"Universidad de O'Higgins"},"url":"https:\/\/www.uoh.cl\/acompanamiento-estudiantil\/author\/mayordomo\/"}]}},"_links":{"self":[{"href":"https:\/\/www.uoh.cl\/acompanamiento-estudiantil\/wp-json\/wp\/v2\/posts\/639","targetHints":{"allow":["GET"]}}],"collection":[{"href":"https:\/\/www.uoh.cl\/acompanamiento-estudiantil\/wp-json\/wp\/v2\/posts"}],"about":[{"href":"https:\/\/www.uoh.cl\/acompanamiento-estudiantil\/wp-json\/wp\/v2\/types\/post"}],"author":[{"embeddable":true,"href":"https:\/\/www.uoh.cl\/acompanamiento-estudiantil\/wp-json\/wp\/v2\/users\/34"}],"replies":[{"embeddable":true,"href":"https:\/\/www.uoh.cl\/acompanamiento-estudiantil\/wp-json\/wp\/v2\/comments?post=639"}],"version-history":[{"count":0,"href":"https:\/\/www.uoh.cl\/acompanamiento-estudiantil\/wp-json\/wp\/v2\/posts\/639\/revisions"}],"wp:featuredmedia":[{"embeddable":true,"href":"https:\/\/www.uoh.cl\/acompanamiento-estudiantil\/wp-json\/wp\/v2\/media\/640"}],"wp:attachment":[{"href":"https:\/\/www.uoh.cl\/acompanamiento-estudiantil\/wp-json\/wp\/v2\/media?parent=639"}],"wp:term":[{"taxonomy":"category","embeddable":true,"href":"https:\/\/www.uoh.cl\/acompanamiento-estudiantil\/wp-json\/wp\/v2\/categories?post=639"},{"taxonomy":"post_tag","embeddable":true,"href":"https:\/\/www.uoh.cl\/acompanamiento-estudiantil\/wp-json\/wp\/v2\/tags?post=639"}],"curies":[{"name":"wp","href":"https:\/\/api.w.org\/{rel}","templated":true}]}}