
{"id":623,"date":"2026-03-11T09:18:47","date_gmt":"2026-03-11T12:18:47","guid":{"rendered":"https:\/\/www.uoh.cl\/acompanamiento-estudiantil\/pace-uoh-reunio-a-establecimientos-adscritos-en-la-region-de-ohiggins-para-dar-a-conocer-novedades-y-lineamientos-2026\/"},"modified":"2026-03-11T09:18:47","modified_gmt":"2026-03-11T12:18:47","slug":"pace-uoh-reunio-a-establecimientos-adscritos-en-la-region-de-ohiggins-para-dar-a-conocer-novedades-y-lineamientos-2026","status":"publish","type":"post","link":"https:\/\/www.uoh.cl\/acompanamiento-estudiantil\/pace-uoh-reunio-a-establecimientos-adscritos-en-la-region-de-ohiggins-para-dar-a-conocer-novedades-y-lineamientos-2026\/","title":{"rendered":"PACE UOH reuni\u00f3 a establecimientos adscritos en la Regi\u00f3n de O\u2019Higgins para dar a conocer novedades y lineamientos 2026"},"content":{"rendered":"<div class=\"wpb-content-wrapper\"><p>[vc_section el_class=&#8221;container mx-auto align-items-center circle&#8211;pattern&#8221; css=&#8221;.vc_custom_1648956589196{padding-top: 3rem !important;}&#8221;][vc_row][vc_column]<div class=\"breadcrumb\"><ol itemscope itemtype=\"https:\/\/schema.org\/BreadcrumbList\"><li itemprop=\"itemListElement\" itemscope itemtype=\"https:\/\/schema.org\/ListItem\"><a itemprop=\"item\" href=\"http:\/\/www.uoh.cl\"><span itemprop=\"name\">Inicio<\/span><\/a><meta itemprop=\"position\" content=\"1\" \/><li itemprop=\"itemListElement\" itemscope itemtype=\"https:\/\/schema.org\/ListItem\"><a itemprop=\"item\" href=\"https:\/\/www.uoh.cl\/acompanamiento-estudiantil\"><span itemprop=\"name\">Unidad de Acompa\u00f1amiento Estudiantil<\/span><\/a><meta itemprop=\"position\" content=\"2\" \/><li itemprop=\"itemListElement\" itemscope itemtype=\"https:\/\/schema.org\/ListItem\"><a itemprop=\"item\" href=\"https:\/\/www.uoh.cl\/acompanamiento-estudiantil\/noticias\/\"><span itemprop=\"name\">Noticias<\/span><\/a><meta itemprop=\"position\" content=\"3\" \/><li itemprop=\"itemListElement\" itemscope itemtype=\"https:\/\/schema.org\/ListItem\"><span itemprop=\"name\">PACE UOH reuni\u00f3 a establecimientos adscritos en la Regi\u00f3n de <\/span><meta itemprop=\"position\" content=\"4\" \/><\/ol><\/div><ul class=\"p-0 list-style-none d-inline-block\"><li class=\"p-0\"><a href=https:\/\/www.uoh.cl\/acompanamiento-estudiantil\/category\/pace\/ class=\"px-1 py-2\">PACE<\/a><\/li><\/ul><div class=\"date_publish_post\"> \u25cf Mi\u00e9 11 de Marzo 2026<\/div><div class=\"uoh_title_component-container\"><h1 class=\"title title--ms d-inline-block title--decorator  big\">PACE UOH reuni\u00f3 a establecimientos adscritos en la Regi\u00f3n de O\u2019Higgins para dar a conocer novedades y lineamientos 2026<\/h1><\/div>[vc_row_inner el_class=&#8221;border-separator m-0&#8243;][vc_column_inner width=&#8221;2\/3&#8243;]<div class=\"author_wp_class\"> Escrito por <span>Universidad de O'Higgins<\/span><\/div>[\/vc_column_inner][vc_column_inner el_class=&#8221;align-items-end-publish&#8221; width=&#8221;1\/3&#8243;]<div class=\"uoh_social_network_component uoh_row col-12 justify-content-end m-0 p-0\"> <div class=\"icon__facebook-share-button\">\n                       <a href=\"https:\/\/www.facebook.com\/sharer\/sharer.php?u=https:\/\/www.uoh.cl\/acompanamiento-estudiantil\/pace-uoh-reunio-a-establecimientos-adscritos-en-la-region-de-ohiggins-para-dar-a-conocer-novedades-y-lineamientos-2026\/\" target=\"_blank\"> <div class=\"icon__facebook-svg\"><svg version=\"1.1\" xmlns=\"http:\/\/www.w3.org\/2000\/svg\" xmlns:xlink=\"http:\/\/www.w3.org\/1999\/xlink\" x=\"0px\" y=\"0px\" width=\"22.4px\" height=\"48.3px\" viewBox=\"0 0 22.4 48.3\" style=\"overflow:visible;enable-background:new 0 0 22.4 48.3;\" xml:space=\"preserve\">\n                <defs>\n                <\/defs>\n                <path class=\"st0\" d=\"M22.4,15.6h-7.6v-5c0-1.9,1.2-2.3,2.1-2.3c0.9,0,5.4,0,5.4,0V0l-7.4,0C6.6,0,4.8,6.2,4.8,10.1v5.5H0v8.5h4.8\n                    c0,10.9,0,24.1,0,24.1h10c0,0,0-13.3,0-24.1h6.8L22.4,15.6z\"><\/path>\n                <\/svg><\/a><\/div>\n                    <\/div><div class=\"icon__twitter-share-button\">\n                        <div class=\"icon__twitter-svg\"><a target=\"_blank\" href=\"http:\/\/twitter.com\/share?url=https:\/\/www.uoh.cl\/acompanamiento-estudiantil\/pace-uoh-reunio-a-establecimientos-adscritos-en-la-region-de-ohiggins-para-dar-a-conocer-novedades-y-lineamientos-2026\/\"><svg xmlns=\"http:\/\/www.w3.org\/2000\/svg\" height=\"1em\" viewBox=\"0 0 512 512\"><!--! Font Awesome Free 6.4.2 by @fontawesome - https:\/\/fontawesome.com License - https:\/\/fontawesome.com\/license (Commercial License) Copyright 2023 Fonticons, Inc. --><path d=\"M389.2 48h70.6L305.6 224.2 487 464H345L233.7 318.6 106.5 464H35.8L200.7 275.5 26.8 48H172.4L272.9 180.9 389.2 48zM364.4 421.8h39.1L151.1 88h-42L364.4 421.8z\"\/><\/svg><\/a><\/div>\n                        <\/div><div class=\"icon__linkedin-share-button\">\n                        <div class=\"icon__linkedin-svg\">\n                        <a target=\"__blank\" href=\"https:\/\/www.linkedin.com\/sharing\/share-offsite\/?url=https:\/\/www.uoh.cl\/acompanamiento-estudiantil\/pace-uoh-reunio-a-establecimientos-adscritos-en-la-region-de-ohiggins-para-dar-a-conocer-novedades-y-lineamientos-2026\/\"><svg enable-background=\"new 0 0 100 100\" height=\"100px\" id=\"Layer_1\" version=\"1.1\" viewBox=\"0 0 100 100\" width=\"100px\" xml:space=\"preserve\" xmlns=\"http:\/\/www.w3.org\/2000\/svg\" xmlns:xlink=\"http:\/\/www.w3.org\/1999\/xlink\"><g><circle cx=\"50\" cy=\"50\" fill=\"#ccc\" r=\"45\"\/><g id=\"LinkedIn_1_\"><rect fill=\"#FFFFFF\" height=\"24.361\" width=\"7.69\" x=\"31.271\" y=\"43.569\"\/><path d=\"M59.968,43.334c-4.406,0-7.165,2.387-7.677,4.058v-3.823h-8.636c0.109,2.03,0,24.361,0,24.361h8.636    V54.748c0-0.733-0.034-1.465,0.19-1.991c0.594-1.464,1.869-2.985,4.162-2.985c2.998,0,4.361,2.253,4.361,5.552V67.93h8.721V54.384    C69.726,46.839,65.432,43.334,59.968,43.334z\" fill=\"#FFFFFF\"\/><path d=\"M34.973,32.069c-2.839,0-4.696,1.823-4.696,4.229c0,2.361,1.804,4.224,4.589,4.224h0.054    c2.891,0,4.69-1.869,4.69-4.229C39.555,33.888,37.81,32.069,34.973,32.069z\" fill=\"#FFFFFF\"\/><\/g><\/g><\/svg><\/a><\/div>\n\n            <\/div><\/div>[\/vc_column_inner][\/vc_row_inner][vc_single_image image=&#8221;74407&#8243; img_size=&#8221;1500&#215;1000&#8243; add_caption=&#8221;yes&#8221; alignment=&#8221;center&#8221; onclick=&#8221;img_link_large&#8221; css=&#8221;&#8221;][vc_column_text]\u00a0[\/vc_column_text][vc_column_text css=&#8221;&#8221;]<\/p>\n<ul>\n<li><em>Los encuentros se realizaron en los campus Rancagua y Colchagua, y en la Biblioteca Municipal de Marchig\u00fce, junto a las contrapartes, quienes determinaron qu\u00e9 habilidades trabajar\u00e1n en sus liceos durante el a\u00f1o.<\/em><\/li>\n<\/ul>\n<p>[\/vc_column_text][vc_column_text]\u00a0[\/vc_column_text][vc_column_text css=&#8221;&#8221;]El <a href=\"https:\/\/www.uoh.cl\/acompanamiento-estudiantil\/pace-uoh\/\">Programa de Acceso a la Educaci\u00f3n Superior<\/a> de la <a href=\"http:\/\/www.uoh.cl\/\">Universidad de O\u2019Higgins<\/a> (PACE UOH) se inserta este 2026 en la nueva Direcci\u00f3n de Inclusi\u00f3n y Acompa\u00f1amiento Acad\u00e9mico (DIA). Una de las innovaciones m\u00e1s relevantes es que las\/os estudiantes podr\u00e1n recibir apoyo desde su primer a\u00f1o, hasta el \u00faltimo. Esa y otras novedades conocieron las contrapartes de los 41 liceos adscritos durante tres reuniones en los campus Rancagua y Colchagua, y en la Biblioteca Municipal de Marchig\u00fce.<\/p>\n<p>\u201cSe han dise\u00f1ado cuatro \u00e1reas de trabajo, una de ellas es la transici\u00f3n desde la Educaci\u00f3n Media a la Educaci\u00f3n Superior, donde est\u00e1n los programas PACE y Proped\u00e9utico. El trabajo que se va a dise\u00f1ar en el acompa\u00f1amiento acad\u00e9mico y psicoeducativo en las distintas \u00e1reas que desarrolla nuestras\/os estudiantes y tambi\u00e9n vamos a hacer un trabajo permanente de monitoreo y seguimiento a nuestras\/os estudiantes. Es muy importante resaltar que esta nueva estructura institucional trae consigo trabajar fuertemente con las\/os estudiantes que tienen condiciones discapacidad y desde ah\u00ed vamos a desarrollar un trabajo integral pensando en las trayectorias diferenciadas de nuestras\/os estudiantes y acompa\u00f1\u00e1ndolos para una titulaci\u00f3n oportuna\u201d, detall\u00f3 Karla Moreno, directora de Inclusi\u00f3n y Acompa\u00f1amiento Acad\u00e9mico de la UOH.<\/p>\n<p>Tras la presentaci\u00f3n de las \u00e1reas de trabajo y las\/os profesionales de Preparaci\u00f3n en Ense\u00f1anza Media (PEM) y de Acompa\u00f1amiento en la Educaci\u00f3n Superior (AES), se reunieron las\/os profesionales ejecutoras\/es con sus comunidades educativas para definir las habilidades que se trabajar\u00e1n durante el a\u00f1o, agrupadas en: Maneras de pensar, Maneras de trabajar, Herramientas para trabajar y Maneras de vivir en el mundo.<\/p>\n<p>\u201cFue muy positivo el a\u00f1o pasado, nuestro primer a\u00f1o en el PACE UOH, ahora estamos en el segundo a\u00f1o que entra cuarto medio. La innovaci\u00f3n que m\u00e1s me gust\u00f3 es que ahora no va a ser semana por medio la intervenci\u00f3n de PACE UOH, sino que va a ser toda la semana. Va a ver una constante presencia de la Universidad en los liceos, eso es muy provechoso. PACE UOH es parte de la casa de cada uno de los liceos de la regi\u00f3n\u201d, expres\u00f3 Juan Salazar jefe de UTP del Liceo San Francisco de Placilla.<\/p>\n<p>El Programa PACE UOH lleva 9 a\u00f1os de funcionamiento acompa\u00f1ando los proyectos de vida de los\/as estudiantes de la Regi\u00f3n de O\u2019Higgins. Esta iniciativa del Ministerio de Educaci\u00f3n est\u00e1 presente en 29 universidades y tiene como fin ofrecer vacantes especiales para j\u00f3venes estudiantes.<\/p>\n<p>Ingrid C\u00e1rcamo, orientadora del Liceo Bicentenario Ignacio Carrera Pinto de San Vicente, conoce el PACE UOH desde sus inicios y valor\u00f3 que este a\u00f1o est\u00e9n presentes profesionales del \u00e1rea de Inclusi\u00f3n, tales como terapeuta ocupacional, una nueva fonoaudi\u00f3loga y profesora en educaci\u00f3n especial. \u201cTendremos m\u00e1s oportunidades con las\/os estudiantes que est\u00e1n m\u00e1s descendidas\/os en algunas \u00e1reas. Me parece maravilloso el acompa\u00f1amiento que vamos a tener desde primer a\u00f1o hasta el \u00faltimo d\u00eda cuando egresan, al ampliarse el periodo de acompa\u00f1amiento a nuestras\/os estudiantes \u00a1Me voy muy contenta! He visto a trav\u00e9s del tiempo c\u00f3mo este programa ha evolucionado positivamente, entregando m\u00e1s herramientas e insumos para que nosotras\/os las\/os orientadoras\/es podamos fortalecer el \u00e1rea de exploraci\u00f3n vocacional y acompa\u00f1ar y hacer exitoso el paso de Educaci\u00f3n Media a Educaci\u00f3n Superior\u201d, recalc\u00f3 la contraparte del LICAP.<\/p>\n<p>Estos encuentros fueron convocados y organizados en conjunto con la Seremi de Educaci\u00f3n de la Regi\u00f3n de O\u2019Higgins, a trav\u00e9s de la coordinaci\u00f3n regional PACE. \u201cHacemos un balance positivo de esta reuni\u00f3n con los 41 establecimientos educacionales que forman parte del PACE UOH. Quedaron todos los t\u00e9rminos de referencia claros, los objetivos, los lineamientos t\u00e9cnicos y el acompa\u00f1amiento, seguimiento y monitoreo e implementaci\u00f3n oportuna del PACE en la Regi\u00f3n de O\u2019Higgins\u201d, finaliz\u00f3.[\/vc_column_text][vc_zigzag color=&#8221;white&#8221;][vc_row_inner][vc_column_inner][vc_single_image image=&#8221;74409&#8243; img_size=&#8221;700&#215;450&#8243; alignment=&#8221;center&#8221; onclick=&#8221;link_image&#8221; css=&#8221;&#8221;][\/vc_column_inner][\/vc_row_inner][vc_zigzag color=&#8221;white&#8221;][\/vc_column][\/vc_row][\/vc_section][vc_section css=&#8221;.vc_custom_1650255686594{background-color: #f6faff !important;}&#8221; el_class=&#8221;p-md-0 pt-md-5&#8243;][vc_row el_class=&#8221;container mx-auto align-items-center p-md-0 pt-5 pb-5&#8243;][vc_column el_class=&#8221;pb-5&#8243;][vc_row_inner el_class=&#8221;pb-5&#8243;][vc_column_inner]<div class=\"row m-0 p-0\"><div class=\"col-12 col-md-9 pt-5 pt-md-0\"><h2 class=\"title title--decorator title--ms d-inline-block\">Te Recomendamos<\/h2><\/div><\/div><div class=\"content-holder\"><div class=\"row  swipper-news-list not--activate-hack \"><div class=\"row -wrapper\"><div class=\"  col-sm-6 col-md-4 img-article\">\n                                        <div class=\"content-news-display row m-0 p-0\"><div class=\"holder p-0 \"><div class=\"img-wrap img-wrap-news\">\n                                        <div class=\"caption__news-category\">\n                                        <a href=\"https:\/\/www.uoh.cl\/acompanamiento-estudiantil\/category\/salud-mental\/\">\n                                        Salud Mental<\/a><\/div><img decoding=\"async\" class=\"w-100 h-100 lazyload\" data-src=\"https:\/\/www.uoh.cl\/acompanamiento-estudiantil\/wp-content\/uploads\/sites\/49\/2026\/04\/\u00bfComo-acompanar-ante-situaciones-impredecibles-Psicologa-de-la-Direccion-de-Salud-Mental-UOH-destaca-validacion-de-emociones-y-solicitar-apoyo.png\" alt=\"\u00bfC\u00f3mo acompa\u00f1ar ante situaciones impredecibles?: Psic\u00f3loga de la Direcci\u00f3n de Salud Mental UOH destaca validaci\u00f3n de emociones y solicitar apoyo\" style=\"--smush-placeholder-width: 1500px; --smush-placeholder-aspect-ratio: 1500\/1000;object-fit: cover; object-position: center;\" src=\"data:image\/svg+xml;base64,PHN2ZyB3aWR0aD0iMSIgaGVpZ2h0PSIxIiB4bWxucz0iaHR0cDovL3d3dy53My5vcmcvMjAwMC9zdmciPjwvc3ZnPg==\"><\/div><\/div><div class=\"caption py-3 caption__news py-md-3 pb-md-5\">\n                                    <span class=\"caption__date\">Martes 21, Abril<\/span>\n                                     <a href=\"https:\/\/www.uoh.cl\/acompanamiento-estudiantil\/como-acompanar-ante-situaciones-impredecibles-psicologa-de-la-direccion-de-salud-mental-uoh-destaca-validacion-de-emociones-y-solicitar-apoyo\/\">\n                                    <h3 class=\"small-space\">\u00bfC\u00f3mo acompa\u00f1ar ante situaciones impredecibles?: Psic\u00f3loga de la Direcci\u00f3n de Salud Mental UOH destaca validaci\u00f3n de emociones y solicitar apoyo<\/h3><\/a>\n\n                                    <p>La Universidad de O\u2019Higgins cuenta con distintas instancias para estar presente con estudiantes y la comunidad universitaria ante hechos que afecten su bienestar emocional. <\/p>\n                                    <a class=\"link link--bold mt-md-3\" href=\"https:\/\/www.uoh.cl\/acompanamiento-estudiantil\/como-acompanar-ante-situaciones-impredecibles-psicologa-de-la-direccion-de-salud-mental-uoh-destaca-validacion-de-emociones-y-solicitar-apoyo\/\">Saber m\u00e1s <span class=\"icon icon--inline icon--link\"><svg version=\"1.1\" xmlns=\"http:\/\/www.w3.org\/2000\/svg\" xmlns:xlink=\"http:\/\/www.w3.org\/1999\/xlink\" x=\"0px\" y=\"0px\" width=\"22px\"height=\"22px\" viewBox=\"0 0 22 22\" style=\"overflow:visible;enable-background:new 0 0 80 64.6;\" xml:space=\"preserve\"><g clip-path=\"url(#acA)\"><path fill-rule=\"evenodd\" d=\"M21.913 11.266a.93.93 0 000-.711c-.022-.056-.063-.097-.091-.144s-.053-.103-.097-.15L12.306.294c-.357-.379-.955-.394-1.334-.038s-.394.955-.038 1.334l7.917 8.374H.927a.95.95 0 00-.908.983.946.946 0 00.908.908h17.924l-8.089 8.552c-.357.379-.341.977.034 1.334s.977.341 1.334-.034l9.594-10.148c.044-.044.063-.1.097-.15.028-.047.069-.088.091-.141z\"\/><\/g><defs><clipPath id=\"acA\"><path fill=\"#fff\" d=\"M0 0h22v22H0z\"\/><\/clipPath><\/defs><\/svg><\/span><\/a><\/div><\/div><\/div><div class=\"  col-sm-6 col-md-4 img-article\">\n                                        <div class=\"content-news-display row m-0 p-0\"><div class=\"holder p-0 \"><div class=\"img-wrap img-wrap-news\">\n                                        <div class=\"caption__news-category\">\n                                        <a href=\"https:\/\/www.uoh.cl\/acompanamiento-estudiantil\/category\/cuech\/\">\n                                        CUECH<\/a><\/div><img decoding=\"async\" class=\"w-100 h-100 lazyload\" data-src=\"https:\/\/www.uoh.cl\/acompanamiento-estudiantil\/wp-content\/uploads\/sites\/49\/2026\/04\/DSC_2431-scaled.jpg\" alt=\"Universidades estatales sellan hoja de ruta 2030: Red Desarrollo Sustentable entra en fase de consolidaci\u00f3n\" style=\"--smush-placeholder-width: 2560px; --smush-placeholder-aspect-ratio: 2560\/1707;object-fit: cover; object-position: center;\" src=\"data:image\/svg+xml;base64,PHN2ZyB3aWR0aD0iMSIgaGVpZ2h0PSIxIiB4bWxucz0iaHR0cDovL3d3dy53My5vcmcvMjAwMC9zdmciPjwvc3ZnPg==\"><\/div><\/div><div class=\"caption py-3 caption__news py-md-3 pb-md-5\">\n                                    <span class=\"caption__date\">Mi\u00e9rcoles 15, Abril<\/span>\n                                     <a href=\"https:\/\/www.uoh.cl\/acompanamiento-estudiantil\/universidades-estatales-sellan-hoja-de-ruta-2030-red-desarrollo-sustentable-entra-en-fase-de-consolidacion\/\">\n                                    <h3 class=\"small-space\">Universidades estatales sellan hoja de ruta 2030: Red Desarrollo Sustentable entra en fase de consolidaci\u00f3n<\/h3><\/a>\n\n                                    <p>En el Plenario realizado en la Universidad de O'Higgins, los 18 planteles p\u00fablicos definieron sus metas estrat\u00e9gicas para el periodo 2026-2030. El plan priorizar\u00e1 la institucionalizaci\u00f3n de capacidades, un diplomado para organismos p\u00fablicos y la medici\u00f3n de la huella h\u00eddrica en los campus.<\/p>\n                                    <a class=\"link link--bold mt-md-3\" href=\"https:\/\/www.uoh.cl\/acompanamiento-estudiantil\/universidades-estatales-sellan-hoja-de-ruta-2030-red-desarrollo-sustentable-entra-en-fase-de-consolidacion\/\">Saber m\u00e1s <span class=\"icon icon--inline icon--link\"><svg version=\"1.1\" xmlns=\"http:\/\/www.w3.org\/2000\/svg\" xmlns:xlink=\"http:\/\/www.w3.org\/1999\/xlink\" x=\"0px\" y=\"0px\" width=\"22px\"height=\"22px\" viewBox=\"0 0 22 22\" style=\"overflow:visible;enable-background:new 0 0 80 64.6;\" xml:space=\"preserve\"><g clip-path=\"url(#acA)\"><path fill-rule=\"evenodd\" d=\"M21.913 11.266a.93.93 0 000-.711c-.022-.056-.063-.097-.091-.144s-.053-.103-.097-.15L12.306.294c-.357-.379-.955-.394-1.334-.038s-.394.955-.038 1.334l7.917 8.374H.927a.95.95 0 00-.908.983.946.946 0 00.908.908h17.924l-8.089 8.552c-.357.379-.341.977.034 1.334s.977.341 1.334-.034l9.594-10.148c.044-.044.063-.1.097-.15.028-.047.069-.088.091-.141z\"\/><\/g><defs><clipPath id=\"acA\"><path fill=\"#fff\" d=\"M0 0h22v22H0z\"\/><\/clipPath><\/defs><\/svg><\/span><\/a><\/div><\/div><\/div><div class=\"  col-sm-6 col-md-4 img-article\">\n                                        <div class=\"content-news-display row m-0 p-0\"><div class=\"holder p-0 \"><div class=\"img-wrap img-wrap-news\">\n                                        <div class=\"caption__news-category\">\n                                        <a href=\"https:\/\/www.uoh.cl\/acompanamiento-estudiantil\/category\/inclusion\/\">\n                                        Inclusi\u00f3n<\/a><\/div><img decoding=\"async\" class=\"w-100 h-100 lazyload\" data-src=\"https:\/\/www.uoh.cl\/acompanamiento-estudiantil\/wp-content\/uploads\/sites\/49\/2026\/04\/La-transformacion-de-contextos-como-desafio-para-la-inclusion-de-estudiantes-dentro-del-espectro-Autista.png\" alt=\"La transformaci\u00f3n de contextos como desaf\u00edo para la inclusi\u00f3n de estudiantes dentro del espectro Autista\" style=\"--smush-placeholder-width: 1500px; --smush-placeholder-aspect-ratio: 1500\/1000;object-fit: cover; object-position: center;\" src=\"data:image\/svg+xml;base64,PHN2ZyB3aWR0aD0iMSIgaGVpZ2h0PSIxIiB4bWxucz0iaHR0cDovL3d3dy53My5vcmcvMjAwMC9zdmciPjwvc3ZnPg==\"><\/div><\/div><div class=\"caption py-3 caption__news py-md-3 pb-md-5\">\n                                    <span class=\"caption__date\">Martes 7, Abril<\/span>\n                                     <a href=\"https:\/\/www.uoh.cl\/acompanamiento-estudiantil\/la-transformacion-de-contextos-como-desafio-para-la-inclusion-de-estudiantes-dentro-del-espectro-autista\/\">\n                                    <h3 class=\"small-space\">La transformaci\u00f3n de contextos como desaf\u00edo para la inclusi\u00f3n de estudiantes dentro del espectro Autista<\/h3><\/a>\n\n                                    <p>Juan Andr\u00e9s Pino, terapeuta ocupacional y acad\u00e9mico del Instituto de Ciencias de la Salud UOH, reflexiona sobre el D\u00eda de la Concienciaci\u00f3n del Autismo, desde la perspectiva de las acciones que se pueden realizar para su acompa\u00f1amiento en la Educaci\u00f3n Superior.<\/p>\n                                    <a class=\"link link--bold mt-md-3\" href=\"https:\/\/www.uoh.cl\/acompanamiento-estudiantil\/la-transformacion-de-contextos-como-desafio-para-la-inclusion-de-estudiantes-dentro-del-espectro-autista\/\">Saber m\u00e1s <span class=\"icon icon--inline icon--link\"><svg version=\"1.1\" xmlns=\"http:\/\/www.w3.org\/2000\/svg\" xmlns:xlink=\"http:\/\/www.w3.org\/1999\/xlink\" x=\"0px\" y=\"0px\" width=\"22px\"height=\"22px\" viewBox=\"0 0 22 22\" style=\"overflow:visible;enable-background:new 0 0 80 64.6;\" xml:space=\"preserve\"><g clip-path=\"url(#acA)\"><path fill-rule=\"evenodd\" d=\"M21.913 11.266a.93.93 0 000-.711c-.022-.056-.063-.097-.091-.144s-.053-.103-.097-.15L12.306.294c-.357-.379-.955-.394-1.334-.038s-.394.955-.038 1.334l7.917 8.374H.927a.95.95 0 00-.908.983.946.946 0 00.908.908h17.924l-8.089 8.552c-.357.379-.341.977.034 1.334s.977.341 1.334-.034l9.594-10.148c.044-.044.063-.1.097-.15.028-.047.069-.088.091-.141z\"\/><\/g><defs><clipPath id=\"acA\"><path fill=\"#fff\" d=\"M0 0h22v22H0z\"\/><\/clipPath><\/defs><\/svg><\/span><\/a><\/div><\/div><\/div><\/div><\/div><\/div><div class=\"pagination justify-content-center my-5\"><span aria-current=\"page\" class=\"page-numbers current\">1<\/span>\n<a class=\"page-numbers\" href=\"https:\/\/www.uoh.cl\/acompanamiento-estudiantil\/wp-json\/wp\/v2\/posts\/623\/\/page\/2\">2<\/a>\n<a class=\"page-numbers\" href=\"https:\/\/www.uoh.cl\/acompanamiento-estudiantil\/wp-json\/wp\/v2\/posts\/623\/\/page\/3\">3<\/a>\n<span class=\"page-numbers dots\">&hellip;<\/span>\n<a class=\"page-numbers\" href=\"https:\/\/www.uoh.cl\/acompanamiento-estudiantil\/wp-json\/wp\/v2\/posts\/623\/\/page\/25\">25<\/a>\n<a class=\"next page-numbers\" href=\"https:\/\/www.uoh.cl\/acompanamiento-estudiantil\/wp-json\/wp\/v2\/posts\/623\/\/page\/2\"><div class=\"icon-pagination-next\"> <?xml version=\"1.0\" ?><svg viewBox=\"0 0 96 96\" xmlns=\"http:\/\/www.w3.org\/2000\/svg\"><title\/><path d=\"M39.3756,48.0022l30.47-25.39a6.0035,6.0035,0,0,0-7.6878-9.223L26.1563,43.3906a6.0092,6.0092,0,0,0,0,9.2231L62.1578,82.615a6.0035,6.0035,0,0,0,7.6878-9.2231Z\"\/><\/svg> <\/div><\/a><\/div>[\/vc_column_inner][\/vc_row_inner][\/vc_column][\/vc_row][\/vc_section]<\/p>\n<\/div>","protected":false},"excerpt":{"rendered":"<p>Los encuentros se realizaron en los campus Rancagua y Colchagua, y en la Biblioteca Municipal de Marchig\u00fce, junto a las contrapartes, quienes determinaron qu\u00e9 habilidades trabajar\u00e1n en sus liceos durante el a\u00f1o.<\/p>\n","protected":false},"author":34,"featured_media":624,"comment_status":"open","ping_status":"open","sticky":false,"template":"","format":"standard","meta":{"_acf_changed":false,"footnotes":""},"categories":[4],"tags":[],"class_list":["post-623","post","type-post","status-publish","format-standard","has-post-thumbnail","hentry","category-pace"],"acf":[],"yoast_head":"<!-- This site is optimized with the Yoast SEO plugin v26.6 - https:\/\/yoast.com\/wordpress\/plugins\/seo\/ -->\n<title>PACE UOH reuni\u00f3 a establecimientos adscritos en la Regi\u00f3n de O\u2019Higgins para dar a conocer novedades y lineamientos 2026 - Unidad de Acompa\u00f1amiento Estudiantil<\/title>\n<meta name=\"description\" content=\"Los encuentros se realizaron en los campus Rancagua y Colchagua, y en la Biblioteca Municipal de Marchig\u00fce, junto a las contrapartes, quienes determinaron qu\u00e9 habilidades trabajar\u00e1n en sus liceos durante el a\u00f1o.\" \/>\n<meta name=\"robots\" content=\"noindex, nofollow\" \/>\n<meta property=\"og:locale\" content=\"es_ES\" \/>\n<meta property=\"og:type\" content=\"article\" \/>\n<meta property=\"og:title\" content=\"PACE UOH reuni\u00f3 a establecimientos adscritos en la Regi\u00f3n de O\u2019Higgins para dar a conocer novedades y lineamientos 2026 - Unidad de Acompa\u00f1amiento Estudiantil\" \/>\n<meta property=\"og:description\" content=\"Los encuentros se realizaron en los campus Rancagua y Colchagua, y en la Biblioteca Municipal de Marchig\u00fce, junto a las contrapartes, quienes determinaron qu\u00e9 habilidades trabajar\u00e1n en sus liceos durante el a\u00f1o.\" \/>\n<meta property=\"og:url\" content=\"https:\/\/www.uoh.cl\/acompanamiento-estudiantil\/pace-uoh-reunio-a-establecimientos-adscritos-en-la-region-de-ohiggins-para-dar-a-conocer-novedades-y-lineamientos-2026\/\" \/>\n<meta property=\"og:site_name\" content=\"Unidad de Acompa\u00f1amiento Estudiantil\" \/>\n<meta property=\"article:published_time\" content=\"2026-03-11T12:18:47+00:00\" \/>\n<meta property=\"og:image\" content=\"https:\/\/www.uoh.cl\/acompanamiento-estudiantil\/wp-content\/uploads\/sites\/49\/2026\/03\/PACE-UOH-reunio-a-establecimientos-adscritos-en-la-Region-de-OHiggins-para-dar-a-conocer-novedades-y-lineamientos-2026.png\" \/>\n\t<meta property=\"og:image:width\" content=\"1500\" \/>\n\t<meta property=\"og:image:height\" content=\"1000\" \/>\n\t<meta property=\"og:image:type\" content=\"image\/png\" \/>\n<meta name=\"author\" content=\"Universidad de O&#039;Higgins\" \/>\n<meta name=\"twitter:card\" content=\"summary_large_image\" \/>\n<meta name=\"twitter:label1\" content=\"Escrito por\" \/>\n\t<meta name=\"twitter:data1\" content=\"Universidad de O&#039;Higgins\" \/>\n\t<meta name=\"twitter:label2\" content=\"Tiempo estimado de lectura\" \/>\n\t<meta name=\"twitter:data2\" content=\"4 minutos\" \/>\n<script type=\"application\/ld+json\" class=\"yoast-schema-graph\">{\"@context\":\"https:\/\/schema.org\",\"@graph\":[{\"@type\":\"Article\",\"@id\":\"https:\/\/www.uoh.cl\/acompanamiento-estudiantil\/pace-uoh-reunio-a-establecimientos-adscritos-en-la-region-de-ohiggins-para-dar-a-conocer-novedades-y-lineamientos-2026\/#article\",\"isPartOf\":{\"@id\":\"https:\/\/www.uoh.cl\/acompanamiento-estudiantil\/pace-uoh-reunio-a-establecimientos-adscritos-en-la-region-de-ohiggins-para-dar-a-conocer-novedades-y-lineamientos-2026\/\"},\"author\":{\"name\":\"Universidad de O'Higgins\",\"@id\":\"https:\/\/www.uoh.cl\/acompanamiento-estudiantil\/#\/schema\/person\/ea242e676c7d6d7e46fc8b9e39486c4f\"},\"headline\":\"PACE UOH reuni\u00f3 a establecimientos adscritos en la Regi\u00f3n de O\u2019Higgins para dar a conocer novedades y lineamientos 2026\",\"datePublished\":\"2026-03-11T12:18:47+00:00\",\"mainEntityOfPage\":{\"@id\":\"https:\/\/www.uoh.cl\/acompanamiento-estudiantil\/pace-uoh-reunio-a-establecimientos-adscritos-en-la-region-de-ohiggins-para-dar-a-conocer-novedades-y-lineamientos-2026\/\"},\"wordCount\":996,\"commentCount\":0,\"publisher\":{\"@id\":\"https:\/\/www.uoh.cl\/acompanamiento-estudiantil\/#organization\"},\"image\":{\"@id\":\"https:\/\/www.uoh.cl\/acompanamiento-estudiantil\/pace-uoh-reunio-a-establecimientos-adscritos-en-la-region-de-ohiggins-para-dar-a-conocer-novedades-y-lineamientos-2026\/#primaryimage\"},\"thumbnailUrl\":\"https:\/\/www.uoh.cl\/acompanamiento-estudiantil\/wp-content\/uploads\/sites\/49\/2026\/03\/PACE-UOH-reunio-a-establecimientos-adscritos-en-la-Region-de-OHiggins-para-dar-a-conocer-novedades-y-lineamientos-2026.png\",\"articleSection\":[\"PACE\"],\"inLanguage\":\"es-CL\",\"potentialAction\":[{\"@type\":\"CommentAction\",\"name\":\"Comment\",\"target\":[\"https:\/\/www.uoh.cl\/acompanamiento-estudiantil\/pace-uoh-reunio-a-establecimientos-adscritos-en-la-region-de-ohiggins-para-dar-a-conocer-novedades-y-lineamientos-2026\/#respond\"]}]},{\"@type\":\"WebPage\",\"@id\":\"https:\/\/www.uoh.cl\/acompanamiento-estudiantil\/pace-uoh-reunio-a-establecimientos-adscritos-en-la-region-de-ohiggins-para-dar-a-conocer-novedades-y-lineamientos-2026\/\",\"url\":\"https:\/\/www.uoh.cl\/acompanamiento-estudiantil\/pace-uoh-reunio-a-establecimientos-adscritos-en-la-region-de-ohiggins-para-dar-a-conocer-novedades-y-lineamientos-2026\/\",\"name\":\"PACE UOH reuni\u00f3 a establecimientos adscritos en la Regi\u00f3n de O\u2019Higgins para dar a conocer novedades y lineamientos 2026 - Unidad de Acompa\u00f1amiento Estudiantil\",\"isPartOf\":{\"@id\":\"https:\/\/www.uoh.cl\/acompanamiento-estudiantil\/#website\"},\"primaryImageOfPage\":{\"@id\":\"https:\/\/www.uoh.cl\/acompanamiento-estudiantil\/pace-uoh-reunio-a-establecimientos-adscritos-en-la-region-de-ohiggins-para-dar-a-conocer-novedades-y-lineamientos-2026\/#primaryimage\"},\"image\":{\"@id\":\"https:\/\/www.uoh.cl\/acompanamiento-estudiantil\/pace-uoh-reunio-a-establecimientos-adscritos-en-la-region-de-ohiggins-para-dar-a-conocer-novedades-y-lineamientos-2026\/#primaryimage\"},\"thumbnailUrl\":\"https:\/\/www.uoh.cl\/acompanamiento-estudiantil\/wp-content\/uploads\/sites\/49\/2026\/03\/PACE-UOH-reunio-a-establecimientos-adscritos-en-la-Region-de-OHiggins-para-dar-a-conocer-novedades-y-lineamientos-2026.png\",\"datePublished\":\"2026-03-11T12:18:47+00:00\",\"description\":\"Los encuentros se realizaron en los campus Rancagua y Colchagua, y en la Biblioteca Municipal de Marchig\u00fce, junto a las contrapartes, quienes determinaron qu\u00e9 habilidades trabajar\u00e1n en sus liceos durante el a\u00f1o.\",\"breadcrumb\":{\"@id\":\"https:\/\/www.uoh.cl\/acompanamiento-estudiantil\/pace-uoh-reunio-a-establecimientos-adscritos-en-la-region-de-ohiggins-para-dar-a-conocer-novedades-y-lineamientos-2026\/#breadcrumb\"},\"inLanguage\":\"es-CL\",\"potentialAction\":[{\"@type\":\"ReadAction\",\"target\":[\"https:\/\/www.uoh.cl\/acompanamiento-estudiantil\/pace-uoh-reunio-a-establecimientos-adscritos-en-la-region-de-ohiggins-para-dar-a-conocer-novedades-y-lineamientos-2026\/\"]}]},{\"@type\":\"ImageObject\",\"inLanguage\":\"es-CL\",\"@id\":\"https:\/\/www.uoh.cl\/acompanamiento-estudiantil\/pace-uoh-reunio-a-establecimientos-adscritos-en-la-region-de-ohiggins-para-dar-a-conocer-novedades-y-lineamientos-2026\/#primaryimage\",\"url\":\"https:\/\/www.uoh.cl\/acompanamiento-estudiantil\/wp-content\/uploads\/sites\/49\/2026\/03\/PACE-UOH-reunio-a-establecimientos-adscritos-en-la-Region-de-OHiggins-para-dar-a-conocer-novedades-y-lineamientos-2026.png\",\"contentUrl\":\"https:\/\/www.uoh.cl\/acompanamiento-estudiantil\/wp-content\/uploads\/sites\/49\/2026\/03\/PACE-UOH-reunio-a-establecimientos-adscritos-en-la-Region-de-OHiggins-para-dar-a-conocer-novedades-y-lineamientos-2026.png\",\"width\":1500,\"height\":1000},{\"@type\":\"BreadcrumbList\",\"@id\":\"https:\/\/www.uoh.cl\/acompanamiento-estudiantil\/pace-uoh-reunio-a-establecimientos-adscritos-en-la-region-de-ohiggins-para-dar-a-conocer-novedades-y-lineamientos-2026\/#breadcrumb\",\"itemListElement\":[{\"@type\":\"ListItem\",\"position\":1,\"name\":\"Portada\",\"item\":\"https:\/\/www.uoh.cl\/acompanamiento-estudiantil\/\"},{\"@type\":\"ListItem\",\"position\":2,\"name\":\"PACE UOH reuni\u00f3 a establecimientos adscritos en la Regi\u00f3n de O\u2019Higgins para dar a conocer novedades y lineamientos 2026\"}]},{\"@type\":\"WebSite\",\"@id\":\"https:\/\/www.uoh.cl\/acompanamiento-estudiantil\/#website\",\"url\":\"https:\/\/www.uoh.cl\/acompanamiento-estudiantil\/\",\"name\":\"Unidad de Acompa\u00f1amiento Estudiantil\",\"description\":\"\",\"publisher\":{\"@id\":\"https:\/\/www.uoh.cl\/acompanamiento-estudiantil\/#organization\"},\"potentialAction\":[{\"@type\":\"SearchAction\",\"target\":{\"@type\":\"EntryPoint\",\"urlTemplate\":\"https:\/\/www.uoh.cl\/acompanamiento-estudiantil\/?s={search_term_string}\"},\"query-input\":{\"@type\":\"PropertyValueSpecification\",\"valueRequired\":true,\"valueName\":\"search_term_string\"}}],\"inLanguage\":\"es-CL\"},{\"@type\":\"Organization\",\"@id\":\"https:\/\/www.uoh.cl\/acompanamiento-estudiantil\/#organization\",\"name\":\"Unidad de Acompa\u00f1amiento Estudiantil\",\"url\":\"https:\/\/www.uoh.cl\/acompanamiento-estudiantil\/\",\"logo\":{\"@type\":\"ImageObject\",\"inLanguage\":\"es-CL\",\"@id\":\"https:\/\/www.uoh.cl\/acompanamiento-estudiantil\/#\/schema\/logo\/image\/\",\"url\":\"https:\/\/www.uoh.cl\/acompanamiento-estudiantil\/wp-content\/uploads\/sites\/49\/2024\/05\/UOHUAE.svg\",\"contentUrl\":\"https:\/\/www.uoh.cl\/acompanamiento-estudiantil\/wp-content\/uploads\/sites\/49\/2024\/05\/UOHUAE.svg\",\"caption\":\"Unidad de Acompa\u00f1amiento Estudiantil\"},\"image\":{\"@id\":\"https:\/\/www.uoh.cl\/acompanamiento-estudiantil\/#\/schema\/logo\/image\/\"}},{\"@type\":\"Person\",\"@id\":\"https:\/\/www.uoh.cl\/acompanamiento-estudiantil\/#\/schema\/person\/ea242e676c7d6d7e46fc8b9e39486c4f\",\"name\":\"Universidad de O'Higgins\",\"image\":{\"@type\":\"ImageObject\",\"inLanguage\":\"es-CL\",\"@id\":\"https:\/\/www.uoh.cl\/acompanamiento-estudiantil\/#\/schema\/person\/image\/\",\"url\":\"https:\/\/secure.gravatar.com\/avatar\/78fcb76ca05efae11fd355943c01a832a29786cc00d85b1a82c301bea2b2a214?s=96&d=mm&r=g\",\"contentUrl\":\"https:\/\/secure.gravatar.com\/avatar\/78fcb76ca05efae11fd355943c01a832a29786cc00d85b1a82c301bea2b2a214?s=96&d=mm&r=g\",\"caption\":\"Universidad de O'Higgins\"},\"url\":\"https:\/\/www.uoh.cl\/acompanamiento-estudiantil\/author\/mayordomo\/\"}]}<\/script>\n<!-- \/ Yoast SEO plugin. -->","yoast_head_json":{"title":"PACE UOH reuni\u00f3 a establecimientos adscritos en la Regi\u00f3n de O\u2019Higgins para dar a conocer novedades y lineamientos 2026 - Unidad de Acompa\u00f1amiento Estudiantil","description":"Los encuentros se realizaron en los campus Rancagua y Colchagua, y en la Biblioteca Municipal de Marchig\u00fce, junto a las contrapartes, quienes determinaron qu\u00e9 habilidades trabajar\u00e1n en sus liceos durante el a\u00f1o.","robots":{"index":"noindex","follow":"nofollow"},"og_locale":"es_ES","og_type":"article","og_title":"PACE UOH reuni\u00f3 a establecimientos adscritos en la Regi\u00f3n de O\u2019Higgins para dar a conocer novedades y lineamientos 2026 - Unidad de Acompa\u00f1amiento Estudiantil","og_description":"Los encuentros se realizaron en los campus Rancagua y Colchagua, y en la Biblioteca Municipal de Marchig\u00fce, junto a las contrapartes, quienes determinaron qu\u00e9 habilidades trabajar\u00e1n en sus liceos durante el a\u00f1o.","og_url":"https:\/\/www.uoh.cl\/acompanamiento-estudiantil\/pace-uoh-reunio-a-establecimientos-adscritos-en-la-region-de-ohiggins-para-dar-a-conocer-novedades-y-lineamientos-2026\/","og_site_name":"Unidad de Acompa\u00f1amiento Estudiantil","article_published_time":"2026-03-11T12:18:47+00:00","og_image":[{"width":1500,"height":1000,"url":"https:\/\/www.uoh.cl\/acompanamiento-estudiantil\/wp-content\/uploads\/sites\/49\/2026\/03\/PACE-UOH-reunio-a-establecimientos-adscritos-en-la-Region-de-OHiggins-para-dar-a-conocer-novedades-y-lineamientos-2026.png","type":"image\/png"}],"author":"Universidad de O'Higgins","twitter_card":"summary_large_image","twitter_misc":{"Escrito por":"Universidad de O'Higgins","Tiempo estimado de lectura":"4 minutos"},"schema":{"@context":"https:\/\/schema.org","@graph":[{"@type":"Article","@id":"https:\/\/www.uoh.cl\/acompanamiento-estudiantil\/pace-uoh-reunio-a-establecimientos-adscritos-en-la-region-de-ohiggins-para-dar-a-conocer-novedades-y-lineamientos-2026\/#article","isPartOf":{"@id":"https:\/\/www.uoh.cl\/acompanamiento-estudiantil\/pace-uoh-reunio-a-establecimientos-adscritos-en-la-region-de-ohiggins-para-dar-a-conocer-novedades-y-lineamientos-2026\/"},"author":{"name":"Universidad de O'Higgins","@id":"https:\/\/www.uoh.cl\/acompanamiento-estudiantil\/#\/schema\/person\/ea242e676c7d6d7e46fc8b9e39486c4f"},"headline":"PACE UOH reuni\u00f3 a establecimientos adscritos en la Regi\u00f3n de O\u2019Higgins para dar a conocer novedades y lineamientos 2026","datePublished":"2026-03-11T12:18:47+00:00","mainEntityOfPage":{"@id":"https:\/\/www.uoh.cl\/acompanamiento-estudiantil\/pace-uoh-reunio-a-establecimientos-adscritos-en-la-region-de-ohiggins-para-dar-a-conocer-novedades-y-lineamientos-2026\/"},"wordCount":996,"commentCount":0,"publisher":{"@id":"https:\/\/www.uoh.cl\/acompanamiento-estudiantil\/#organization"},"image":{"@id":"https:\/\/www.uoh.cl\/acompanamiento-estudiantil\/pace-uoh-reunio-a-establecimientos-adscritos-en-la-region-de-ohiggins-para-dar-a-conocer-novedades-y-lineamientos-2026\/#primaryimage"},"thumbnailUrl":"https:\/\/www.uoh.cl\/acompanamiento-estudiantil\/wp-content\/uploads\/sites\/49\/2026\/03\/PACE-UOH-reunio-a-establecimientos-adscritos-en-la-Region-de-OHiggins-para-dar-a-conocer-novedades-y-lineamientos-2026.png","articleSection":["PACE"],"inLanguage":"es-CL","potentialAction":[{"@type":"CommentAction","name":"Comment","target":["https:\/\/www.uoh.cl\/acompanamiento-estudiantil\/pace-uoh-reunio-a-establecimientos-adscritos-en-la-region-de-ohiggins-para-dar-a-conocer-novedades-y-lineamientos-2026\/#respond"]}]},{"@type":"WebPage","@id":"https:\/\/www.uoh.cl\/acompanamiento-estudiantil\/pace-uoh-reunio-a-establecimientos-adscritos-en-la-region-de-ohiggins-para-dar-a-conocer-novedades-y-lineamientos-2026\/","url":"https:\/\/www.uoh.cl\/acompanamiento-estudiantil\/pace-uoh-reunio-a-establecimientos-adscritos-en-la-region-de-ohiggins-para-dar-a-conocer-novedades-y-lineamientos-2026\/","name":"PACE UOH reuni\u00f3 a establecimientos adscritos en la Regi\u00f3n de O\u2019Higgins para dar a conocer novedades y lineamientos 2026 - Unidad de Acompa\u00f1amiento Estudiantil","isPartOf":{"@id":"https:\/\/www.uoh.cl\/acompanamiento-estudiantil\/#website"},"primaryImageOfPage":{"@id":"https:\/\/www.uoh.cl\/acompanamiento-estudiantil\/pace-uoh-reunio-a-establecimientos-adscritos-en-la-region-de-ohiggins-para-dar-a-conocer-novedades-y-lineamientos-2026\/#primaryimage"},"image":{"@id":"https:\/\/www.uoh.cl\/acompanamiento-estudiantil\/pace-uoh-reunio-a-establecimientos-adscritos-en-la-region-de-ohiggins-para-dar-a-conocer-novedades-y-lineamientos-2026\/#primaryimage"},"thumbnailUrl":"https:\/\/www.uoh.cl\/acompanamiento-estudiantil\/wp-content\/uploads\/sites\/49\/2026\/03\/PACE-UOH-reunio-a-establecimientos-adscritos-en-la-Region-de-OHiggins-para-dar-a-conocer-novedades-y-lineamientos-2026.png","datePublished":"2026-03-11T12:18:47+00:00","description":"Los encuentros se realizaron en los campus Rancagua y Colchagua, y en la Biblioteca Municipal de Marchig\u00fce, junto a las contrapartes, quienes determinaron qu\u00e9 habilidades trabajar\u00e1n en sus liceos durante el a\u00f1o.","breadcrumb":{"@id":"https:\/\/www.uoh.cl\/acompanamiento-estudiantil\/pace-uoh-reunio-a-establecimientos-adscritos-en-la-region-de-ohiggins-para-dar-a-conocer-novedades-y-lineamientos-2026\/#breadcrumb"},"inLanguage":"es-CL","potentialAction":[{"@type":"ReadAction","target":["https:\/\/www.uoh.cl\/acompanamiento-estudiantil\/pace-uoh-reunio-a-establecimientos-adscritos-en-la-region-de-ohiggins-para-dar-a-conocer-novedades-y-lineamientos-2026\/"]}]},{"@type":"ImageObject","inLanguage":"es-CL","@id":"https:\/\/www.uoh.cl\/acompanamiento-estudiantil\/pace-uoh-reunio-a-establecimientos-adscritos-en-la-region-de-ohiggins-para-dar-a-conocer-novedades-y-lineamientos-2026\/#primaryimage","url":"https:\/\/www.uoh.cl\/acompanamiento-estudiantil\/wp-content\/uploads\/sites\/49\/2026\/03\/PACE-UOH-reunio-a-establecimientos-adscritos-en-la-Region-de-OHiggins-para-dar-a-conocer-novedades-y-lineamientos-2026.png","contentUrl":"https:\/\/www.uoh.cl\/acompanamiento-estudiantil\/wp-content\/uploads\/sites\/49\/2026\/03\/PACE-UOH-reunio-a-establecimientos-adscritos-en-la-Region-de-OHiggins-para-dar-a-conocer-novedades-y-lineamientos-2026.png","width":1500,"height":1000},{"@type":"BreadcrumbList","@id":"https:\/\/www.uoh.cl\/acompanamiento-estudiantil\/pace-uoh-reunio-a-establecimientos-adscritos-en-la-region-de-ohiggins-para-dar-a-conocer-novedades-y-lineamientos-2026\/#breadcrumb","itemListElement":[{"@type":"ListItem","position":1,"name":"Portada","item":"https:\/\/www.uoh.cl\/acompanamiento-estudiantil\/"},{"@type":"ListItem","position":2,"name":"PACE UOH reuni\u00f3 a establecimientos adscritos en la Regi\u00f3n de O\u2019Higgins para dar a conocer novedades y lineamientos 2026"}]},{"@type":"WebSite","@id":"https:\/\/www.uoh.cl\/acompanamiento-estudiantil\/#website","url":"https:\/\/www.uoh.cl\/acompanamiento-estudiantil\/","name":"Unidad de Acompa\u00f1amiento Estudiantil","description":"","publisher":{"@id":"https:\/\/www.uoh.cl\/acompanamiento-estudiantil\/#organization"},"potentialAction":[{"@type":"SearchAction","target":{"@type":"EntryPoint","urlTemplate":"https:\/\/www.uoh.cl\/acompanamiento-estudiantil\/?s={search_term_string}"},"query-input":{"@type":"PropertyValueSpecification","valueRequired":true,"valueName":"search_term_string"}}],"inLanguage":"es-CL"},{"@type":"Organization","@id":"https:\/\/www.uoh.cl\/acompanamiento-estudiantil\/#organization","name":"Unidad de Acompa\u00f1amiento Estudiantil","url":"https:\/\/www.uoh.cl\/acompanamiento-estudiantil\/","logo":{"@type":"ImageObject","inLanguage":"es-CL","@id":"https:\/\/www.uoh.cl\/acompanamiento-estudiantil\/#\/schema\/logo\/image\/","url":"https:\/\/www.uoh.cl\/acompanamiento-estudiantil\/wp-content\/uploads\/sites\/49\/2024\/05\/UOHUAE.svg","contentUrl":"https:\/\/www.uoh.cl\/acompanamiento-estudiantil\/wp-content\/uploads\/sites\/49\/2024\/05\/UOHUAE.svg","caption":"Unidad de Acompa\u00f1amiento Estudiantil"},"image":{"@id":"https:\/\/www.uoh.cl\/acompanamiento-estudiantil\/#\/schema\/logo\/image\/"}},{"@type":"Person","@id":"https:\/\/www.uoh.cl\/acompanamiento-estudiantil\/#\/schema\/person\/ea242e676c7d6d7e46fc8b9e39486c4f","name":"Universidad de O'Higgins","image":{"@type":"ImageObject","inLanguage":"es-CL","@id":"https:\/\/www.uoh.cl\/acompanamiento-estudiantil\/#\/schema\/person\/image\/","url":"https:\/\/secure.gravatar.com\/avatar\/78fcb76ca05efae11fd355943c01a832a29786cc00d85b1a82c301bea2b2a214?s=96&d=mm&r=g","contentUrl":"https:\/\/secure.gravatar.com\/avatar\/78fcb76ca05efae11fd355943c01a832a29786cc00d85b1a82c301bea2b2a214?s=96&d=mm&r=g","caption":"Universidad de O'Higgins"},"url":"https:\/\/www.uoh.cl\/acompanamiento-estudiantil\/author\/mayordomo\/"}]}},"_links":{"self":[{"href":"https:\/\/www.uoh.cl\/acompanamiento-estudiantil\/wp-json\/wp\/v2\/posts\/623","targetHints":{"allow":["GET"]}}],"collection":[{"href":"https:\/\/www.uoh.cl\/acompanamiento-estudiantil\/wp-json\/wp\/v2\/posts"}],"about":[{"href":"https:\/\/www.uoh.cl\/acompanamiento-estudiantil\/wp-json\/wp\/v2\/types\/post"}],"author":[{"embeddable":true,"href":"https:\/\/www.uoh.cl\/acompanamiento-estudiantil\/wp-json\/wp\/v2\/users\/34"}],"replies":[{"embeddable":true,"href":"https:\/\/www.uoh.cl\/acompanamiento-estudiantil\/wp-json\/wp\/v2\/comments?post=623"}],"version-history":[{"count":0,"href":"https:\/\/www.uoh.cl\/acompanamiento-estudiantil\/wp-json\/wp\/v2\/posts\/623\/revisions"}],"wp:featuredmedia":[{"embeddable":true,"href":"https:\/\/www.uoh.cl\/acompanamiento-estudiantil\/wp-json\/wp\/v2\/media\/624"}],"wp:attachment":[{"href":"https:\/\/www.uoh.cl\/acompanamiento-estudiantil\/wp-json\/wp\/v2\/media?parent=623"}],"wp:term":[{"taxonomy":"category","embeddable":true,"href":"https:\/\/www.uoh.cl\/acompanamiento-estudiantil\/wp-json\/wp\/v2\/categories?post=623"},{"taxonomy":"post_tag","embeddable":true,"href":"https:\/\/www.uoh.cl\/acompanamiento-estudiantil\/wp-json\/wp\/v2\/tags?post=623"}],"curies":[{"name":"wp","href":"https:\/\/api.w.org\/{rel}","templated":true}]}}