
{"id":419,"date":"2025-04-03T13:46:51","date_gmt":"2025-04-03T16:46:51","guid":{"rendered":"https:\/\/www.uoh.cl\/acompanamiento-estudiantil\/pace-uoh-recorrio-la-region-de-ohiggins-conociendo-a-las-comunidades-educativas-y-a-las-os-estudiantes-de-los-11-nuevos-liceos-adscritos-al-programa\/"},"modified":"2025-04-03T14:47:23","modified_gmt":"2025-04-03T17:47:23","slug":"pace-uoh-recorrio-la-region-de-ohiggins-conociendo-a-las-comunidades-educativas-y-a-las-os-estudiantes-de-los-11-nuevos-liceos-adscritos-al-programa","status":"publish","type":"post","link":"https:\/\/www.uoh.cl\/acompanamiento-estudiantil\/pace-uoh-recorrio-la-region-de-ohiggins-conociendo-a-las-comunidades-educativas-y-a-las-os-estudiantes-de-los-11-nuevos-liceos-adscritos-al-programa\/","title":{"rendered":"PACE UOH recorri\u00f3 la Regi\u00f3n de O\u2019Higgins, conociendo a las comunidades educativas y a las\/os estudiantes de los 11 nuevos liceos adscritos al programa"},"content":{"rendered":"<div class=\"wpb-content-wrapper\"><p>[vc_section el_class=&#8221;container mx-auto align-items-center circle&#8211;pattern&#8221; css=&#8221;.vc_custom_1648956589196{padding-top: 3rem !important;}&#8221;][vc_row][vc_column]<div class=\"breadcrumb\"><ol itemscope itemtype=\"https:\/\/schema.org\/BreadcrumbList\"><li itemprop=\"itemListElement\" itemscope itemtype=\"https:\/\/schema.org\/ListItem\"><a itemprop=\"item\" href=\"http:\/\/www.uoh.cl\"><span itemprop=\"name\">Inicio<\/span><\/a><meta itemprop=\"position\" content=\"1\" \/><li itemprop=\"itemListElement\" itemscope itemtype=\"https:\/\/schema.org\/ListItem\"><a itemprop=\"item\" href=\"https:\/\/www.uoh.cl\/acompanamiento-estudiantil\"><span itemprop=\"name\">Unidad de Acompa\u00f1amiento Estudiantil<\/span><\/a><meta itemprop=\"position\" content=\"2\" \/><li itemprop=\"itemListElement\" itemscope itemtype=\"https:\/\/schema.org\/ListItem\"><a itemprop=\"item\" href=\"https:\/\/www.uoh.cl\/acompanamiento-estudiantil\/noticias\/\"><span itemprop=\"name\">Noticias<\/span><\/a><meta itemprop=\"position\" content=\"3\" \/><li itemprop=\"itemListElement\" itemscope itemtype=\"https:\/\/schema.org\/ListItem\"><span itemprop=\"name\">PACE UOH recorri\u00f3 la Regi\u00f3n de O\u2019Higgins, conociendo a las <\/span><meta itemprop=\"position\" content=\"4\" \/><\/ol><\/div><ul class=\"p-0 list-style-none d-inline-block\"><li class=\"p-0\"><a href=https:\/\/www.uoh.cl\/acompanamiento-estudiantil\/category\/pace\/ class=\"px-1 py-2\">PACE<\/a><\/li><\/ul><div class=\"date_publish_post\"> \u25cf Jue 03 de Abril 2025<\/div><div class=\"uoh_title_component-container\"><h1 class=\"title title--ms d-inline-block title--decorator  big\">PACE UOH recorri\u00f3 la Regi\u00f3n de O\u2019Higgins, conociendo a las comunidades educativas y a las\/os estudiantes de los 11 nuevos liceos adscritos al programa<\/h1><\/div>[vc_row_inner el_class=&#8221;border-separator m-0&#8243;][vc_column_inner width=&#8221;2\/3&#8243;]<div class=\"author_wp_class\"> Escrito por <span>Universidad de O'Higgins<\/span><\/div>[\/vc_column_inner][vc_column_inner el_class=&#8221;align-items-end-publish&#8221; width=&#8221;1\/3&#8243;]<div class=\"uoh_social_network_component uoh_row col-12 justify-content-end m-0 p-0\"> <div class=\"icon__facebook-share-button\">\n                       <a href=\"https:\/\/www.facebook.com\/sharer\/sharer.php?u=https:\/\/www.uoh.cl\/acompanamiento-estudiantil\/pace-uoh-recorrio-la-region-de-ohiggins-conociendo-a-las-comunidades-educativas-y-a-las-os-estudiantes-de-los-11-nuevos-liceos-adscritos-al-programa\/\" target=\"_blank\"> <div class=\"icon__facebook-svg\"><svg version=\"1.1\" xmlns=\"http:\/\/www.w3.org\/2000\/svg\" xmlns:xlink=\"http:\/\/www.w3.org\/1999\/xlink\" x=\"0px\" y=\"0px\" width=\"22.4px\" height=\"48.3px\" viewBox=\"0 0 22.4 48.3\" style=\"overflow:visible;enable-background:new 0 0 22.4 48.3;\" xml:space=\"preserve\">\n                <defs>\n                <\/defs>\n                <path class=\"st0\" d=\"M22.4,15.6h-7.6v-5c0-1.9,1.2-2.3,2.1-2.3c0.9,0,5.4,0,5.4,0V0l-7.4,0C6.6,0,4.8,6.2,4.8,10.1v5.5H0v8.5h4.8\n                    c0,10.9,0,24.1,0,24.1h10c0,0,0-13.3,0-24.1h6.8L22.4,15.6z\"><\/path>\n                <\/svg><\/a><\/div>\n                    <\/div><div class=\"icon__twitter-share-button\">\n                        <div class=\"icon__twitter-svg\"><a target=\"_blank\" href=\"http:\/\/twitter.com\/share?url=https:\/\/www.uoh.cl\/acompanamiento-estudiantil\/pace-uoh-recorrio-la-region-de-ohiggins-conociendo-a-las-comunidades-educativas-y-a-las-os-estudiantes-de-los-11-nuevos-liceos-adscritos-al-programa\/\"><svg xmlns=\"http:\/\/www.w3.org\/2000\/svg\" height=\"1em\" viewBox=\"0 0 512 512\"><!--! Font Awesome Free 6.4.2 by @fontawesome - https:\/\/fontawesome.com License - https:\/\/fontawesome.com\/license (Commercial License) Copyright 2023 Fonticons, Inc. --><path d=\"M389.2 48h70.6L305.6 224.2 487 464H345L233.7 318.6 106.5 464H35.8L200.7 275.5 26.8 48H172.4L272.9 180.9 389.2 48zM364.4 421.8h39.1L151.1 88h-42L364.4 421.8z\"\/><\/svg><\/a><\/div>\n                        <\/div><div class=\"icon__linkedin-share-button\">\n                        <div class=\"icon__linkedin-svg\">\n                        <a target=\"__blank\" href=\"https:\/\/www.linkedin.com\/sharing\/share-offsite\/?url=https:\/\/www.uoh.cl\/acompanamiento-estudiantil\/pace-uoh-recorrio-la-region-de-ohiggins-conociendo-a-las-comunidades-educativas-y-a-las-os-estudiantes-de-los-11-nuevos-liceos-adscritos-al-programa\/\"><svg enable-background=\"new 0 0 100 100\" height=\"100px\" id=\"Layer_1\" version=\"1.1\" viewBox=\"0 0 100 100\" width=\"100px\" xml:space=\"preserve\" xmlns=\"http:\/\/www.w3.org\/2000\/svg\" xmlns:xlink=\"http:\/\/www.w3.org\/1999\/xlink\"><g><circle cx=\"50\" cy=\"50\" fill=\"#ccc\" r=\"45\"\/><g id=\"LinkedIn_1_\"><rect fill=\"#FFFFFF\" height=\"24.361\" width=\"7.69\" x=\"31.271\" y=\"43.569\"\/><path d=\"M59.968,43.334c-4.406,0-7.165,2.387-7.677,4.058v-3.823h-8.636c0.109,2.03,0,24.361,0,24.361h8.636    V54.748c0-0.733-0.034-1.465,0.19-1.991c0.594-1.464,1.869-2.985,4.162-2.985c2.998,0,4.361,2.253,4.361,5.552V67.93h8.721V54.384    C69.726,46.839,65.432,43.334,59.968,43.334z\" fill=\"#FFFFFF\"\/><path d=\"M34.973,32.069c-2.839,0-4.696,1.823-4.696,4.229c0,2.361,1.804,4.224,4.589,4.224h0.054    c2.891,0,4.69-1.869,4.69-4.229C39.555,33.888,37.81,32.069,34.973,32.069z\" fill=\"#FFFFFF\"\/><\/g><\/g><\/svg><\/a><\/div>\n\n            <\/div><\/div>[\/vc_column_inner][\/vc_row_inner][vc_single_image image=&#8221;45412&#8243; img_size=&#8221;full&#8221; add_caption=&#8221;yes&#8221; alignment=&#8221;center&#8221; onclick=&#8221;link_image&#8221; css=&#8221;&#8221;][vc_column_text]\u00a0[\/vc_column_text][vc_column_text css=&#8221;&#8221;]<\/p>\n<ul>\n<li><em>El coordinador en Preparaci\u00f3n en Ense\u00f1anza Media (PEM), Rub\u00e9n Olivares, present\u00f3 los T\u00e9rminos de Referencia del programa, las acciones a desarrollar durante el a\u00f1o y el\/la profesional ejecutor\/a que acompa\u00f1ar\u00e1 a cada establecimiento.<\/em><\/li>\n<\/ul>\n<p>[\/vc_column_text][vc_column_text]\u00a0[\/vc_column_text][vc_column_text css=&#8221;&#8221;]El <a href=\"https:\/\/www.uoh.cl\/acompanamiento-estudiantil\/pace-uoh\/\">Programa de Acceso a la Educaci\u00f3n Superior<\/a> de la <a href=\"http:\/\/www.uoh.cl\/\">Universidad de O\u2019Higgins<\/a> (PACE UOH) posee la mayor cantidad de liceos adscritos de todo Chile, sumando 41 establecimientos educacionales. Por eso, conocer a cada comunidad educativa y sus estudiantes era imperativo previo al inicio de los dispositivos de habilidades (clases). Es as\u00ed, como el coordinador en Preparaci\u00f3n en Ense\u00f1anza Media (PEM), Rub\u00e9n Olivares, recorri\u00f3 la Regi\u00f3n de O\u2019Higgins presentando el PACE UOH y a las\/os profesionales ejecutoras\/es que acompa\u00f1ar\u00e1n el proceso durante el a\u00f1o.<\/p>\n<p>El PACE es una iniciativa ministerial que busca asegurar la preparaci\u00f3n de estudiantes de sectores vulnerables de tercero y cuarto medio a\u00f1o de educaci\u00f3n media de los establecimientos designados para participar del programa, el acceso y acompa\u00f1amiento de las\/os estudiantes PACE que sean habilitadas\/os y que se matriculen en alguna de las instituciones de educaci\u00f3n superior en convenio, con miras a lograr la titulaci\u00f3n de \u00e9stas\/os.<\/p>\n<p>\u201cEstamos muy contentas\/os de finalizar esta ruta de acompa\u00f1amiento a los 11 establecimientos educacionales que ingresaron al PACE UOH este 2025. Culminamos esta ruta en la comuna de La Estrella en la Escuela Profesora M\u00f3nica Silva G\u00f3mez acompa\u00f1ando al equipo directivo en esta importante tarea que es la implementaci\u00f3n del PACE. Esta instancia consisti\u00f3 en explicar los T\u00e9rminos de Referencia, cu\u00e1l va a ser el acompa\u00f1amiento en Preparaci\u00f3n en Ense\u00f1anza Media (PEM) por parte de la Universidad de O\u2019Higgins, el Acompa\u00f1amiento en la Educaci\u00f3n Superior (AES), entre otros temas\u201d, detall\u00f3 la coordinadora regional de PACE, Catalina Duarte.<\/p>\n<p>Este a\u00f1o ingresaron: Liceo de Lolol, Escuela Profesora M\u00f3nica Silva G\u00f3mez, Liceo Municipal Juan Pablo II, Liceo Ferm\u00edn Real Castillo, Liceo San Francisco, Liceo Bicentenario V\u00edctor Jara, Liceo Bicentenario Latinoamericano, Liceo Berta Zamorano, Liceo Rep\u00fablica de Italia, Liceo Luis Gregorio Valenzuela y Liceo Zoila Rosa Carre\u00f1o.<\/p>\n<p>Asimismo, se explic\u00f3 que PACE UOH realizar\u00e1 un catastro de estudiantes con Necesidades Educativas Especiales (NEE) con el prop\u00f3sito de identificar las necesidades y requerimientos de las\/os j\u00f3venes participantes e insumar a las instituciones respecto a los ajustes que se deben realizar para asegurar la participaci\u00f3n del estudiantado \u2013que ingresar\u00e1 a la Educaci\u00f3n Superior- en igualdad de condiciones. A lo anterior, se suma la toma de conocimiento del n\u00famero y nacionalidad de estudiantes migrantes para realizar distintas acciones de apoyo, entre lo que se considera la Jornada informativa para ellas\/os y madres\/padres extranjeras\/os.<\/p>\n<p>\u201cEl PACE UOH se caracteriza, adem\u00e1s, por realizar varias actividades fuera del aula junto a sus estudiantes, jefes t\u00e9cnicas\/os, orientadoras\/es y la comunidad educativa en general. Durante las reuniones les adelantamos algunas de las iniciativas, tales como: la Jornada de Jefes T\u00e9cnicas\/os, la Jornada de Orientadoras\/es, la Jornada de Emprendimiento y las visitas que realizar\u00e1n a la Universidad de O\u2019Higgins con el fin de potenciar la Exploraci\u00f3n Vocacional. De verdad, \u00a1Estamos muy emocionadas\/os con lo que se viene este 2025!\u201d, manifest\u00f3 el coordinador PEM, Rub\u00e9n Olivares.<\/p>\n<p>Desde Quinta de Tilcoco, puntualmente desde el Liceo Rep\u00fablica de Italia, aseguraron estar varios a\u00f1os tratando de incorporarse al PACE. \u201cSiento que a trav\u00e9s de esta instancia nuestras\/os estudiantes y apoderadas\/os van a tener mayores expectativas. Generalmente, por el hecho de ser de zonas rurales se sienten inferiores a otras zonas y creo que a trav\u00e9s de este logro que estamos teniendo, vamos a permitirnos mejorar. Lo hemos hecho a trav\u00e9s del Simce, pero nos faltaba esto, un espacio especial para que profesionales de la UOH hagan este acompa\u00f1amiento y para que todas\/os formamos parte de esta familia liceana nos sintamos satisfechas\/os el d\u00eda de ma\u00f1ana de que nuestras\/os estudiantes est\u00e1n logrando sue\u00f1os que antes no ten\u00edan\u201d, expres\u00f3 el director del Liceo Rep\u00fablica de Italia, Miguel \u00c1ngel Mellado.<\/p>\n<p>\u201c\u00a1Estamos felices de que el PACE UOH haya llegado al Liceo Luis Gregorio Valenzuela Lav\u00edn! Siento que el Programa PACE viene como anillo al dedo porque va a potenciar toda la l\u00ednea cient\u00edfico humanista que tenemos. Cada vez, las\/os chicas\/os de cuarto medio est\u00e1n ingresando m\u00e1s a la educaci\u00f3n terciaria, de hecho, est\u00e1 dentro de nuestra misi\u00f3n y visi\u00f3n, que ellas\/os entren a la Educaci\u00f3n Superior, sea universidad, centro de formaci\u00f3n t\u00e9cnica o instituto profesional\u201d, reafirm\u00f3 el director del establecimiento de la comuna de Coinco, Humberto D\u00edaz.<\/p>\n<p>Los dispositivos de habilidades se trabajar\u00e1n con los terceros medios solamente, ya que la habilitaci\u00f3n PACE contempla estudiantes que hayan participado en tercero y cuarto medio del programa. Sin embargo, tendr\u00e1n acompa\u00f1amiento en la Exploraci\u00f3n Vocacional y en el proceso de admisi\u00f3n a la Educaci\u00f3n Superior.[\/vc_column_text][vc_zigzag color=&#8221;white&#8221;][vc_row_inner][vc_column_inner][vc_single_image image=&#8221;45413&#8243; img_size=&#8221;700&#215;450&#8243; alignment=&#8221;center&#8221; onclick=&#8221;link_image&#8221; css=&#8221;&#8221;][\/vc_column_inner][\/vc_row_inner][\/vc_column][\/vc_row][\/vc_section][vc_section css=&#8221;.vc_custom_1650255686594{background-color: #f6faff !important;}&#8221; el_class=&#8221;p-md-0 pt-md-5&#8243;][vc_row el_class=&#8221;container mx-auto align-items-center p-md-0 pt-5 pb-5&#8243;][vc_column el_class=&#8221;pb-5&#8243;][vc_row_inner el_class=&#8221;pb-5&#8243;][vc_column_inner]<div class=\"row m-0 p-0\"><div class=\"col-12 col-md-9 pt-5 pt-md-0\"><h2 class=\"title title--decorator title--ms d-inline-block\">Te Recomendamos<\/h2><\/div><\/div><div class=\"content-holder\"><div class=\"row  swipper-news-list not--activate-hack \"><div class=\"row -wrapper\"><div class=\"  col-sm-6 col-md-4 img-article\">\n                                        <div class=\"content-news-display row m-0 p-0\"><div class=\"holder p-0 \"><div class=\"img-wrap img-wrap-news\">\n                                        <div class=\"caption__news-category\">\n                                        <a href=\"https:\/\/www.uoh.cl\/acompanamiento-estudiantil\/category\/institucional\/\">\n                                        Institucional<\/a><\/div><\/div><\/div><div class=\"caption py-3 caption__news py-md-3 pb-md-5\">\n                                    <span class=\"caption__date\">Mi\u00e9rcoles 29, Abril<\/span>\n                                     <a href=\"https:\/\/www.uoh.cl\/acompanamiento-estudiantil\/reflexion-universitaria-uoh-inaugura-ano-academico-2026-pensando-en-los-desafios-de-la-educacion-superior\/\">\n                                    <h3 class=\"small-space\">Reflexi\u00f3n universitaria: UOH inaugura A\u00f1o Acad\u00e9mico 2026 pensando en los desaf\u00edos de la Educaci\u00f3n Superior<\/h3><\/a>\n\n                                    <p>La ceremonia promovi\u00f3 el an\u00e1lisis acerca de los cambios educativos que se avecinan dentro de los procesos de formaci\u00f3n universitaria ajustados a contextos digitales.   <\/p>\n                                    <a class=\"link link--bold mt-md-3\" href=\"https:\/\/www.uoh.cl\/acompanamiento-estudiantil\/reflexion-universitaria-uoh-inaugura-ano-academico-2026-pensando-en-los-desafios-de-la-educacion-superior\/\">Saber m\u00e1s <span class=\"icon icon--inline icon--link\"><svg version=\"1.1\" xmlns=\"http:\/\/www.w3.org\/2000\/svg\" xmlns:xlink=\"http:\/\/www.w3.org\/1999\/xlink\" x=\"0px\" y=\"0px\" width=\"22px\"height=\"22px\" viewBox=\"0 0 22 22\" style=\"overflow:visible;enable-background:new 0 0 80 64.6;\" xml:space=\"preserve\"><g clip-path=\"url(#acA)\"><path fill-rule=\"evenodd\" d=\"M21.913 11.266a.93.93 0 000-.711c-.022-.056-.063-.097-.091-.144s-.053-.103-.097-.15L12.306.294c-.357-.379-.955-.394-1.334-.038s-.394.955-.038 1.334l7.917 8.374H.927a.95.95 0 00-.908.983.946.946 0 00.908.908h17.924l-8.089 8.552c-.357.379-.341.977.034 1.334s.977.341 1.334-.034l9.594-10.148c.044-.044.063-.1.097-.15.028-.047.069-.088.091-.141z\"\/><\/g><defs><clipPath id=\"acA\"><path fill=\"#fff\" d=\"M0 0h22v22H0z\"\/><\/clipPath><\/defs><\/svg><\/span><\/a><\/div><\/div><\/div><div class=\"  col-sm-6 col-md-4 img-article\">\n                                        <div class=\"content-news-display row m-0 p-0\"><div class=\"holder p-0 \"><div class=\"img-wrap img-wrap-news\">\n                                        <div class=\"caption__news-category\">\n                                        <a href=\"https:\/\/www.uoh.cl\/acompanamiento-estudiantil\/category\/pace\/\">\n                                        PACE<\/a><\/div><img decoding=\"async\" class=\"w-100 h-100 lazyload\" data-src=\"https:\/\/www.uoh.cl\/acompanamiento-estudiantil\/wp-content\/uploads\/sites\/49\/2026\/04\/Actividad-PACE-2026-20.jpg\" alt=\"Doble bienvenida: Formaci\u00f3n Acad\u00e9mica UOH reuni\u00f3 a cientas\/os de estudiantes de cuarto medio que vivir\u00e1n experiencia universitaria\" style=\"--smush-placeholder-width: 1500px; --smush-placeholder-aspect-ratio: 1500\/1000;object-fit: cover; object-position: center;\" src=\"data:image\/svg+xml;base64,PHN2ZyB3aWR0aD0iMSIgaGVpZ2h0PSIxIiB4bWxucz0iaHR0cDovL3d3dy53My5vcmcvMjAwMC9zdmciPjwvc3ZnPg==\"><\/div><\/div><div class=\"caption py-3 caption__news py-md-3 pb-md-5\">\n                                    <span class=\"caption__date\">Martes 28, Abril<\/span>\n                                     <a href=\"https:\/\/www.uoh.cl\/acompanamiento-estudiantil\/doble-bienvenida-formacionacademica-uoh-reunio-a-cientos-as-de-estudiantes-de-cuarto-medio-que-viviran-experiencia-universitaria\/\">\n                                    <h3 class=\"small-space\">Doble bienvenida: Formaci\u00f3n Acad\u00e9mica UOH reuni\u00f3 a cientas\/os de estudiantes de cuarto medio que vivir\u00e1n experiencia universitaria<\/h3><\/a>\n\n                                    <p>El Programa de Acceso a la Educaci\u00f3n Superior de la Universidad de O\u2019Higgins (PACE UOH) realizar\u00e1, por segundo a\u00f1o consecutivo, un espacio que fortalecer\u00e1 competencias acad\u00e9micas y personales para j\u00f3venes que est\u00e1n finalizando su ense\u00f1anza media.<\/p>\n                                    <a class=\"link link--bold mt-md-3\" href=\"https:\/\/www.uoh.cl\/acompanamiento-estudiantil\/doble-bienvenida-formacionacademica-uoh-reunio-a-cientos-as-de-estudiantes-de-cuarto-medio-que-viviran-experiencia-universitaria\/\">Saber m\u00e1s <span class=\"icon icon--inline icon--link\"><svg version=\"1.1\" xmlns=\"http:\/\/www.w3.org\/2000\/svg\" xmlns:xlink=\"http:\/\/www.w3.org\/1999\/xlink\" x=\"0px\" y=\"0px\" width=\"22px\"height=\"22px\" viewBox=\"0 0 22 22\" style=\"overflow:visible;enable-background:new 0 0 80 64.6;\" xml:space=\"preserve\"><g clip-path=\"url(#acA)\"><path fill-rule=\"evenodd\" d=\"M21.913 11.266a.93.93 0 000-.711c-.022-.056-.063-.097-.091-.144s-.053-.103-.097-.15L12.306.294c-.357-.379-.955-.394-1.334-.038s-.394.955-.038 1.334l7.917 8.374H.927a.95.95 0 00-.908.983.946.946 0 00.908.908h17.924l-8.089 8.552c-.357.379-.341.977.034 1.334s.977.341 1.334-.034l9.594-10.148c.044-.044.063-.1.097-.15.028-.047.069-.088.091-.141z\"\/><\/g><defs><clipPath id=\"acA\"><path fill=\"#fff\" d=\"M0 0h22v22H0z\"\/><\/clipPath><\/defs><\/svg><\/span><\/a><\/div><\/div><\/div><div class=\"  col-sm-6 col-md-4 img-article\">\n                                        <div class=\"content-news-display row m-0 p-0\"><div class=\"holder p-0 \"><div class=\"img-wrap img-wrap-news\">\n                                        <div class=\"caption__news-category\">\n                                        <a href=\"https:\/\/www.uoh.cl\/acompanamiento-estudiantil\/category\/salud-mental\/\">\n                                        Salud Mental<\/a><\/div><img decoding=\"async\" class=\"w-100 h-100 lazyload\" data-src=\"https:\/\/www.uoh.cl\/acompanamiento-estudiantil\/wp-content\/uploads\/sites\/49\/2026\/04\/\u00bfComo-acompanar-ante-situaciones-impredecibles-Psicologa-de-la-Direccion-de-Salud-Mental-UOH-destaca-validacion-de-emociones-y-solicitar-apoyo.png\" alt=\"\u00bfC\u00f3mo acompa\u00f1ar ante situaciones impredecibles?: Psic\u00f3loga de la Direcci\u00f3n de Salud Mental UOH destaca validaci\u00f3n de emociones y solicitar apoyo\" style=\"--smush-placeholder-width: 1500px; --smush-placeholder-aspect-ratio: 1500\/1000;object-fit: cover; object-position: center;\" src=\"data:image\/svg+xml;base64,PHN2ZyB3aWR0aD0iMSIgaGVpZ2h0PSIxIiB4bWxucz0iaHR0cDovL3d3dy53My5vcmcvMjAwMC9zdmciPjwvc3ZnPg==\"><\/div><\/div><div class=\"caption py-3 caption__news py-md-3 pb-md-5\">\n                                    <span class=\"caption__date\">Martes 21, Abril<\/span>\n                                     <a href=\"https:\/\/www.uoh.cl\/acompanamiento-estudiantil\/como-acompanar-ante-situaciones-impredecibles-psicologa-de-la-direccion-de-salud-mental-uoh-destaca-validacion-de-emociones-y-solicitar-apoyo\/\">\n                                    <h3 class=\"small-space\">\u00bfC\u00f3mo acompa\u00f1ar ante situaciones impredecibles?: Psic\u00f3loga de la Direcci\u00f3n de Salud Mental UOH destaca validaci\u00f3n de emociones y solicitar apoyo<\/h3><\/a>\n\n                                    <p>La Universidad de O\u2019Higgins cuenta con distintas instancias para estar presente con estudiantes y la comunidad universitaria ante hechos que afecten su bienestar emocional. <\/p>\n                                    <a class=\"link link--bold mt-md-3\" href=\"https:\/\/www.uoh.cl\/acompanamiento-estudiantil\/como-acompanar-ante-situaciones-impredecibles-psicologa-de-la-direccion-de-salud-mental-uoh-destaca-validacion-de-emociones-y-solicitar-apoyo\/\">Saber m\u00e1s <span class=\"icon icon--inline icon--link\"><svg version=\"1.1\" xmlns=\"http:\/\/www.w3.org\/2000\/svg\" xmlns:xlink=\"http:\/\/www.w3.org\/1999\/xlink\" x=\"0px\" y=\"0px\" width=\"22px\"height=\"22px\" viewBox=\"0 0 22 22\" style=\"overflow:visible;enable-background:new 0 0 80 64.6;\" xml:space=\"preserve\"><g clip-path=\"url(#acA)\"><path fill-rule=\"evenodd\" d=\"M21.913 11.266a.93.93 0 000-.711c-.022-.056-.063-.097-.091-.144s-.053-.103-.097-.15L12.306.294c-.357-.379-.955-.394-1.334-.038s-.394.955-.038 1.334l7.917 8.374H.927a.95.95 0 00-.908.983.946.946 0 00.908.908h17.924l-8.089 8.552c-.357.379-.341.977.034 1.334s.977.341 1.334-.034l9.594-10.148c.044-.044.063-.1.097-.15.028-.047.069-.088.091-.141z\"\/><\/g><defs><clipPath id=\"acA\"><path fill=\"#fff\" d=\"M0 0h22v22H0z\"\/><\/clipPath><\/defs><\/svg><\/span><\/a><\/div><\/div><\/div><\/div><\/div><\/div><div class=\"pagination justify-content-center my-5\"><span aria-current=\"page\" class=\"page-numbers current\">1<\/span>\n<a class=\"page-numbers\" href=\"https:\/\/www.uoh.cl\/acompanamiento-estudiantil\/wp-json\/wp\/v2\/posts\/419\/\/page\/2\">2<\/a>\n<a class=\"page-numbers\" href=\"https:\/\/www.uoh.cl\/acompanamiento-estudiantil\/wp-json\/wp\/v2\/posts\/419\/\/page\/3\">3<\/a>\n<span class=\"page-numbers dots\">&hellip;<\/span>\n<a class=\"page-numbers\" href=\"https:\/\/www.uoh.cl\/acompanamiento-estudiantil\/wp-json\/wp\/v2\/posts\/419\/\/page\/25\">25<\/a>\n<a class=\"next page-numbers\" href=\"https:\/\/www.uoh.cl\/acompanamiento-estudiantil\/wp-json\/wp\/v2\/posts\/419\/\/page\/2\"><div class=\"icon-pagination-next\"> <?xml version=\"1.0\" ?><svg viewBox=\"0 0 96 96\" xmlns=\"http:\/\/www.w3.org\/2000\/svg\"><title\/><path d=\"M39.3756,48.0022l30.47-25.39a6.0035,6.0035,0,0,0-7.6878-9.223L26.1563,43.3906a6.0092,6.0092,0,0,0,0,9.2231L62.1578,82.615a6.0035,6.0035,0,0,0,7.6878-9.2231Z\"\/><\/svg> <\/div><\/a><\/div>[\/vc_column_inner][\/vc_row_inner][\/vc_column][\/vc_row][\/vc_section]<\/p>\n<\/div>","protected":false},"excerpt":{"rendered":"<p>El coordinador en Preparaci\u00f3n en Ense\u00f1anza Media (PEM), Rub\u00e9n Olivares, present\u00f3 los T\u00e9rminos de Referencia del programa, las acciones a desarrollar durante el a\u00f1o y el\/la profesional ejecutor\/a que acompa\u00f1ar\u00e1 a cada establecimiento.<\/p>\n","protected":false},"author":34,"featured_media":422,"comment_status":"open","ping_status":"open","sticky":false,"template":"","format":"standard","meta":{"_acf_changed":false,"footnotes":""},"categories":[4],"tags":[],"class_list":["post-419","post","type-post","status-publish","format-standard","has-post-thumbnail","hentry","category-pace"],"acf":[],"yoast_head":"<!-- This site is optimized with the Yoast SEO plugin v26.6 - https:\/\/yoast.com\/wordpress\/plugins\/seo\/ -->\n<title>PACE UOH recorri\u00f3 la Regi\u00f3n de O\u2019Higgins, conociendo a las comunidades educativas y a las\/os estudiantes de los 11 nuevos liceos adscritos al programa - Unidad de Acompa\u00f1amiento Estudiantil<\/title>\n<meta name=\"description\" content=\"El coordinador en Preparaci\u00f3n en Ense\u00f1anza Media (PEM), Rub\u00e9n Olivares, present\u00f3 los T\u00e9rminos de Referencia del programa, las acciones a desarrollar durante el a\u00f1o y el\/la profesional ejecutor\/a que acompa\u00f1ar\u00e1 a cada establecimiento.\" \/>\n<meta name=\"robots\" content=\"noindex, nofollow\" \/>\n<meta property=\"og:locale\" content=\"es_ES\" \/>\n<meta property=\"og:type\" content=\"article\" \/>\n<meta property=\"og:title\" content=\"PACE UOH recorri\u00f3 la Regi\u00f3n de O\u2019Higgins, conociendo a las comunidades educativas y a las\/os estudiantes de los 11 nuevos liceos adscritos al programa - Unidad de Acompa\u00f1amiento Estudiantil\" \/>\n<meta property=\"og:description\" content=\"El coordinador en Preparaci\u00f3n en Ense\u00f1anza Media (PEM), Rub\u00e9n Olivares, present\u00f3 los T\u00e9rminos de Referencia del programa, las acciones a desarrollar durante el a\u00f1o y el\/la profesional ejecutor\/a que acompa\u00f1ar\u00e1 a cada establecimiento.\" \/>\n<meta property=\"og:url\" content=\"https:\/\/www.uoh.cl\/acompanamiento-estudiantil\/pace-uoh-recorrio-la-region-de-ohiggins-conociendo-a-las-comunidades-educativas-y-a-las-os-estudiantes-de-los-11-nuevos-liceos-adscritos-al-programa\/\" \/>\n<meta property=\"og:site_name\" content=\"Unidad de Acompa\u00f1amiento Estudiantil\" \/>\n<meta property=\"article:published_time\" content=\"2025-04-03T16:46:51+00:00\" \/>\n<meta property=\"article:modified_time\" content=\"2025-04-03T17:47:23+00:00\" \/>\n<meta property=\"og:image\" content=\"https:\/\/www.uoh.cl\/acompanamiento-estudiantil\/wp-content\/uploads\/sites\/49\/2025\/04\/PACE-UOH-1.jpg\" \/>\n\t<meta property=\"og:image:width\" content=\"1000\" \/>\n\t<meta property=\"og:image:height\" content=\"1000\" \/>\n\t<meta property=\"og:image:type\" content=\"image\/jpeg\" \/>\n<meta name=\"author\" content=\"Universidad de O&#039;Higgins\" \/>\n<meta name=\"twitter:card\" content=\"summary_large_image\" \/>\n<meta name=\"twitter:label1\" content=\"Escrito por\" \/>\n\t<meta name=\"twitter:data1\" content=\"Universidad de O&#039;Higgins\" \/>\n\t<meta name=\"twitter:label2\" content=\"Tiempo estimado de lectura\" \/>\n\t<meta name=\"twitter:data2\" content=\"5 minutos\" \/>\n<script type=\"application\/ld+json\" class=\"yoast-schema-graph\">{\"@context\":\"https:\/\/schema.org\",\"@graph\":[{\"@type\":\"Article\",\"@id\":\"https:\/\/www.uoh.cl\/acompanamiento-estudiantil\/pace-uoh-recorrio-la-region-de-ohiggins-conociendo-a-las-comunidades-educativas-y-a-las-os-estudiantes-de-los-11-nuevos-liceos-adscritos-al-programa\/#article\",\"isPartOf\":{\"@id\":\"https:\/\/www.uoh.cl\/acompanamiento-estudiantil\/pace-uoh-recorrio-la-region-de-ohiggins-conociendo-a-las-comunidades-educativas-y-a-las-os-estudiantes-de-los-11-nuevos-liceos-adscritos-al-programa\/\"},\"author\":{\"name\":\"Universidad de O'Higgins\",\"@id\":\"https:\/\/www.uoh.cl\/acompanamiento-estudiantil\/#\/schema\/person\/ea242e676c7d6d7e46fc8b9e39486c4f\"},\"headline\":\"PACE UOH recorri\u00f3 la Regi\u00f3n de O\u2019Higgins, conociendo a las comunidades educativas y a las\/os estudiantes de los 11 nuevos liceos adscritos al programa\",\"datePublished\":\"2025-04-03T16:46:51+00:00\",\"dateModified\":\"2025-04-03T17:47:23+00:00\",\"mainEntityOfPage\":{\"@id\":\"https:\/\/www.uoh.cl\/acompanamiento-estudiantil\/pace-uoh-recorrio-la-region-de-ohiggins-conociendo-a-las-comunidades-educativas-y-a-las-os-estudiantes-de-los-11-nuevos-liceos-adscritos-al-programa\/\"},\"wordCount\":1147,\"commentCount\":0,\"publisher\":{\"@id\":\"https:\/\/www.uoh.cl\/acompanamiento-estudiantil\/#organization\"},\"image\":{\"@id\":\"https:\/\/www.uoh.cl\/acompanamiento-estudiantil\/pace-uoh-recorrio-la-region-de-ohiggins-conociendo-a-las-comunidades-educativas-y-a-las-os-estudiantes-de-los-11-nuevos-liceos-adscritos-al-programa\/#primaryimage\"},\"thumbnailUrl\":\"https:\/\/www.uoh.cl\/acompanamiento-estudiantil\/wp-content\/uploads\/sites\/49\/2025\/04\/PACE-UOH-1.jpg\",\"articleSection\":[\"PACE\"],\"inLanguage\":\"es-CL\",\"potentialAction\":[{\"@type\":\"CommentAction\",\"name\":\"Comment\",\"target\":[\"https:\/\/www.uoh.cl\/acompanamiento-estudiantil\/pace-uoh-recorrio-la-region-de-ohiggins-conociendo-a-las-comunidades-educativas-y-a-las-os-estudiantes-de-los-11-nuevos-liceos-adscritos-al-programa\/#respond\"]}]},{\"@type\":\"WebPage\",\"@id\":\"https:\/\/www.uoh.cl\/acompanamiento-estudiantil\/pace-uoh-recorrio-la-region-de-ohiggins-conociendo-a-las-comunidades-educativas-y-a-las-os-estudiantes-de-los-11-nuevos-liceos-adscritos-al-programa\/\",\"url\":\"https:\/\/www.uoh.cl\/acompanamiento-estudiantil\/pace-uoh-recorrio-la-region-de-ohiggins-conociendo-a-las-comunidades-educativas-y-a-las-os-estudiantes-de-los-11-nuevos-liceos-adscritos-al-programa\/\",\"name\":\"PACE UOH recorri\u00f3 la Regi\u00f3n de O\u2019Higgins, conociendo a las comunidades educativas y a las\/os estudiantes de los 11 nuevos liceos adscritos al programa - Unidad de Acompa\u00f1amiento Estudiantil\",\"isPartOf\":{\"@id\":\"https:\/\/www.uoh.cl\/acompanamiento-estudiantil\/#website\"},\"primaryImageOfPage\":{\"@id\":\"https:\/\/www.uoh.cl\/acompanamiento-estudiantil\/pace-uoh-recorrio-la-region-de-ohiggins-conociendo-a-las-comunidades-educativas-y-a-las-os-estudiantes-de-los-11-nuevos-liceos-adscritos-al-programa\/#primaryimage\"},\"image\":{\"@id\":\"https:\/\/www.uoh.cl\/acompanamiento-estudiantil\/pace-uoh-recorrio-la-region-de-ohiggins-conociendo-a-las-comunidades-educativas-y-a-las-os-estudiantes-de-los-11-nuevos-liceos-adscritos-al-programa\/#primaryimage\"},\"thumbnailUrl\":\"https:\/\/www.uoh.cl\/acompanamiento-estudiantil\/wp-content\/uploads\/sites\/49\/2025\/04\/PACE-UOH-1.jpg\",\"datePublished\":\"2025-04-03T16:46:51+00:00\",\"dateModified\":\"2025-04-03T17:47:23+00:00\",\"description\":\"El coordinador en Preparaci\u00f3n en Ense\u00f1anza Media (PEM), Rub\u00e9n Olivares, present\u00f3 los T\u00e9rminos de Referencia del programa, las acciones a desarrollar durante el a\u00f1o y el\/la profesional ejecutor\/a que acompa\u00f1ar\u00e1 a cada establecimiento.\",\"breadcrumb\":{\"@id\":\"https:\/\/www.uoh.cl\/acompanamiento-estudiantil\/pace-uoh-recorrio-la-region-de-ohiggins-conociendo-a-las-comunidades-educativas-y-a-las-os-estudiantes-de-los-11-nuevos-liceos-adscritos-al-programa\/#breadcrumb\"},\"inLanguage\":\"es-CL\",\"potentialAction\":[{\"@type\":\"ReadAction\",\"target\":[\"https:\/\/www.uoh.cl\/acompanamiento-estudiantil\/pace-uoh-recorrio-la-region-de-ohiggins-conociendo-a-las-comunidades-educativas-y-a-las-os-estudiantes-de-los-11-nuevos-liceos-adscritos-al-programa\/\"]}]},{\"@type\":\"ImageObject\",\"inLanguage\":\"es-CL\",\"@id\":\"https:\/\/www.uoh.cl\/acompanamiento-estudiantil\/pace-uoh-recorrio-la-region-de-ohiggins-conociendo-a-las-comunidades-educativas-y-a-las-os-estudiantes-de-los-11-nuevos-liceos-adscritos-al-programa\/#primaryimage\",\"url\":\"https:\/\/www.uoh.cl\/acompanamiento-estudiantil\/wp-content\/uploads\/sites\/49\/2025\/04\/PACE-UOH-1.jpg\",\"contentUrl\":\"https:\/\/www.uoh.cl\/acompanamiento-estudiantil\/wp-content\/uploads\/sites\/49\/2025\/04\/PACE-UOH-1.jpg\",\"width\":1000,\"height\":1000},{\"@type\":\"BreadcrumbList\",\"@id\":\"https:\/\/www.uoh.cl\/acompanamiento-estudiantil\/pace-uoh-recorrio-la-region-de-ohiggins-conociendo-a-las-comunidades-educativas-y-a-las-os-estudiantes-de-los-11-nuevos-liceos-adscritos-al-programa\/#breadcrumb\",\"itemListElement\":[{\"@type\":\"ListItem\",\"position\":1,\"name\":\"Portada\",\"item\":\"https:\/\/www.uoh.cl\/acompanamiento-estudiantil\/\"},{\"@type\":\"ListItem\",\"position\":2,\"name\":\"PACE UOH recorri\u00f3 la Regi\u00f3n de O\u2019Higgins, conociendo a las comunidades educativas y a las\/os estudiantes de los 11 nuevos liceos adscritos al programa\"}]},{\"@type\":\"WebSite\",\"@id\":\"https:\/\/www.uoh.cl\/acompanamiento-estudiantil\/#website\",\"url\":\"https:\/\/www.uoh.cl\/acompanamiento-estudiantil\/\",\"name\":\"Unidad de Acompa\u00f1amiento Estudiantil\",\"description\":\"\",\"publisher\":{\"@id\":\"https:\/\/www.uoh.cl\/acompanamiento-estudiantil\/#organization\"},\"potentialAction\":[{\"@type\":\"SearchAction\",\"target\":{\"@type\":\"EntryPoint\",\"urlTemplate\":\"https:\/\/www.uoh.cl\/acompanamiento-estudiantil\/?s={search_term_string}\"},\"query-input\":{\"@type\":\"PropertyValueSpecification\",\"valueRequired\":true,\"valueName\":\"search_term_string\"}}],\"inLanguage\":\"es-CL\"},{\"@type\":\"Organization\",\"@id\":\"https:\/\/www.uoh.cl\/acompanamiento-estudiantil\/#organization\",\"name\":\"Unidad de Acompa\u00f1amiento Estudiantil\",\"url\":\"https:\/\/www.uoh.cl\/acompanamiento-estudiantil\/\",\"logo\":{\"@type\":\"ImageObject\",\"inLanguage\":\"es-CL\",\"@id\":\"https:\/\/www.uoh.cl\/acompanamiento-estudiantil\/#\/schema\/logo\/image\/\",\"url\":\"https:\/\/www.uoh.cl\/acompanamiento-estudiantil\/wp-content\/uploads\/sites\/49\/2024\/05\/UOHUAE.svg\",\"contentUrl\":\"https:\/\/www.uoh.cl\/acompanamiento-estudiantil\/wp-content\/uploads\/sites\/49\/2024\/05\/UOHUAE.svg\",\"caption\":\"Unidad de Acompa\u00f1amiento Estudiantil\"},\"image\":{\"@id\":\"https:\/\/www.uoh.cl\/acompanamiento-estudiantil\/#\/schema\/logo\/image\/\"}},{\"@type\":\"Person\",\"@id\":\"https:\/\/www.uoh.cl\/acompanamiento-estudiantil\/#\/schema\/person\/ea242e676c7d6d7e46fc8b9e39486c4f\",\"name\":\"Universidad de O'Higgins\",\"image\":{\"@type\":\"ImageObject\",\"inLanguage\":\"es-CL\",\"@id\":\"https:\/\/www.uoh.cl\/acompanamiento-estudiantil\/#\/schema\/person\/image\/\",\"url\":\"https:\/\/secure.gravatar.com\/avatar\/78fcb76ca05efae11fd355943c01a832a29786cc00d85b1a82c301bea2b2a214?s=96&d=mm&r=g\",\"contentUrl\":\"https:\/\/secure.gravatar.com\/avatar\/78fcb76ca05efae11fd355943c01a832a29786cc00d85b1a82c301bea2b2a214?s=96&d=mm&r=g\",\"caption\":\"Universidad de O'Higgins\"},\"url\":\"https:\/\/www.uoh.cl\/acompanamiento-estudiantil\/author\/mayordomo\/\"}]}<\/script>\n<!-- \/ Yoast SEO plugin. -->","yoast_head_json":{"title":"PACE UOH recorri\u00f3 la Regi\u00f3n de O\u2019Higgins, conociendo a las comunidades educativas y a las\/os estudiantes de los 11 nuevos liceos adscritos al programa - Unidad de Acompa\u00f1amiento Estudiantil","description":"El coordinador en Preparaci\u00f3n en Ense\u00f1anza Media (PEM), Rub\u00e9n Olivares, present\u00f3 los T\u00e9rminos de Referencia del programa, las acciones a desarrollar durante el a\u00f1o y el\/la profesional ejecutor\/a que acompa\u00f1ar\u00e1 a cada establecimiento.","robots":{"index":"noindex","follow":"nofollow"},"og_locale":"es_ES","og_type":"article","og_title":"PACE UOH recorri\u00f3 la Regi\u00f3n de O\u2019Higgins, conociendo a las comunidades educativas y a las\/os estudiantes de los 11 nuevos liceos adscritos al programa - Unidad de Acompa\u00f1amiento Estudiantil","og_description":"El coordinador en Preparaci\u00f3n en Ense\u00f1anza Media (PEM), Rub\u00e9n Olivares, present\u00f3 los T\u00e9rminos de Referencia del programa, las acciones a desarrollar durante el a\u00f1o y el\/la profesional ejecutor\/a que acompa\u00f1ar\u00e1 a cada establecimiento.","og_url":"https:\/\/www.uoh.cl\/acompanamiento-estudiantil\/pace-uoh-recorrio-la-region-de-ohiggins-conociendo-a-las-comunidades-educativas-y-a-las-os-estudiantes-de-los-11-nuevos-liceos-adscritos-al-programa\/","og_site_name":"Unidad de Acompa\u00f1amiento Estudiantil","article_published_time":"2025-04-03T16:46:51+00:00","article_modified_time":"2025-04-03T17:47:23+00:00","og_image":[{"width":1000,"height":1000,"url":"https:\/\/www.uoh.cl\/acompanamiento-estudiantil\/wp-content\/uploads\/sites\/49\/2025\/04\/PACE-UOH-1.jpg","type":"image\/jpeg"}],"author":"Universidad de O'Higgins","twitter_card":"summary_large_image","twitter_misc":{"Escrito por":"Universidad de O'Higgins","Tiempo estimado de lectura":"5 minutos"},"schema":{"@context":"https:\/\/schema.org","@graph":[{"@type":"Article","@id":"https:\/\/www.uoh.cl\/acompanamiento-estudiantil\/pace-uoh-recorrio-la-region-de-ohiggins-conociendo-a-las-comunidades-educativas-y-a-las-os-estudiantes-de-los-11-nuevos-liceos-adscritos-al-programa\/#article","isPartOf":{"@id":"https:\/\/www.uoh.cl\/acompanamiento-estudiantil\/pace-uoh-recorrio-la-region-de-ohiggins-conociendo-a-las-comunidades-educativas-y-a-las-os-estudiantes-de-los-11-nuevos-liceos-adscritos-al-programa\/"},"author":{"name":"Universidad de O'Higgins","@id":"https:\/\/www.uoh.cl\/acompanamiento-estudiantil\/#\/schema\/person\/ea242e676c7d6d7e46fc8b9e39486c4f"},"headline":"PACE UOH recorri\u00f3 la Regi\u00f3n de O\u2019Higgins, conociendo a las comunidades educativas y a las\/os estudiantes de los 11 nuevos liceos adscritos al programa","datePublished":"2025-04-03T16:46:51+00:00","dateModified":"2025-04-03T17:47:23+00:00","mainEntityOfPage":{"@id":"https:\/\/www.uoh.cl\/acompanamiento-estudiantil\/pace-uoh-recorrio-la-region-de-ohiggins-conociendo-a-las-comunidades-educativas-y-a-las-os-estudiantes-de-los-11-nuevos-liceos-adscritos-al-programa\/"},"wordCount":1147,"commentCount":0,"publisher":{"@id":"https:\/\/www.uoh.cl\/acompanamiento-estudiantil\/#organization"},"image":{"@id":"https:\/\/www.uoh.cl\/acompanamiento-estudiantil\/pace-uoh-recorrio-la-region-de-ohiggins-conociendo-a-las-comunidades-educativas-y-a-las-os-estudiantes-de-los-11-nuevos-liceos-adscritos-al-programa\/#primaryimage"},"thumbnailUrl":"https:\/\/www.uoh.cl\/acompanamiento-estudiantil\/wp-content\/uploads\/sites\/49\/2025\/04\/PACE-UOH-1.jpg","articleSection":["PACE"],"inLanguage":"es-CL","potentialAction":[{"@type":"CommentAction","name":"Comment","target":["https:\/\/www.uoh.cl\/acompanamiento-estudiantil\/pace-uoh-recorrio-la-region-de-ohiggins-conociendo-a-las-comunidades-educativas-y-a-las-os-estudiantes-de-los-11-nuevos-liceos-adscritos-al-programa\/#respond"]}]},{"@type":"WebPage","@id":"https:\/\/www.uoh.cl\/acompanamiento-estudiantil\/pace-uoh-recorrio-la-region-de-ohiggins-conociendo-a-las-comunidades-educativas-y-a-las-os-estudiantes-de-los-11-nuevos-liceos-adscritos-al-programa\/","url":"https:\/\/www.uoh.cl\/acompanamiento-estudiantil\/pace-uoh-recorrio-la-region-de-ohiggins-conociendo-a-las-comunidades-educativas-y-a-las-os-estudiantes-de-los-11-nuevos-liceos-adscritos-al-programa\/","name":"PACE UOH recorri\u00f3 la Regi\u00f3n de O\u2019Higgins, conociendo a las comunidades educativas y a las\/os estudiantes de los 11 nuevos liceos adscritos al programa - Unidad de Acompa\u00f1amiento Estudiantil","isPartOf":{"@id":"https:\/\/www.uoh.cl\/acompanamiento-estudiantil\/#website"},"primaryImageOfPage":{"@id":"https:\/\/www.uoh.cl\/acompanamiento-estudiantil\/pace-uoh-recorrio-la-region-de-ohiggins-conociendo-a-las-comunidades-educativas-y-a-las-os-estudiantes-de-los-11-nuevos-liceos-adscritos-al-programa\/#primaryimage"},"image":{"@id":"https:\/\/www.uoh.cl\/acompanamiento-estudiantil\/pace-uoh-recorrio-la-region-de-ohiggins-conociendo-a-las-comunidades-educativas-y-a-las-os-estudiantes-de-los-11-nuevos-liceos-adscritos-al-programa\/#primaryimage"},"thumbnailUrl":"https:\/\/www.uoh.cl\/acompanamiento-estudiantil\/wp-content\/uploads\/sites\/49\/2025\/04\/PACE-UOH-1.jpg","datePublished":"2025-04-03T16:46:51+00:00","dateModified":"2025-04-03T17:47:23+00:00","description":"El coordinador en Preparaci\u00f3n en Ense\u00f1anza Media (PEM), Rub\u00e9n Olivares, present\u00f3 los T\u00e9rminos de Referencia del programa, las acciones a desarrollar durante el a\u00f1o y el\/la profesional ejecutor\/a que acompa\u00f1ar\u00e1 a cada establecimiento.","breadcrumb":{"@id":"https:\/\/www.uoh.cl\/acompanamiento-estudiantil\/pace-uoh-recorrio-la-region-de-ohiggins-conociendo-a-las-comunidades-educativas-y-a-las-os-estudiantes-de-los-11-nuevos-liceos-adscritos-al-programa\/#breadcrumb"},"inLanguage":"es-CL","potentialAction":[{"@type":"ReadAction","target":["https:\/\/www.uoh.cl\/acompanamiento-estudiantil\/pace-uoh-recorrio-la-region-de-ohiggins-conociendo-a-las-comunidades-educativas-y-a-las-os-estudiantes-de-los-11-nuevos-liceos-adscritos-al-programa\/"]}]},{"@type":"ImageObject","inLanguage":"es-CL","@id":"https:\/\/www.uoh.cl\/acompanamiento-estudiantil\/pace-uoh-recorrio-la-region-de-ohiggins-conociendo-a-las-comunidades-educativas-y-a-las-os-estudiantes-de-los-11-nuevos-liceos-adscritos-al-programa\/#primaryimage","url":"https:\/\/www.uoh.cl\/acompanamiento-estudiantil\/wp-content\/uploads\/sites\/49\/2025\/04\/PACE-UOH-1.jpg","contentUrl":"https:\/\/www.uoh.cl\/acompanamiento-estudiantil\/wp-content\/uploads\/sites\/49\/2025\/04\/PACE-UOH-1.jpg","width":1000,"height":1000},{"@type":"BreadcrumbList","@id":"https:\/\/www.uoh.cl\/acompanamiento-estudiantil\/pace-uoh-recorrio-la-region-de-ohiggins-conociendo-a-las-comunidades-educativas-y-a-las-os-estudiantes-de-los-11-nuevos-liceos-adscritos-al-programa\/#breadcrumb","itemListElement":[{"@type":"ListItem","position":1,"name":"Portada","item":"https:\/\/www.uoh.cl\/acompanamiento-estudiantil\/"},{"@type":"ListItem","position":2,"name":"PACE UOH recorri\u00f3 la Regi\u00f3n de O\u2019Higgins, conociendo a las comunidades educativas y a las\/os estudiantes de los 11 nuevos liceos adscritos al programa"}]},{"@type":"WebSite","@id":"https:\/\/www.uoh.cl\/acompanamiento-estudiantil\/#website","url":"https:\/\/www.uoh.cl\/acompanamiento-estudiantil\/","name":"Unidad de Acompa\u00f1amiento Estudiantil","description":"","publisher":{"@id":"https:\/\/www.uoh.cl\/acompanamiento-estudiantil\/#organization"},"potentialAction":[{"@type":"SearchAction","target":{"@type":"EntryPoint","urlTemplate":"https:\/\/www.uoh.cl\/acompanamiento-estudiantil\/?s={search_term_string}"},"query-input":{"@type":"PropertyValueSpecification","valueRequired":true,"valueName":"search_term_string"}}],"inLanguage":"es-CL"},{"@type":"Organization","@id":"https:\/\/www.uoh.cl\/acompanamiento-estudiantil\/#organization","name":"Unidad de Acompa\u00f1amiento Estudiantil","url":"https:\/\/www.uoh.cl\/acompanamiento-estudiantil\/","logo":{"@type":"ImageObject","inLanguage":"es-CL","@id":"https:\/\/www.uoh.cl\/acompanamiento-estudiantil\/#\/schema\/logo\/image\/","url":"https:\/\/www.uoh.cl\/acompanamiento-estudiantil\/wp-content\/uploads\/sites\/49\/2024\/05\/UOHUAE.svg","contentUrl":"https:\/\/www.uoh.cl\/acompanamiento-estudiantil\/wp-content\/uploads\/sites\/49\/2024\/05\/UOHUAE.svg","caption":"Unidad de Acompa\u00f1amiento Estudiantil"},"image":{"@id":"https:\/\/www.uoh.cl\/acompanamiento-estudiantil\/#\/schema\/logo\/image\/"}},{"@type":"Person","@id":"https:\/\/www.uoh.cl\/acompanamiento-estudiantil\/#\/schema\/person\/ea242e676c7d6d7e46fc8b9e39486c4f","name":"Universidad de O'Higgins","image":{"@type":"ImageObject","inLanguage":"es-CL","@id":"https:\/\/www.uoh.cl\/acompanamiento-estudiantil\/#\/schema\/person\/image\/","url":"https:\/\/secure.gravatar.com\/avatar\/78fcb76ca05efae11fd355943c01a832a29786cc00d85b1a82c301bea2b2a214?s=96&d=mm&r=g","contentUrl":"https:\/\/secure.gravatar.com\/avatar\/78fcb76ca05efae11fd355943c01a832a29786cc00d85b1a82c301bea2b2a214?s=96&d=mm&r=g","caption":"Universidad de O'Higgins"},"url":"https:\/\/www.uoh.cl\/acompanamiento-estudiantil\/author\/mayordomo\/"}]}},"_links":{"self":[{"href":"https:\/\/www.uoh.cl\/acompanamiento-estudiantil\/wp-json\/wp\/v2\/posts\/419","targetHints":{"allow":["GET"]}}],"collection":[{"href":"https:\/\/www.uoh.cl\/acompanamiento-estudiantil\/wp-json\/wp\/v2\/posts"}],"about":[{"href":"https:\/\/www.uoh.cl\/acompanamiento-estudiantil\/wp-json\/wp\/v2\/types\/post"}],"author":[{"embeddable":true,"href":"https:\/\/www.uoh.cl\/acompanamiento-estudiantil\/wp-json\/wp\/v2\/users\/34"}],"replies":[{"embeddable":true,"href":"https:\/\/www.uoh.cl\/acompanamiento-estudiantil\/wp-json\/wp\/v2\/comments?post=419"}],"version-history":[{"count":1,"href":"https:\/\/www.uoh.cl\/acompanamiento-estudiantil\/wp-json\/wp\/v2\/posts\/419\/revisions"}],"predecessor-version":[{"id":421,"href":"https:\/\/www.uoh.cl\/acompanamiento-estudiantil\/wp-json\/wp\/v2\/posts\/419\/revisions\/421"}],"wp:featuredmedia":[{"embeddable":true,"href":"https:\/\/www.uoh.cl\/acompanamiento-estudiantil\/wp-json\/wp\/v2\/media\/422"}],"wp:attachment":[{"href":"https:\/\/www.uoh.cl\/acompanamiento-estudiantil\/wp-json\/wp\/v2\/media?parent=419"}],"wp:term":[{"taxonomy":"category","embeddable":true,"href":"https:\/\/www.uoh.cl\/acompanamiento-estudiantil\/wp-json\/wp\/v2\/categories?post=419"},{"taxonomy":"post_tag","embeddable":true,"href":"https:\/\/www.uoh.cl\/acompanamiento-estudiantil\/wp-json\/wp\/v2\/tags?post=419"}],"curies":[{"name":"wp","href":"https:\/\/api.w.org\/{rel}","templated":true}]}}