
{"id":417,"date":"2025-04-01T10:01:52","date_gmt":"2025-04-01T13:01:52","guid":{"rendered":"https:\/\/www.uoh.cl\/acompanamiento-estudiantil\/aumento-de-consumo-de-drogas-en-adolescentes-chilenas-enciende-las-alarmas-que-esta-pasando\/"},"modified":"2025-04-01T10:01:52","modified_gmt":"2025-04-01T13:01:52","slug":"aumento-de-consumo-de-drogas-en-adolescentes-chilenas-enciende-las-alarmas-que-esta-pasando","status":"publish","type":"post","link":"https:\/\/www.uoh.cl\/acompanamiento-estudiantil\/aumento-de-consumo-de-drogas-en-adolescentes-chilenas-enciende-las-alarmas-que-esta-pasando\/","title":{"rendered":"Aumento de consumo de drogas en adolescentes chilenas enciende las alarmas: \u00bfqu\u00e9 est\u00e1 pasando?"},"content":{"rendered":"<div class=\"wpb-content-wrapper\"><p>[vc_section el_class=&#8221;container mx-auto align-items-center circle&#8211;pattern&#8221; css=&#8221;.vc_custom_1648956589196{padding-top: 3rem !important;}&#8221;][vc_row][vc_column]<div class=\"breadcrumb\"><ol itemscope itemtype=\"https:\/\/schema.org\/BreadcrumbList\"><li itemprop=\"itemListElement\" itemscope itemtype=\"https:\/\/schema.org\/ListItem\"><a itemprop=\"item\" href=\"http:\/\/www.uoh.cl\"><span itemprop=\"name\">Inicio<\/span><\/a><meta itemprop=\"position\" content=\"1\" \/><li itemprop=\"itemListElement\" itemscope itemtype=\"https:\/\/schema.org\/ListItem\"><a itemprop=\"item\" href=\"https:\/\/www.uoh.cl\/acompanamiento-estudiantil\"><span itemprop=\"name\">Unidad de Acompa\u00f1amiento Estudiantil<\/span><\/a><meta itemprop=\"position\" content=\"2\" \/><li itemprop=\"itemListElement\" itemscope itemtype=\"https:\/\/schema.org\/ListItem\"><a itemprop=\"item\" href=\"https:\/\/www.uoh.cl\/acompanamiento-estudiantil\/noticias\/\"><span itemprop=\"name\">Noticias<\/span><\/a><meta itemprop=\"position\" content=\"3\" \/><li itemprop=\"itemListElement\" itemscope itemtype=\"https:\/\/schema.org\/ListItem\"><span itemprop=\"name\">Aumento de consumo de drogas en adolescentes chilenas enciende las <\/span><meta itemprop=\"position\" content=\"4\" \/><\/ol><\/div><ul class=\"p-0 list-style-none d-inline-block\"><li class=\"p-0\"><a href=https:\/\/www.uoh.cl\/acompanamiento-estudiantil\/category\/institucional\/ class=\"px-1 py-2\">Institucional<\/a><\/li><\/ul><div class=\"date_publish_post\"> \u25cf Mar 01 de Abril 2025<\/div><div class=\"uoh_title_component-container\"><h1 class=\"title title--ms d-inline-block title--decorator  big\">Aumento de consumo de drogas en adolescentes chilenas enciende las alarmas: \u00bfqu\u00e9 est\u00e1 pasando?<\/h1><\/div>[vc_row_inner el_class=&#8221;border-separator m-0&#8243;][vc_column_inner width=&#8221;2\/3&#8243;]<div class=\"author_wp_class\"> Escrito por <span>Universidad de O'Higgins<\/span><\/div>[\/vc_column_inner][vc_column_inner el_class=&#8221;align-items-end-publish&#8221; width=&#8221;1\/3&#8243;]<div class=\"uoh_social_network_component uoh_row col-12 justify-content-end m-0 p-0\"> <div class=\"icon__facebook-share-button\">\n                       <a href=\"https:\/\/www.facebook.com\/sharer\/sharer.php?u=https:\/\/www.uoh.cl\/acompanamiento-estudiantil\/aumento-de-consumo-de-drogas-en-adolescentes-chilenas-enciende-las-alarmas-que-esta-pasando\/\" target=\"_blank\"> <div class=\"icon__facebook-svg\"><svg version=\"1.1\" xmlns=\"http:\/\/www.w3.org\/2000\/svg\" xmlns:xlink=\"http:\/\/www.w3.org\/1999\/xlink\" x=\"0px\" y=\"0px\" width=\"22.4px\" height=\"48.3px\" viewBox=\"0 0 22.4 48.3\" style=\"overflow:visible;enable-background:new 0 0 22.4 48.3;\" xml:space=\"preserve\">\n                <defs>\n                <\/defs>\n                <path class=\"st0\" d=\"M22.4,15.6h-7.6v-5c0-1.9,1.2-2.3,2.1-2.3c0.9,0,5.4,0,5.4,0V0l-7.4,0C6.6,0,4.8,6.2,4.8,10.1v5.5H0v8.5h4.8\n                    c0,10.9,0,24.1,0,24.1h10c0,0,0-13.3,0-24.1h6.8L22.4,15.6z\"><\/path>\n                <\/svg><\/a><\/div>\n                    <\/div><div class=\"icon__twitter-share-button\">\n                        <div class=\"icon__twitter-svg\"><a target=\"_blank\" href=\"http:\/\/twitter.com\/share?url=https:\/\/www.uoh.cl\/acompanamiento-estudiantil\/aumento-de-consumo-de-drogas-en-adolescentes-chilenas-enciende-las-alarmas-que-esta-pasando\/\"><svg xmlns=\"http:\/\/www.w3.org\/2000\/svg\" height=\"1em\" viewBox=\"0 0 512 512\"><!--! Font Awesome Free 6.4.2 by @fontawesome - https:\/\/fontawesome.com License - https:\/\/fontawesome.com\/license (Commercial License) Copyright 2023 Fonticons, Inc. --><path d=\"M389.2 48h70.6L305.6 224.2 487 464H345L233.7 318.6 106.5 464H35.8L200.7 275.5 26.8 48H172.4L272.9 180.9 389.2 48zM364.4 421.8h39.1L151.1 88h-42L364.4 421.8z\"\/><\/svg><\/a><\/div>\n                        <\/div><div class=\"icon__linkedin-share-button\">\n                        <div class=\"icon__linkedin-svg\">\n                        <a target=\"__blank\" href=\"https:\/\/www.linkedin.com\/sharing\/share-offsite\/?url=https:\/\/www.uoh.cl\/acompanamiento-estudiantil\/aumento-de-consumo-de-drogas-en-adolescentes-chilenas-enciende-las-alarmas-que-esta-pasando\/\"><svg enable-background=\"new 0 0 100 100\" height=\"100px\" id=\"Layer_1\" version=\"1.1\" viewBox=\"0 0 100 100\" width=\"100px\" xml:space=\"preserve\" xmlns=\"http:\/\/www.w3.org\/2000\/svg\" xmlns:xlink=\"http:\/\/www.w3.org\/1999\/xlink\"><g><circle cx=\"50\" cy=\"50\" fill=\"#ccc\" r=\"45\"\/><g id=\"LinkedIn_1_\"><rect fill=\"#FFFFFF\" height=\"24.361\" width=\"7.69\" x=\"31.271\" y=\"43.569\"\/><path d=\"M59.968,43.334c-4.406,0-7.165,2.387-7.677,4.058v-3.823h-8.636c0.109,2.03,0,24.361,0,24.361h8.636    V54.748c0-0.733-0.034-1.465,0.19-1.991c0.594-1.464,1.869-2.985,4.162-2.985c2.998,0,4.361,2.253,4.361,5.552V67.93h8.721V54.384    C69.726,46.839,65.432,43.334,59.968,43.334z\" fill=\"#FFFFFF\"\/><path d=\"M34.973,32.069c-2.839,0-4.696,1.823-4.696,4.229c0,2.361,1.804,4.224,4.589,4.224h0.054    c2.891,0,4.69-1.869,4.69-4.229C39.555,33.888,37.81,32.069,34.973,32.069z\" fill=\"#FFFFFF\"\/><\/g><\/g><\/svg><\/a><\/div>\n\n            <\/div><\/div>[\/vc_column_inner][\/vc_row_inner][vc_single_image image=&#8221;45305&#8243; img_size=&#8221;full&#8221; add_caption=&#8221;yes&#8221; alignment=&#8221;center&#8221; onclick=&#8221;link_image&#8221; css=&#8221;&#8221;][vc_column_text]\u00a0[\/vc_column_text][vc_column_text css=&#8221;&#8221;]<\/p>\n<ul>\n<li><i>Mientras las preferencias por el tabaco y alcohol disminuyen, la marihuana tiende a estabilizarse. Preocupa el aumento del uso de estupefacientes en mujeres en edad escolar, as\u00ed como el aumento general en drogas m\u00e1s duras. Aun as\u00ed, no todo est\u00e1 perdido: el informe tambi\u00e9n plantea datos alentadores.<\/i><\/li>\n<\/ul>\n<p>[\/vc_column_text][vc_column_text]\u00a0[\/vc_column_text][vc_column_text css=&#8221;&#8221;]Resultados del\u00a0<a href=\"https:\/\/www.senda.gob.cl\/wp-content\/uploads\/2025\/03\/Principales-Resultados-15%C2%B0-ENPE.pdf\" data-saferedirecturl=\"https:\/\/www.google.com\/url?q=https:\/\/www.senda.gob.cl\/wp-content\/uploads\/2025\/03\/Principales-Resultados-15%25C2%25B0-ENPE.pdf&amp;source=gmail&amp;ust=1743616168771000&amp;usg=AOvVaw3btiBXP-02Gok5Ohsyk6sj\">15\u00b0 Estudio de Drogas en Poblaci\u00f3n Escolar 2023<\/a>, publicados recientemente por el Servicio Nacional para la Prevenci\u00f3n y Rehabilitaci\u00f3n del Consumo de Drogas y Alcohol (SENDA), revela que un 21.4% de las estudiantes del 4to b\u00e1sico al 8vo medio afirmaron haber consumido drogas, mientras que los varones en esta misma etapa escolar registraron un 16.8%.<\/p>\n<p>Para el psic\u00f3logo de la Unidad de Acompa\u00f1amiento Estudiantil del PACE de la\u00a0<a href=\"https:\/\/www.uoh.cl\/\" data-saferedirecturl=\"https:\/\/www.google.com\/url?q=https:\/\/www.uoh.cl\/&amp;source=gmail&amp;ust=1743616168771000&amp;usg=AOvVaw2JzJ_p0PRqN6EmsUxBPul6\">Universidad de O\u2019Higgins<\/a> (UOH), Carlos Canobra, estas cifras sobre el aumento del consumo de drogas en estudiantes chilenas podr\u00edan obedecer a varios factores asociados a problemas de salud mental y aspectos sociales, donde la normalizaci\u00f3n del consumo femenino puede ser en respuesta para enfrentar y superar diversas problem\u00e1ticas. Adem\u00e1s, agreg\u00f3 que si bien debe ser analizado en profundidad y considerando diversas realidades &#8220;este aumento en el consumo de drogas en mujeres con edad escolar puede ser una forma de b\u00fasqueda de estabilidad ante conflictos emocionales, familiares o relaciones de pareja&#8221;.<\/p>\n<h4><strong>Drogas m\u00e1s duras: efecto pandemia<\/strong><\/h4>\n<p>Respecto al incremento en el consumo general de drogas m\u00e1s duras como coca\u00edna (2.5%) y pasta base (1.9%), &#8211; seg\u00fan detalla el estudio -, Canobra infiere que el factor mental y emocional sigue siendo preponderante, \u201cya que habitualmente, este tipo de drogas son utilizadas por adolescentes como una manera de huir ante situaciones dif\u00edciles de sobrellevar y como una forma de afrontar las diferentes situaciones, unas m\u00e1s complejas que otras&#8221;. Seg\u00fan el psic\u00f3logo la pandemia habr\u00eda exacerbado los entornos, afectando las relaciones entre las personas, deteriorando la salud mental de los j\u00f3venes.<\/p>\n<h4><strong>No todo est\u00e1 perdido<\/strong><\/h4>\n<p>No obstante, y pese a estos datos alarmantes, el experto destaca un lado alentador del estudio al se\u00f1alar que, si bien el consumo de marihuana en la poblaci\u00f3n escolar no ha disminuido de manera significativa, manteni\u00e9ndose en un 19.1% desde el 2021, el uso diario de tabaco alcanz\u00f3 su nivel m\u00e1s bajo desde el inicio de las mediciones, con una prevalencia del 1,3%, consolidando una tendencia a la baja en los \u00faltimos a\u00f1os. \u201cAsimismo, la prevalencia de consumo de alcohol disminuy\u00f3 de 24,0% en 2021 a 22,7% en 2023, marcando un descenso sostenido en los \u00faltimos cuatro estudios realizados de manera consecutiva desde el 2017\u201d. Canobra atribuye este descenso a factores relacionados con la b\u00fasqueda de una mejor calidad de vida, producto tambi\u00e9n del impacto de las campa\u00f1as acerca de las consecuencias nocivas que trae consigo el consumo de alcohol y tabaco.<\/p>\n<p>\u201cEste descenso apreciado en los resultados del reciente estudio publicado por SENDA, se explica por factores sociales donde, hoy en d\u00eda, es posible observar a adolescentes con un mayor inter\u00e9s por la actividad f\u00edsica y la b\u00fasqueda de estilo de vida saludable, disminuyendo la presi\u00f3n social que incite, como antes, al consumo de dichas sustancias. Adem\u00e1s, las campa\u00f1as de prevenci\u00f3n sobre los efectos nocivos, ha llevado a que exista un cambio en la percepci\u00f3n del riesgo. Esas son buenas noticias. No todo est\u00e1 perdido\u201d.<\/p>\n<h4><strong>Contenci\u00f3n y soluciones concretas<\/strong><\/h4>\n<p>Sin embargo, y m\u00e1s all\u00e1 de los datos alentadores del estudio, Canobra cree pertinente abordar esta realidad de tendencias mixtas en el consumo de alcohol, tabaco y narc\u00f3ticos, mediante el fortalecimiento de pol\u00edticas p\u00fablicas enfocadas en consumo de drogas, reforzando las estrategias de prevenci\u00f3n en la educaci\u00f3n, adapt\u00e1ndolas a los contextos y necesidades en adolescentes, adem\u00e1s de capacitar a los adultos responsables en herramientas preventivas.<\/p>\n<p>El psic\u00f3logo sostiene que la labor en el control y erradicaci\u00f3n del consumo de drogas en la poblaci\u00f3n escolar es una responsabilidad compartida que requiere el compromiso de toda la sociedad. Para Canobra es imperativo \u201cque las familias, las instituciones educativas y las autoridades trabajen conjuntamente\u201d en entornos seguros que promuevan estilos de vida positivos, y con todos los apoyos necesarios para enfrentar los desaf\u00edos que est\u00e1n por delante.<\/p>\n<p>\u201cTambi\u00e9n es necesario que el Estado se enfoque en la generaci\u00f3n de espacios de participaci\u00f3n, contenci\u00f3n y apoyo para escolares como elementos protectores y generadores de bienestar emocional, facilitando el acceso a atenci\u00f3n especializada por parte de profesionales de la salud mental\u201d. El psic\u00f3logo subraya la urgencia de implementar mecanismos de control y fiscalizaci\u00f3n que regulen el acceso a diferentes sustancias, especialmente entre menores de edad y adolescentes con la idea de seguir influyendo significativamente en la disminuci\u00f3n del consumo de todas estas sustancias. \u201cEl desaf\u00edo ahora es transformar la preocupaci\u00f3n y la alarma en soluciones concretas que protejan la salud, y la vida de las nuevas generaciones\u201d.[\/vc_column_text][vc_zigzag color=&#8221;white&#8221;][\/vc_column][\/vc_row][\/vc_section][vc_section css=&#8221;.vc_custom_1650255686594{background-color: #f6faff !important;}&#8221; el_class=&#8221;p-md-0 pt-md-5&#8243;][vc_row el_class=&#8221;container mx-auto align-items-center p-md-0 pt-5 pb-5&#8243;][vc_column el_class=&#8221;pb-5&#8243;][vc_row_inner el_class=&#8221;pb-5&#8243;][vc_column_inner]<div class=\"row m-0 p-0\"><div class=\"col-12 col-md-9 pt-5 pt-md-0\"><h2 class=\"title title--decorator title--ms d-inline-block\">Te Recomendamos<\/h2><\/div><\/div><div class=\"content-holder\"><div class=\"row  swipper-news-list not--activate-hack \"><div class=\"row -wrapper\"><div class=\"  col-sm-6 col-md-4 img-article\">\n                                        <div class=\"content-news-display row m-0 p-0\"><div class=\"holder p-0 \"><div class=\"img-wrap img-wrap-news\">\n                                        <div class=\"caption__news-category\">\n                                        <a href=\"https:\/\/www.uoh.cl\/acompanamiento-estudiantil\/category\/institucional\/\">\n                                        Institucional<\/a><\/div><\/div><\/div><div class=\"caption py-3 caption__news py-md-3 pb-md-5\">\n                                    <span class=\"caption__date\">Mi\u00e9rcoles 29, Abril<\/span>\n                                     <a href=\"https:\/\/www.uoh.cl\/acompanamiento-estudiantil\/reflexion-universitaria-uoh-inaugura-ano-academico-2026-pensando-en-los-desafios-de-la-educacion-superior\/\">\n                                    <h3 class=\"small-space\">Reflexi\u00f3n universitaria: UOH inaugura A\u00f1o Acad\u00e9mico 2026 pensando en los desaf\u00edos de la Educaci\u00f3n Superior<\/h3><\/a>\n\n                                    <p>La ceremonia promovi\u00f3 el an\u00e1lisis acerca de los cambios educativos que se avecinan dentro de los procesos de formaci\u00f3n universitaria ajustados a contextos digitales.   <\/p>\n                                    <a class=\"link link--bold mt-md-3\" href=\"https:\/\/www.uoh.cl\/acompanamiento-estudiantil\/reflexion-universitaria-uoh-inaugura-ano-academico-2026-pensando-en-los-desafios-de-la-educacion-superior\/\">Saber m\u00e1s <span class=\"icon icon--inline icon--link\"><svg version=\"1.1\" xmlns=\"http:\/\/www.w3.org\/2000\/svg\" xmlns:xlink=\"http:\/\/www.w3.org\/1999\/xlink\" x=\"0px\" y=\"0px\" width=\"22px\"height=\"22px\" viewBox=\"0 0 22 22\" style=\"overflow:visible;enable-background:new 0 0 80 64.6;\" xml:space=\"preserve\"><g clip-path=\"url(#acA)\"><path fill-rule=\"evenodd\" d=\"M21.913 11.266a.93.93 0 000-.711c-.022-.056-.063-.097-.091-.144s-.053-.103-.097-.15L12.306.294c-.357-.379-.955-.394-1.334-.038s-.394.955-.038 1.334l7.917 8.374H.927a.95.95 0 00-.908.983.946.946 0 00.908.908h17.924l-8.089 8.552c-.357.379-.341.977.034 1.334s.977.341 1.334-.034l9.594-10.148c.044-.044.063-.1.097-.15.028-.047.069-.088.091-.141z\"\/><\/g><defs><clipPath id=\"acA\"><path fill=\"#fff\" d=\"M0 0h22v22H0z\"\/><\/clipPath><\/defs><\/svg><\/span><\/a><\/div><\/div><\/div><div class=\"  col-sm-6 col-md-4 img-article\">\n                                        <div class=\"content-news-display row m-0 p-0\"><div class=\"holder p-0 \"><div class=\"img-wrap img-wrap-news\">\n                                        <div class=\"caption__news-category\">\n                                        <a href=\"https:\/\/www.uoh.cl\/acompanamiento-estudiantil\/category\/pace\/\">\n                                        PACE<\/a><\/div><img decoding=\"async\" class=\"w-100 h-100 lazyload\" data-src=\"https:\/\/www.uoh.cl\/acompanamiento-estudiantil\/wp-content\/uploads\/sites\/49\/2026\/04\/Actividad-PACE-2026-20.jpg\" alt=\"Doble bienvenida: Formaci\u00f3n Acad\u00e9mica UOH reuni\u00f3 a cientas\/os de estudiantes de cuarto medio que vivir\u00e1n experiencia universitaria\" style=\"--smush-placeholder-width: 1500px; --smush-placeholder-aspect-ratio: 1500\/1000;object-fit: cover; object-position: center;\" src=\"data:image\/svg+xml;base64,PHN2ZyB3aWR0aD0iMSIgaGVpZ2h0PSIxIiB4bWxucz0iaHR0cDovL3d3dy53My5vcmcvMjAwMC9zdmciPjwvc3ZnPg==\"><\/div><\/div><div class=\"caption py-3 caption__news py-md-3 pb-md-5\">\n                                    <span class=\"caption__date\">Martes 28, Abril<\/span>\n                                     <a href=\"https:\/\/www.uoh.cl\/acompanamiento-estudiantil\/doble-bienvenida-formacionacademica-uoh-reunio-a-cientos-as-de-estudiantes-de-cuarto-medio-que-viviran-experiencia-universitaria\/\">\n                                    <h3 class=\"small-space\">Doble bienvenida: Formaci\u00f3n Acad\u00e9mica UOH reuni\u00f3 a cientas\/os de estudiantes de cuarto medio que vivir\u00e1n experiencia universitaria<\/h3><\/a>\n\n                                    <p>El Programa de Acceso a la Educaci\u00f3n Superior de la Universidad de O\u2019Higgins (PACE UOH) realizar\u00e1, por segundo a\u00f1o consecutivo, un espacio que fortalecer\u00e1 competencias acad\u00e9micas y personales para j\u00f3venes que est\u00e1n finalizando su ense\u00f1anza media.<\/p>\n                                    <a class=\"link link--bold mt-md-3\" href=\"https:\/\/www.uoh.cl\/acompanamiento-estudiantil\/doble-bienvenida-formacionacademica-uoh-reunio-a-cientos-as-de-estudiantes-de-cuarto-medio-que-viviran-experiencia-universitaria\/\">Saber m\u00e1s <span class=\"icon icon--inline icon--link\"><svg version=\"1.1\" xmlns=\"http:\/\/www.w3.org\/2000\/svg\" xmlns:xlink=\"http:\/\/www.w3.org\/1999\/xlink\" x=\"0px\" y=\"0px\" width=\"22px\"height=\"22px\" viewBox=\"0 0 22 22\" style=\"overflow:visible;enable-background:new 0 0 80 64.6;\" xml:space=\"preserve\"><g clip-path=\"url(#acA)\"><path fill-rule=\"evenodd\" d=\"M21.913 11.266a.93.93 0 000-.711c-.022-.056-.063-.097-.091-.144s-.053-.103-.097-.15L12.306.294c-.357-.379-.955-.394-1.334-.038s-.394.955-.038 1.334l7.917 8.374H.927a.95.95 0 00-.908.983.946.946 0 00.908.908h17.924l-8.089 8.552c-.357.379-.341.977.034 1.334s.977.341 1.334-.034l9.594-10.148c.044-.044.063-.1.097-.15.028-.047.069-.088.091-.141z\"\/><\/g><defs><clipPath id=\"acA\"><path fill=\"#fff\" d=\"M0 0h22v22H0z\"\/><\/clipPath><\/defs><\/svg><\/span><\/a><\/div><\/div><\/div><div class=\"  col-sm-6 col-md-4 img-article\">\n                                        <div class=\"content-news-display row m-0 p-0\"><div class=\"holder p-0 \"><div class=\"img-wrap img-wrap-news\">\n                                        <div class=\"caption__news-category\">\n                                        <a href=\"https:\/\/www.uoh.cl\/acompanamiento-estudiantil\/category\/salud-mental\/\">\n                                        Salud Mental<\/a><\/div><img decoding=\"async\" class=\"w-100 h-100 lazyload\" data-src=\"https:\/\/www.uoh.cl\/acompanamiento-estudiantil\/wp-content\/uploads\/sites\/49\/2026\/04\/\u00bfComo-acompanar-ante-situaciones-impredecibles-Psicologa-de-la-Direccion-de-Salud-Mental-UOH-destaca-validacion-de-emociones-y-solicitar-apoyo.png\" alt=\"\u00bfC\u00f3mo acompa\u00f1ar ante situaciones impredecibles?: Psic\u00f3loga de la Direcci\u00f3n de Salud Mental UOH destaca validaci\u00f3n de emociones y solicitar apoyo\" style=\"--smush-placeholder-width: 1500px; --smush-placeholder-aspect-ratio: 1500\/1000;object-fit: cover; object-position: center;\" src=\"data:image\/svg+xml;base64,PHN2ZyB3aWR0aD0iMSIgaGVpZ2h0PSIxIiB4bWxucz0iaHR0cDovL3d3dy53My5vcmcvMjAwMC9zdmciPjwvc3ZnPg==\"><\/div><\/div><div class=\"caption py-3 caption__news py-md-3 pb-md-5\">\n                                    <span class=\"caption__date\">Martes 21, Abril<\/span>\n                                     <a href=\"https:\/\/www.uoh.cl\/acompanamiento-estudiantil\/como-acompanar-ante-situaciones-impredecibles-psicologa-de-la-direccion-de-salud-mental-uoh-destaca-validacion-de-emociones-y-solicitar-apoyo\/\">\n                                    <h3 class=\"small-space\">\u00bfC\u00f3mo acompa\u00f1ar ante situaciones impredecibles?: Psic\u00f3loga de la Direcci\u00f3n de Salud Mental UOH destaca validaci\u00f3n de emociones y solicitar apoyo<\/h3><\/a>\n\n                                    <p>La Universidad de O\u2019Higgins cuenta con distintas instancias para estar presente con estudiantes y la comunidad universitaria ante hechos que afecten su bienestar emocional. <\/p>\n                                    <a class=\"link link--bold mt-md-3\" href=\"https:\/\/www.uoh.cl\/acompanamiento-estudiantil\/como-acompanar-ante-situaciones-impredecibles-psicologa-de-la-direccion-de-salud-mental-uoh-destaca-validacion-de-emociones-y-solicitar-apoyo\/\">Saber m\u00e1s <span class=\"icon icon--inline icon--link\"><svg version=\"1.1\" xmlns=\"http:\/\/www.w3.org\/2000\/svg\" xmlns:xlink=\"http:\/\/www.w3.org\/1999\/xlink\" x=\"0px\" y=\"0px\" width=\"22px\"height=\"22px\" viewBox=\"0 0 22 22\" style=\"overflow:visible;enable-background:new 0 0 80 64.6;\" xml:space=\"preserve\"><g clip-path=\"url(#acA)\"><path fill-rule=\"evenodd\" d=\"M21.913 11.266a.93.93 0 000-.711c-.022-.056-.063-.097-.091-.144s-.053-.103-.097-.15L12.306.294c-.357-.379-.955-.394-1.334-.038s-.394.955-.038 1.334l7.917 8.374H.927a.95.95 0 00-.908.983.946.946 0 00.908.908h17.924l-8.089 8.552c-.357.379-.341.977.034 1.334s.977.341 1.334-.034l9.594-10.148c.044-.044.063-.1.097-.15.028-.047.069-.088.091-.141z\"\/><\/g><defs><clipPath id=\"acA\"><path fill=\"#fff\" d=\"M0 0h22v22H0z\"\/><\/clipPath><\/defs><\/svg><\/span><\/a><\/div><\/div><\/div><\/div><\/div><\/div><div class=\"pagination justify-content-center my-5\"><span aria-current=\"page\" class=\"page-numbers current\">1<\/span>\n<a class=\"page-numbers\" href=\"https:\/\/www.uoh.cl\/acompanamiento-estudiantil\/wp-json\/wp\/v2\/posts\/417\/\/page\/2\">2<\/a>\n<a class=\"page-numbers\" href=\"https:\/\/www.uoh.cl\/acompanamiento-estudiantil\/wp-json\/wp\/v2\/posts\/417\/\/page\/3\">3<\/a>\n<span class=\"page-numbers dots\">&hellip;<\/span>\n<a class=\"page-numbers\" href=\"https:\/\/www.uoh.cl\/acompanamiento-estudiantil\/wp-json\/wp\/v2\/posts\/417\/\/page\/25\">25<\/a>\n<a class=\"next page-numbers\" href=\"https:\/\/www.uoh.cl\/acompanamiento-estudiantil\/wp-json\/wp\/v2\/posts\/417\/\/page\/2\"><div class=\"icon-pagination-next\"> <?xml version=\"1.0\" ?><svg viewBox=\"0 0 96 96\" xmlns=\"http:\/\/www.w3.org\/2000\/svg\"><title\/><path d=\"M39.3756,48.0022l30.47-25.39a6.0035,6.0035,0,0,0-7.6878-9.223L26.1563,43.3906a6.0092,6.0092,0,0,0,0,9.2231L62.1578,82.615a6.0035,6.0035,0,0,0,7.6878-9.2231Z\"\/><\/svg> <\/div><\/a><\/div>[\/vc_column_inner][\/vc_row_inner][\/vc_column][\/vc_row][\/vc_section]<\/p>\n<\/div>","protected":false},"excerpt":{"rendered":"<p>Mientras las preferencias por el tabaco y alcohol disminuyen, la marihuana tiende a estabilizarse. Preocupa el aumento del uso de estupefacientes en mujeres en edad escolar, as\u00ed como el aumento general en drogas m\u00e1s duras. Aun as\u00ed, no todo est\u00e1 perdido: el informe tambi\u00e9n plantea datos alentadores.<\/p>\n","protected":false},"author":34,"featured_media":418,"comment_status":"open","ping_status":"open","sticky":false,"template":"","format":"standard","meta":{"_acf_changed":false,"footnotes":""},"categories":[6],"tags":[],"class_list":["post-417","post","type-post","status-publish","format-standard","has-post-thumbnail","hentry","category-institucional"],"acf":[],"yoast_head":"<!-- This site is optimized with the Yoast SEO plugin v26.6 - https:\/\/yoast.com\/wordpress\/plugins\/seo\/ -->\n<title>Aumento de consumo de drogas en adolescentes chilenas enciende las alarmas: \u00bfqu\u00e9 est\u00e1 pasando? - Unidad de Acompa\u00f1amiento Estudiantil<\/title>\n<meta name=\"description\" content=\"Mientras las preferencias por el tabaco y alcohol disminuyen, la marihuana tiende a estabilizarse. Preocupa el aumento del uso de estupefacientes en mujeres en edad escolar, as\u00ed como el aumento general en drogas m\u00e1s duras. Aun as\u00ed, no todo est\u00e1 perdido: el informe tambi\u00e9n plantea datos alentadores.\" \/>\n<meta name=\"robots\" content=\"noindex, nofollow\" \/>\n<meta property=\"og:locale\" content=\"es_ES\" \/>\n<meta property=\"og:type\" content=\"article\" \/>\n<meta property=\"og:title\" content=\"Aumento de consumo de drogas en adolescentes chilenas enciende las alarmas: \u00bfqu\u00e9 est\u00e1 pasando? - Unidad de Acompa\u00f1amiento Estudiantil\" \/>\n<meta property=\"og:description\" content=\"Mientras las preferencias por el tabaco y alcohol disminuyen, la marihuana tiende a estabilizarse. Preocupa el aumento del uso de estupefacientes en mujeres en edad escolar, as\u00ed como el aumento general en drogas m\u00e1s duras. Aun as\u00ed, no todo est\u00e1 perdido: el informe tambi\u00e9n plantea datos alentadores.\" \/>\n<meta property=\"og:url\" content=\"https:\/\/www.uoh.cl\/acompanamiento-estudiantil\/aumento-de-consumo-de-drogas-en-adolescentes-chilenas-enciende-las-alarmas-que-esta-pasando\/\" \/>\n<meta property=\"og:site_name\" content=\"Unidad de Acompa\u00f1amiento Estudiantil\" \/>\n<meta property=\"article:published_time\" content=\"2025-04-01T13:01:52+00:00\" \/>\n<meta property=\"og:image\" content=\"https:\/\/www.uoh.cl\/acompanamiento-estudiantil\/wp-content\/uploads\/sites\/49\/2025\/04\/Consumo-de-drogas-en-adolescentes.jpg\" \/>\n\t<meta property=\"og:image:width\" content=\"1000\" \/>\n\t<meta property=\"og:image:height\" content=\"1000\" \/>\n\t<meta property=\"og:image:type\" content=\"image\/jpeg\" \/>\n<meta name=\"author\" content=\"Universidad de O&#039;Higgins\" \/>\n<meta name=\"twitter:card\" content=\"summary_large_image\" \/>\n<meta name=\"twitter:label1\" content=\"Escrito por\" \/>\n\t<meta name=\"twitter:data1\" content=\"Universidad de O&#039;Higgins\" \/>\n\t<meta name=\"twitter:label2\" content=\"Tiempo estimado de lectura\" \/>\n\t<meta name=\"twitter:data2\" content=\"5 minutos\" \/>\n<script type=\"application\/ld+json\" class=\"yoast-schema-graph\">{\"@context\":\"https:\/\/schema.org\",\"@graph\":[{\"@type\":\"Article\",\"@id\":\"https:\/\/www.uoh.cl\/acompanamiento-estudiantil\/aumento-de-consumo-de-drogas-en-adolescentes-chilenas-enciende-las-alarmas-que-esta-pasando\/#article\",\"isPartOf\":{\"@id\":\"https:\/\/www.uoh.cl\/acompanamiento-estudiantil\/aumento-de-consumo-de-drogas-en-adolescentes-chilenas-enciende-las-alarmas-que-esta-pasando\/\"},\"author\":{\"name\":\"Universidad de O'Higgins\",\"@id\":\"https:\/\/www.uoh.cl\/acompanamiento-estudiantil\/#\/schema\/person\/ea242e676c7d6d7e46fc8b9e39486c4f\"},\"headline\":\"Aumento de consumo de drogas en adolescentes chilenas enciende las alarmas: \u00bfqu\u00e9 est\u00e1 pasando?\",\"datePublished\":\"2025-04-01T13:01:52+00:00\",\"mainEntityOfPage\":{\"@id\":\"https:\/\/www.uoh.cl\/acompanamiento-estudiantil\/aumento-de-consumo-de-drogas-en-adolescentes-chilenas-enciende-las-alarmas-que-esta-pasando\/\"},\"wordCount\":1069,\"commentCount\":0,\"publisher\":{\"@id\":\"https:\/\/www.uoh.cl\/acompanamiento-estudiantil\/#organization\"},\"image\":{\"@id\":\"https:\/\/www.uoh.cl\/acompanamiento-estudiantil\/aumento-de-consumo-de-drogas-en-adolescentes-chilenas-enciende-las-alarmas-que-esta-pasando\/#primaryimage\"},\"thumbnailUrl\":\"https:\/\/www.uoh.cl\/acompanamiento-estudiantil\/wp-content\/uploads\/sites\/49\/2025\/04\/Consumo-de-drogas-en-adolescentes.jpg\",\"articleSection\":[\"Institucional\"],\"inLanguage\":\"es-CL\",\"potentialAction\":[{\"@type\":\"CommentAction\",\"name\":\"Comment\",\"target\":[\"https:\/\/www.uoh.cl\/acompanamiento-estudiantil\/aumento-de-consumo-de-drogas-en-adolescentes-chilenas-enciende-las-alarmas-que-esta-pasando\/#respond\"]}]},{\"@type\":\"WebPage\",\"@id\":\"https:\/\/www.uoh.cl\/acompanamiento-estudiantil\/aumento-de-consumo-de-drogas-en-adolescentes-chilenas-enciende-las-alarmas-que-esta-pasando\/\",\"url\":\"https:\/\/www.uoh.cl\/acompanamiento-estudiantil\/aumento-de-consumo-de-drogas-en-adolescentes-chilenas-enciende-las-alarmas-que-esta-pasando\/\",\"name\":\"Aumento de consumo de drogas en adolescentes chilenas enciende las alarmas: \u00bfqu\u00e9 est\u00e1 pasando? - Unidad de Acompa\u00f1amiento Estudiantil\",\"isPartOf\":{\"@id\":\"https:\/\/www.uoh.cl\/acompanamiento-estudiantil\/#website\"},\"primaryImageOfPage\":{\"@id\":\"https:\/\/www.uoh.cl\/acompanamiento-estudiantil\/aumento-de-consumo-de-drogas-en-adolescentes-chilenas-enciende-las-alarmas-que-esta-pasando\/#primaryimage\"},\"image\":{\"@id\":\"https:\/\/www.uoh.cl\/acompanamiento-estudiantil\/aumento-de-consumo-de-drogas-en-adolescentes-chilenas-enciende-las-alarmas-que-esta-pasando\/#primaryimage\"},\"thumbnailUrl\":\"https:\/\/www.uoh.cl\/acompanamiento-estudiantil\/wp-content\/uploads\/sites\/49\/2025\/04\/Consumo-de-drogas-en-adolescentes.jpg\",\"datePublished\":\"2025-04-01T13:01:52+00:00\",\"description\":\"Mientras las preferencias por el tabaco y alcohol disminuyen, la marihuana tiende a estabilizarse. Preocupa el aumento del uso de estupefacientes en mujeres en edad escolar, as\u00ed como el aumento general en drogas m\u00e1s duras. Aun as\u00ed, no todo est\u00e1 perdido: el informe tambi\u00e9n plantea datos alentadores.\",\"breadcrumb\":{\"@id\":\"https:\/\/www.uoh.cl\/acompanamiento-estudiantil\/aumento-de-consumo-de-drogas-en-adolescentes-chilenas-enciende-las-alarmas-que-esta-pasando\/#breadcrumb\"},\"inLanguage\":\"es-CL\",\"potentialAction\":[{\"@type\":\"ReadAction\",\"target\":[\"https:\/\/www.uoh.cl\/acompanamiento-estudiantil\/aumento-de-consumo-de-drogas-en-adolescentes-chilenas-enciende-las-alarmas-que-esta-pasando\/\"]}]},{\"@type\":\"ImageObject\",\"inLanguage\":\"es-CL\",\"@id\":\"https:\/\/www.uoh.cl\/acompanamiento-estudiantil\/aumento-de-consumo-de-drogas-en-adolescentes-chilenas-enciende-las-alarmas-que-esta-pasando\/#primaryimage\",\"url\":\"https:\/\/www.uoh.cl\/acompanamiento-estudiantil\/wp-content\/uploads\/sites\/49\/2025\/04\/Consumo-de-drogas-en-adolescentes.jpg\",\"contentUrl\":\"https:\/\/www.uoh.cl\/acompanamiento-estudiantil\/wp-content\/uploads\/sites\/49\/2025\/04\/Consumo-de-drogas-en-adolescentes.jpg\",\"width\":1000,\"height\":1000},{\"@type\":\"BreadcrumbList\",\"@id\":\"https:\/\/www.uoh.cl\/acompanamiento-estudiantil\/aumento-de-consumo-de-drogas-en-adolescentes-chilenas-enciende-las-alarmas-que-esta-pasando\/#breadcrumb\",\"itemListElement\":[{\"@type\":\"ListItem\",\"position\":1,\"name\":\"Portada\",\"item\":\"https:\/\/www.uoh.cl\/acompanamiento-estudiantil\/\"},{\"@type\":\"ListItem\",\"position\":2,\"name\":\"Aumento de consumo de drogas en adolescentes chilenas enciende las alarmas: \u00bfqu\u00e9 est\u00e1 pasando?\"}]},{\"@type\":\"WebSite\",\"@id\":\"https:\/\/www.uoh.cl\/acompanamiento-estudiantil\/#website\",\"url\":\"https:\/\/www.uoh.cl\/acompanamiento-estudiantil\/\",\"name\":\"Unidad de Acompa\u00f1amiento Estudiantil\",\"description\":\"\",\"publisher\":{\"@id\":\"https:\/\/www.uoh.cl\/acompanamiento-estudiantil\/#organization\"},\"potentialAction\":[{\"@type\":\"SearchAction\",\"target\":{\"@type\":\"EntryPoint\",\"urlTemplate\":\"https:\/\/www.uoh.cl\/acompanamiento-estudiantil\/?s={search_term_string}\"},\"query-input\":{\"@type\":\"PropertyValueSpecification\",\"valueRequired\":true,\"valueName\":\"search_term_string\"}}],\"inLanguage\":\"es-CL\"},{\"@type\":\"Organization\",\"@id\":\"https:\/\/www.uoh.cl\/acompanamiento-estudiantil\/#organization\",\"name\":\"Unidad de Acompa\u00f1amiento Estudiantil\",\"url\":\"https:\/\/www.uoh.cl\/acompanamiento-estudiantil\/\",\"logo\":{\"@type\":\"ImageObject\",\"inLanguage\":\"es-CL\",\"@id\":\"https:\/\/www.uoh.cl\/acompanamiento-estudiantil\/#\/schema\/logo\/image\/\",\"url\":\"https:\/\/www.uoh.cl\/acompanamiento-estudiantil\/wp-content\/uploads\/sites\/49\/2024\/05\/UOHUAE.svg\",\"contentUrl\":\"https:\/\/www.uoh.cl\/acompanamiento-estudiantil\/wp-content\/uploads\/sites\/49\/2024\/05\/UOHUAE.svg\",\"caption\":\"Unidad de Acompa\u00f1amiento Estudiantil\"},\"image\":{\"@id\":\"https:\/\/www.uoh.cl\/acompanamiento-estudiantil\/#\/schema\/logo\/image\/\"}},{\"@type\":\"Person\",\"@id\":\"https:\/\/www.uoh.cl\/acompanamiento-estudiantil\/#\/schema\/person\/ea242e676c7d6d7e46fc8b9e39486c4f\",\"name\":\"Universidad de O'Higgins\",\"image\":{\"@type\":\"ImageObject\",\"inLanguage\":\"es-CL\",\"@id\":\"https:\/\/www.uoh.cl\/acompanamiento-estudiantil\/#\/schema\/person\/image\/\",\"url\":\"https:\/\/secure.gravatar.com\/avatar\/78fcb76ca05efae11fd355943c01a832a29786cc00d85b1a82c301bea2b2a214?s=96&d=mm&r=g\",\"contentUrl\":\"https:\/\/secure.gravatar.com\/avatar\/78fcb76ca05efae11fd355943c01a832a29786cc00d85b1a82c301bea2b2a214?s=96&d=mm&r=g\",\"caption\":\"Universidad de O'Higgins\"},\"url\":\"https:\/\/www.uoh.cl\/acompanamiento-estudiantil\/author\/mayordomo\/\"}]}<\/script>\n<!-- \/ Yoast SEO plugin. -->","yoast_head_json":{"title":"Aumento de consumo de drogas en adolescentes chilenas enciende las alarmas: \u00bfqu\u00e9 est\u00e1 pasando? - Unidad de Acompa\u00f1amiento Estudiantil","description":"Mientras las preferencias por el tabaco y alcohol disminuyen, la marihuana tiende a estabilizarse. Preocupa el aumento del uso de estupefacientes en mujeres en edad escolar, as\u00ed como el aumento general en drogas m\u00e1s duras. Aun as\u00ed, no todo est\u00e1 perdido: el informe tambi\u00e9n plantea datos alentadores.","robots":{"index":"noindex","follow":"nofollow"},"og_locale":"es_ES","og_type":"article","og_title":"Aumento de consumo de drogas en adolescentes chilenas enciende las alarmas: \u00bfqu\u00e9 est\u00e1 pasando? - Unidad de Acompa\u00f1amiento Estudiantil","og_description":"Mientras las preferencias por el tabaco y alcohol disminuyen, la marihuana tiende a estabilizarse. Preocupa el aumento del uso de estupefacientes en mujeres en edad escolar, as\u00ed como el aumento general en drogas m\u00e1s duras. Aun as\u00ed, no todo est\u00e1 perdido: el informe tambi\u00e9n plantea datos alentadores.","og_url":"https:\/\/www.uoh.cl\/acompanamiento-estudiantil\/aumento-de-consumo-de-drogas-en-adolescentes-chilenas-enciende-las-alarmas-que-esta-pasando\/","og_site_name":"Unidad de Acompa\u00f1amiento Estudiantil","article_published_time":"2025-04-01T13:01:52+00:00","og_image":[{"width":1000,"height":1000,"url":"https:\/\/www.uoh.cl\/acompanamiento-estudiantil\/wp-content\/uploads\/sites\/49\/2025\/04\/Consumo-de-drogas-en-adolescentes.jpg","type":"image\/jpeg"}],"author":"Universidad de O'Higgins","twitter_card":"summary_large_image","twitter_misc":{"Escrito por":"Universidad de O'Higgins","Tiempo estimado de lectura":"5 minutos"},"schema":{"@context":"https:\/\/schema.org","@graph":[{"@type":"Article","@id":"https:\/\/www.uoh.cl\/acompanamiento-estudiantil\/aumento-de-consumo-de-drogas-en-adolescentes-chilenas-enciende-las-alarmas-que-esta-pasando\/#article","isPartOf":{"@id":"https:\/\/www.uoh.cl\/acompanamiento-estudiantil\/aumento-de-consumo-de-drogas-en-adolescentes-chilenas-enciende-las-alarmas-que-esta-pasando\/"},"author":{"name":"Universidad de O'Higgins","@id":"https:\/\/www.uoh.cl\/acompanamiento-estudiantil\/#\/schema\/person\/ea242e676c7d6d7e46fc8b9e39486c4f"},"headline":"Aumento de consumo de drogas en adolescentes chilenas enciende las alarmas: \u00bfqu\u00e9 est\u00e1 pasando?","datePublished":"2025-04-01T13:01:52+00:00","mainEntityOfPage":{"@id":"https:\/\/www.uoh.cl\/acompanamiento-estudiantil\/aumento-de-consumo-de-drogas-en-adolescentes-chilenas-enciende-las-alarmas-que-esta-pasando\/"},"wordCount":1069,"commentCount":0,"publisher":{"@id":"https:\/\/www.uoh.cl\/acompanamiento-estudiantil\/#organization"},"image":{"@id":"https:\/\/www.uoh.cl\/acompanamiento-estudiantil\/aumento-de-consumo-de-drogas-en-adolescentes-chilenas-enciende-las-alarmas-que-esta-pasando\/#primaryimage"},"thumbnailUrl":"https:\/\/www.uoh.cl\/acompanamiento-estudiantil\/wp-content\/uploads\/sites\/49\/2025\/04\/Consumo-de-drogas-en-adolescentes.jpg","articleSection":["Institucional"],"inLanguage":"es-CL","potentialAction":[{"@type":"CommentAction","name":"Comment","target":["https:\/\/www.uoh.cl\/acompanamiento-estudiantil\/aumento-de-consumo-de-drogas-en-adolescentes-chilenas-enciende-las-alarmas-que-esta-pasando\/#respond"]}]},{"@type":"WebPage","@id":"https:\/\/www.uoh.cl\/acompanamiento-estudiantil\/aumento-de-consumo-de-drogas-en-adolescentes-chilenas-enciende-las-alarmas-que-esta-pasando\/","url":"https:\/\/www.uoh.cl\/acompanamiento-estudiantil\/aumento-de-consumo-de-drogas-en-adolescentes-chilenas-enciende-las-alarmas-que-esta-pasando\/","name":"Aumento de consumo de drogas en adolescentes chilenas enciende las alarmas: \u00bfqu\u00e9 est\u00e1 pasando? - Unidad de Acompa\u00f1amiento Estudiantil","isPartOf":{"@id":"https:\/\/www.uoh.cl\/acompanamiento-estudiantil\/#website"},"primaryImageOfPage":{"@id":"https:\/\/www.uoh.cl\/acompanamiento-estudiantil\/aumento-de-consumo-de-drogas-en-adolescentes-chilenas-enciende-las-alarmas-que-esta-pasando\/#primaryimage"},"image":{"@id":"https:\/\/www.uoh.cl\/acompanamiento-estudiantil\/aumento-de-consumo-de-drogas-en-adolescentes-chilenas-enciende-las-alarmas-que-esta-pasando\/#primaryimage"},"thumbnailUrl":"https:\/\/www.uoh.cl\/acompanamiento-estudiantil\/wp-content\/uploads\/sites\/49\/2025\/04\/Consumo-de-drogas-en-adolescentes.jpg","datePublished":"2025-04-01T13:01:52+00:00","description":"Mientras las preferencias por el tabaco y alcohol disminuyen, la marihuana tiende a estabilizarse. Preocupa el aumento del uso de estupefacientes en mujeres en edad escolar, as\u00ed como el aumento general en drogas m\u00e1s duras. Aun as\u00ed, no todo est\u00e1 perdido: el informe tambi\u00e9n plantea datos alentadores.","breadcrumb":{"@id":"https:\/\/www.uoh.cl\/acompanamiento-estudiantil\/aumento-de-consumo-de-drogas-en-adolescentes-chilenas-enciende-las-alarmas-que-esta-pasando\/#breadcrumb"},"inLanguage":"es-CL","potentialAction":[{"@type":"ReadAction","target":["https:\/\/www.uoh.cl\/acompanamiento-estudiantil\/aumento-de-consumo-de-drogas-en-adolescentes-chilenas-enciende-las-alarmas-que-esta-pasando\/"]}]},{"@type":"ImageObject","inLanguage":"es-CL","@id":"https:\/\/www.uoh.cl\/acompanamiento-estudiantil\/aumento-de-consumo-de-drogas-en-adolescentes-chilenas-enciende-las-alarmas-que-esta-pasando\/#primaryimage","url":"https:\/\/www.uoh.cl\/acompanamiento-estudiantil\/wp-content\/uploads\/sites\/49\/2025\/04\/Consumo-de-drogas-en-adolescentes.jpg","contentUrl":"https:\/\/www.uoh.cl\/acompanamiento-estudiantil\/wp-content\/uploads\/sites\/49\/2025\/04\/Consumo-de-drogas-en-adolescentes.jpg","width":1000,"height":1000},{"@type":"BreadcrumbList","@id":"https:\/\/www.uoh.cl\/acompanamiento-estudiantil\/aumento-de-consumo-de-drogas-en-adolescentes-chilenas-enciende-las-alarmas-que-esta-pasando\/#breadcrumb","itemListElement":[{"@type":"ListItem","position":1,"name":"Portada","item":"https:\/\/www.uoh.cl\/acompanamiento-estudiantil\/"},{"@type":"ListItem","position":2,"name":"Aumento de consumo de drogas en adolescentes chilenas enciende las alarmas: \u00bfqu\u00e9 est\u00e1 pasando?"}]},{"@type":"WebSite","@id":"https:\/\/www.uoh.cl\/acompanamiento-estudiantil\/#website","url":"https:\/\/www.uoh.cl\/acompanamiento-estudiantil\/","name":"Unidad de Acompa\u00f1amiento Estudiantil","description":"","publisher":{"@id":"https:\/\/www.uoh.cl\/acompanamiento-estudiantil\/#organization"},"potentialAction":[{"@type":"SearchAction","target":{"@type":"EntryPoint","urlTemplate":"https:\/\/www.uoh.cl\/acompanamiento-estudiantil\/?s={search_term_string}"},"query-input":{"@type":"PropertyValueSpecification","valueRequired":true,"valueName":"search_term_string"}}],"inLanguage":"es-CL"},{"@type":"Organization","@id":"https:\/\/www.uoh.cl\/acompanamiento-estudiantil\/#organization","name":"Unidad de Acompa\u00f1amiento Estudiantil","url":"https:\/\/www.uoh.cl\/acompanamiento-estudiantil\/","logo":{"@type":"ImageObject","inLanguage":"es-CL","@id":"https:\/\/www.uoh.cl\/acompanamiento-estudiantil\/#\/schema\/logo\/image\/","url":"https:\/\/www.uoh.cl\/acompanamiento-estudiantil\/wp-content\/uploads\/sites\/49\/2024\/05\/UOHUAE.svg","contentUrl":"https:\/\/www.uoh.cl\/acompanamiento-estudiantil\/wp-content\/uploads\/sites\/49\/2024\/05\/UOHUAE.svg","caption":"Unidad de Acompa\u00f1amiento Estudiantil"},"image":{"@id":"https:\/\/www.uoh.cl\/acompanamiento-estudiantil\/#\/schema\/logo\/image\/"}},{"@type":"Person","@id":"https:\/\/www.uoh.cl\/acompanamiento-estudiantil\/#\/schema\/person\/ea242e676c7d6d7e46fc8b9e39486c4f","name":"Universidad de O'Higgins","image":{"@type":"ImageObject","inLanguage":"es-CL","@id":"https:\/\/www.uoh.cl\/acompanamiento-estudiantil\/#\/schema\/person\/image\/","url":"https:\/\/secure.gravatar.com\/avatar\/78fcb76ca05efae11fd355943c01a832a29786cc00d85b1a82c301bea2b2a214?s=96&d=mm&r=g","contentUrl":"https:\/\/secure.gravatar.com\/avatar\/78fcb76ca05efae11fd355943c01a832a29786cc00d85b1a82c301bea2b2a214?s=96&d=mm&r=g","caption":"Universidad de O'Higgins"},"url":"https:\/\/www.uoh.cl\/acompanamiento-estudiantil\/author\/mayordomo\/"}]}},"_links":{"self":[{"href":"https:\/\/www.uoh.cl\/acompanamiento-estudiantil\/wp-json\/wp\/v2\/posts\/417","targetHints":{"allow":["GET"]}}],"collection":[{"href":"https:\/\/www.uoh.cl\/acompanamiento-estudiantil\/wp-json\/wp\/v2\/posts"}],"about":[{"href":"https:\/\/www.uoh.cl\/acompanamiento-estudiantil\/wp-json\/wp\/v2\/types\/post"}],"author":[{"embeddable":true,"href":"https:\/\/www.uoh.cl\/acompanamiento-estudiantil\/wp-json\/wp\/v2\/users\/34"}],"replies":[{"embeddable":true,"href":"https:\/\/www.uoh.cl\/acompanamiento-estudiantil\/wp-json\/wp\/v2\/comments?post=417"}],"version-history":[{"count":0,"href":"https:\/\/www.uoh.cl\/acompanamiento-estudiantil\/wp-json\/wp\/v2\/posts\/417\/revisions"}],"wp:featuredmedia":[{"embeddable":true,"href":"https:\/\/www.uoh.cl\/acompanamiento-estudiantil\/wp-json\/wp\/v2\/media\/418"}],"wp:attachment":[{"href":"https:\/\/www.uoh.cl\/acompanamiento-estudiantil\/wp-json\/wp\/v2\/media?parent=417"}],"wp:term":[{"taxonomy":"category","embeddable":true,"href":"https:\/\/www.uoh.cl\/acompanamiento-estudiantil\/wp-json\/wp\/v2\/categories?post=417"},{"taxonomy":"post_tag","embeddable":true,"href":"https:\/\/www.uoh.cl\/acompanamiento-estudiantil\/wp-json\/wp\/v2\/tags?post=417"}],"curies":[{"name":"wp","href":"https:\/\/api.w.org\/{rel}","templated":true}]}}