
{"id":112,"date":"2024-01-31T11:19:19","date_gmt":"2024-01-31T14:19:19","guid":{"rendered":"https:\/\/www.uoh.cl\/uae\/?p=112"},"modified":"2024-06-13T12:08:44","modified_gmt":"2024-06-13T15:08:44","slug":"pace-uoh-profesionales-ejecutores-pace-se-capacitan-para-brindar-acompanamiento-en-ensenanza-media","status":"publish","type":"post","link":"https:\/\/www.uoh.cl\/acompanamiento-estudiantil\/pace-uoh-profesionales-ejecutores-pace-se-capacitan-para-brindar-acompanamiento-en-ensenanza-media\/","title":{"rendered":"PACE UOH: profesionales ejecutores PACE se capacitan para brindar acompa\u00f1amiento en ense\u00f1anza media"},"content":{"rendered":"<div class=\"wpb-content-wrapper\"><p>[vc_row][vc_column][vc_column_text]<span data-mce-type=\"bookmark\" style=\"display: inline-block; width: 0px; overflow: hidden; line-height: 0;\" class=\"mce_SELRES_start\">\ufeff<\/span>[\/vc_column_text][\/vc_column][\/vc_row][vc_section el_class=&#8221;container mx-auto align-items-center circle&#8211;pattern&#8221; css=&#8221;.vc_custom_1648956589196{padding-top: 3rem !important;}&#8221;][vc_row][vc_column]<div class=\"breadcrumb\"><ol itemscope itemtype=\"https:\/\/schema.org\/BreadcrumbList\"><li itemprop=\"itemListElement\" itemscope itemtype=\"https:\/\/schema.org\/ListItem\"><a itemprop=\"item\" href=\"http:\/\/www.uoh.cl\"><span itemprop=\"name\">Inicio<\/span><\/a><meta itemprop=\"position\" content=\"1\" \/><li itemprop=\"itemListElement\" itemscope itemtype=\"https:\/\/schema.org\/ListItem\"><a itemprop=\"item\" href=\"https:\/\/www.uoh.cl\/acompanamiento-estudiantil\"><span itemprop=\"name\">Unidad de Acompa\u00f1amiento Estudiantil<\/span><\/a><meta itemprop=\"position\" content=\"2\" \/><li itemprop=\"itemListElement\" itemscope itemtype=\"https:\/\/schema.org\/ListItem\"><a itemprop=\"item\" href=\"https:\/\/www.uoh.cl\/acompanamiento-estudiantil\/noticias\/\"><span itemprop=\"name\">Noticias<\/span><\/a><meta itemprop=\"position\" content=\"3\" \/><li itemprop=\"itemListElement\" itemscope itemtype=\"https:\/\/schema.org\/ListItem\"><span itemprop=\"name\">PACE UOH: profesionales ejecutores PACE se capacitan para brindar acompa\u00f1amiento <\/span><meta itemprop=\"position\" content=\"4\" \/><\/ol><\/div><ul class=\"p-0 list-style-none d-inline-block\"><li class=\"p-0\"><a href=https:\/\/www.uoh.cl\/acompanamiento-estudiantil\/category\/pace\/ class=\"px-1 py-2\">PACE<\/a><\/li><\/ul><div class=\"date_publish_post\"> \u25cf Mi\u00e9 31 de Enero 2024<\/div><div class=\"uoh_title_component-container\"><h1 class=\"title title--ms d-inline-block title--decorator  big\">PACE UOH: profesionales ejecutores PACE se capacitan para brindar acompa\u00f1amiento en ense\u00f1anza media<\/h1><\/div>[vc_row_inner el_class=&#8221;border-separator m-0&#8243;][vc_column_inner width=&#8221;2\/3&#8243;]<div class=\"author_wp_class\"> Escrito por <span>Alex Abarca<\/span><\/div>[\/vc_column_inner][vc_column_inner el_class=&#8221;align-items-end-publish&#8221; width=&#8221;1\/3&#8243;]<div class=\"uoh_social_network_component uoh_row col-12 justify-content-end m-0 p-0\"> <div class=\"icon__facebook-share-button\">\n                       <a href=\"https:\/\/www.facebook.com\/sharer\/sharer.php?u=https:\/\/www.uoh.cl\/acompanamiento-estudiantil\/pace-uoh-profesionales-ejecutores-pace-se-capacitan-para-brindar-acompanamiento-en-ensenanza-media\/\" target=\"_blank\"> <div class=\"icon__facebook-svg\"><svg version=\"1.1\" xmlns=\"http:\/\/www.w3.org\/2000\/svg\" xmlns:xlink=\"http:\/\/www.w3.org\/1999\/xlink\" x=\"0px\" y=\"0px\" width=\"22.4px\" height=\"48.3px\" viewBox=\"0 0 22.4 48.3\" style=\"overflow:visible;enable-background:new 0 0 22.4 48.3;\" xml:space=\"preserve\">\n                <defs>\n                <\/defs>\n                <path class=\"st0\" d=\"M22.4,15.6h-7.6v-5c0-1.9,1.2-2.3,2.1-2.3c0.9,0,5.4,0,5.4,0V0l-7.4,0C6.6,0,4.8,6.2,4.8,10.1v5.5H0v8.5h4.8\n                    c0,10.9,0,24.1,0,24.1h10c0,0,0-13.3,0-24.1h6.8L22.4,15.6z\"><\/path>\n                <\/svg><\/a><\/div>\n                    <\/div><div class=\"icon__twitter-share-button\">\n                        <div class=\"icon__twitter-svg\"><a target=\"_blank\" href=\"http:\/\/twitter.com\/share?url=https:\/\/www.uoh.cl\/acompanamiento-estudiantil\/pace-uoh-profesionales-ejecutores-pace-se-capacitan-para-brindar-acompanamiento-en-ensenanza-media\/\"><svg xmlns=\"http:\/\/www.w3.org\/2000\/svg\" height=\"1em\" viewBox=\"0 0 512 512\"><!--! Font Awesome Free 6.4.2 by @fontawesome - https:\/\/fontawesome.com License - https:\/\/fontawesome.com\/license (Commercial License) Copyright 2023 Fonticons, Inc. --><path d=\"M389.2 48h70.6L305.6 224.2 487 464H345L233.7 318.6 106.5 464H35.8L200.7 275.5 26.8 48H172.4L272.9 180.9 389.2 48zM364.4 421.8h39.1L151.1 88h-42L364.4 421.8z\"\/><\/svg><\/a><\/div>\n                        <\/div><div class=\"icon__linkedin-share-button\">\n                        <div class=\"icon__linkedin-svg\">\n                        <a target=\"__blank\" href=\"https:\/\/www.linkedin.com\/sharing\/share-offsite\/?url=https:\/\/www.uoh.cl\/acompanamiento-estudiantil\/pace-uoh-profesionales-ejecutores-pace-se-capacitan-para-brindar-acompanamiento-en-ensenanza-media\/\"><svg enable-background=\"new 0 0 100 100\" height=\"100px\" id=\"Layer_1\" version=\"1.1\" viewBox=\"0 0 100 100\" width=\"100px\" xml:space=\"preserve\" xmlns=\"http:\/\/www.w3.org\/2000\/svg\" xmlns:xlink=\"http:\/\/www.w3.org\/1999\/xlink\"><g><circle cx=\"50\" cy=\"50\" fill=\"#ccc\" r=\"45\"\/><g id=\"LinkedIn_1_\"><rect fill=\"#FFFFFF\" height=\"24.361\" width=\"7.69\" x=\"31.271\" y=\"43.569\"\/><path d=\"M59.968,43.334c-4.406,0-7.165,2.387-7.677,4.058v-3.823h-8.636c0.109,2.03,0,24.361,0,24.361h8.636    V54.748c0-0.733-0.034-1.465,0.19-1.991c0.594-1.464,1.869-2.985,4.162-2.985c2.998,0,4.361,2.253,4.361,5.552V67.93h8.721V54.384    C69.726,46.839,65.432,43.334,59.968,43.334z\" fill=\"#FFFFFF\"\/><path d=\"M34.973,32.069c-2.839,0-4.696,1.823-4.696,4.229c0,2.361,1.804,4.224,4.589,4.224h0.054    c2.891,0,4.69-1.869,4.69-4.229C39.555,33.888,37.81,32.069,34.973,32.069z\" fill=\"#FFFFFF\"\/><\/g><\/g><\/svg><\/a><\/div>\n\n            <\/div><\/div>[\/vc_column_inner][\/vc_row_inner][vc_single_image image=&#8221;116&#8243; img_size=&#8221;full&#8221; add_caption=&#8221;yes&#8221; alignment=&#8221;center&#8221; onclick=&#8221;img_link_large&#8221; img_link_target=&#8221;_blank&#8221;][vc_column_text]\u00a0[\/vc_column_text][vc_column_text]<\/p>\n<ul>\n<li><em>Las jornadas se realizaron en el Campus Rancagua de la Universidad de O\u2019Higgins, junto a la Unidad de Inclusi\u00f3n y la Direcci\u00f3n de Salud Mental. <\/em><\/li>\n<\/ul>\n<p>[\/vc_column_text][vc_column_text]\u00a0[\/vc_column_text][vc_column_text]\u00bfQu\u00e9 hacer cuando se quiere mejorar? Aprender, capacitarse y adquirir nuevos conocimientos. El equipo del <a href=\"https:\/\/acceso.mineduc.cl\/admision-universidades-2023\/portal-pace\/\">Programa de Acceso a la Educaci\u00f3n Superior<\/a> de la <a href=\"http:\/\/www.uoh.cl\">Universidad de O\u2019Higgins<\/a> (PACE UOH) as\u00ed lo comprende. Por eso, realiz\u00f3 m\u00e1s de nueve capacitaciones durante el mes de enero para los\/as profesionales ejecutores de los 30 liceos adscritos a la iniciativa del Ministerio de Educaci\u00f3n.<\/p>\n<p>Para la coordinadora ejecutiva de PACE UOH, Patricia Madariaga, es trascendental realizar estas jornadas \u201cporque siempre es importante seguir avanzando, creciendo profesionalmente y seguir perfeccion\u00e1ndose para entregar un acompa\u00f1amiento de calidad a los estudiantes de los liceos adscritos al programa. Hemos intencionado que las capacitaciones respondan a las necesidades m\u00e1s urgentes que enfrentan nuestros j\u00f3venes hoy d\u00eda. Agradezco enormemente el apoyo fundamental que nos entregaron los profesionales de la Universidad de O&#8217;Higgins, entre otros\u201d.<\/p>\n<p>Entre las capacitaciones destacan: \u201cEl uso de juegos de mesa como recurso de aprendizaje\u201d, \u201cEducaci\u00f3n en contextos diversos\u201d, \u201cProceso de beneficios estudiantiles\u201d, \u201cHabilidades socioemocionales\u201d y \u201cEstrategias y T\u00e9cnicas Did\u00e1cticas para el Reforzamiento de Habilidades para el siglo XXI\u201d.<\/p>\n<p>B\u00e1rbara Blanco, asesora educacional y directora t\u00e9cnica de Cumbre, fue quien dict\u00f3 la \u00faltima capacitaci\u00f3n descrita y asegur\u00f3 que las estrategias y t\u00e9cnicas did\u00e1cticas experimentan una constante evoluci\u00f3n, al comp\u00e1s de los cambios de la sociedad. \u201cAjustar estrategias se convierte, as\u00ed, en un proceso fundamental que ocupa un lugar destacado en la planificaci\u00f3n de las experiencias de aprendizaje para los\/as alumnos\/as de los liceos vinculados al programa PACE UOH. Este ajuste constante tiene como objetivo primordial mejorar la calidad de las vivencias educativas\u201d, detall\u00f3.<\/p>\n<p>\u201cConstituye el desaf\u00edo central que los\/as profesionales ejecutores PACE UOH deben afrontar: concebir espacios de aprendizaje que no s\u00f3lo posibiliten el desarrollo de las habilidades del siglo XXI, sino que adem\u00e1s consideren estrategias did\u00e1cticas y t\u00e9cnicas espec\u00edficas para cada experiencia. Este enfoque debe tener en cuenta las caracter\u00edsticas e intereses diversos de los distintos grupos de estudiantes, buscando lograr aprendizajes clave que los equipen con herramientas s\u00f3lidas para enfrentar con \u00e9xito la educaci\u00f3n terciaria\u201d, agreg\u00f3 la especialista.<\/p>\n<h4><strong>Estrategias de intervenci\u00f3n <\/strong><\/h4>\n<p>La Unidad de Inclusi\u00f3n de la Direcci\u00f3n de Asuntos Estudiantiles (DAE UOH) dict\u00f3 una Capacitaci\u00f3n para saber c\u00f3mo abordar estrategias de intervenci\u00f3n para alumnos\/as con Trastorno del Espectro Austista (TEA). Vania Vergara, fonoaudi\u00f3loga de la DAE, explic\u00f3 que algunos de los principales ajustes que favorecen una educaci\u00f3n m\u00e1s equitativa y en igualdad de condiciones es poder entregar informaci\u00f3n que sea concreta, estable y a trav\u00e9s de algo visual o escrito.<\/p>\n<p>\u201cTambi\u00e9n existen estrategias de disminuci\u00f3n de est\u00edmulos sensoriales que puedan favorecer la regulaci\u00f3n. Por ejemplo, poder asistir con aud\u00edfonos canceladores de ruido o tapones, etc\u00e9tera. Poder entrar a las clases o evaluaciones con elementos que les ayuden a disminuir la ansiedad, juguetes antiestr\u00e9s, pero, principalmente les recomendamos la anticipaci\u00f3n de poder identificar todo lo que va a pasar, que est\u00e9 todo bajo control o saber. Eso facilita mucho la integraci\u00f3n de personas dentro del espectro autista\u201d, a\u00f1adi\u00f3 la profesional.<\/p>\n<p>La profesional ejecutora PACE del Liceo Comercial Jorge Alessandri Rodr\u00edguez, Claudia Aldunce, comparti\u00f3 una experiencia de uno de sus alumnos\/as. \u201cA dos estudiantes con TEA, que ingresar\u00e1n a la educaci\u00f3n superior, les coment\u00e9 que se pueden autorreportar sobre su condici\u00f3n y me aseguraron que ya lo hab\u00edan averiguado. Me parece una fabulosa oportunidad porque podr\u00e1n tener adecuaciones y, adem\u00e1s, que la UOH sepa que si su desempe\u00f1o est\u00e1 bajando o tiene alguna caracter\u00edstica relevante podr\u00e1 acudir la Unidad de Inclusi\u00f3n. En los establecimientos est\u00e1n acostumbrados\/as a tener esta ayuda durante toda su trayectoria\u201d, destac\u00f3.[\/vc_column_text][vc_zigzag color=&#8221;white&#8221;][vc_single_image image=&#8221;115&#8243; img_size=&#8221;large&#8221; alignment=&#8221;center&#8221; onclick=&#8221;link_image&#8221;][vc_zigzag color=&#8221;white&#8221;][\/vc_column][\/vc_row][\/vc_section][vc_row][vc_column][vc_column_text]<span data-mce-type=\"bookmark\" style=\"display: inline-block; width: 0px; overflow: hidden; line-height: 0;\" class=\"mce_SELRES_end\">\ufeff<\/span>[\/vc_column_text][\/vc_column][\/vc_row][vc_section css=&#8221;.vc_custom_1650255686594{background-color: #f6faff !important;}&#8221; el_class=&#8221;p-md-0 pt-md-5&#8243;][vc_row el_class=&#8221;container mx-auto align-items-center p-md-0 pt-5 pb-5&#8243;][vc_column el_class=&#8221;pb-5&#8243;][vc_row_inner el_class=&#8221;pb-5&#8243;][vc_column_inner]<div class=\"row m-0 p-0\"><div class=\"col-12 col-md-9 pt-5 pt-md-0\"><h2 class=\"title title--decorator title--ms d-inline-block\">Te Recomendamos<\/h2><\/div><\/div><div class=\"content-holder\"><div class=\"row  swipper-news-list not--activate-hack \"><div class=\"row -wrapper\"><div class=\"  col-sm-6 col-md-4 img-article\">\n                                        <div class=\"content-news-display row m-0 p-0\"><div class=\"holder p-0 \"><div class=\"img-wrap img-wrap-news\">\n                                        <div class=\"caption__news-category\">\n                                        <a href=\"https:\/\/www.uoh.cl\/acompanamiento-estudiantil\/category\/institucional\/\">\n                                        Institucional<\/a><\/div><\/div><\/div><div class=\"caption py-3 caption__news py-md-3 pb-md-5\">\n                                    <span class=\"caption__date\">Mi\u00e9rcoles 29, Abril<\/span>\n                                     <a href=\"https:\/\/www.uoh.cl\/acompanamiento-estudiantil\/reflexion-universitaria-uoh-inaugura-ano-academico-2026-pensando-en-los-desafios-de-la-educacion-superior\/\">\n                                    <h3 class=\"small-space\">Reflexi\u00f3n universitaria: UOH inaugura A\u00f1o Acad\u00e9mico 2026 pensando en los desaf\u00edos de la Educaci\u00f3n Superior<\/h3><\/a>\n\n                                    <p>La ceremonia promovi\u00f3 el an\u00e1lisis acerca de los cambios educativos que se avecinan dentro de los procesos de formaci\u00f3n universitaria ajustados a contextos digitales.   <\/p>\n                                    <a class=\"link link--bold mt-md-3\" href=\"https:\/\/www.uoh.cl\/acompanamiento-estudiantil\/reflexion-universitaria-uoh-inaugura-ano-academico-2026-pensando-en-los-desafios-de-la-educacion-superior\/\">Saber m\u00e1s <span class=\"icon icon--inline icon--link\"><svg version=\"1.1\" xmlns=\"http:\/\/www.w3.org\/2000\/svg\" xmlns:xlink=\"http:\/\/www.w3.org\/1999\/xlink\" x=\"0px\" y=\"0px\" width=\"22px\"height=\"22px\" viewBox=\"0 0 22 22\" style=\"overflow:visible;enable-background:new 0 0 80 64.6;\" xml:space=\"preserve\"><g clip-path=\"url(#acA)\"><path fill-rule=\"evenodd\" d=\"M21.913 11.266a.93.93 0 000-.711c-.022-.056-.063-.097-.091-.144s-.053-.103-.097-.15L12.306.294c-.357-.379-.955-.394-1.334-.038s-.394.955-.038 1.334l7.917 8.374H.927a.95.95 0 00-.908.983.946.946 0 00.908.908h17.924l-8.089 8.552c-.357.379-.341.977.034 1.334s.977.341 1.334-.034l9.594-10.148c.044-.044.063-.1.097-.15.028-.047.069-.088.091-.141z\"\/><\/g><defs><clipPath id=\"acA\"><path fill=\"#fff\" d=\"M0 0h22v22H0z\"\/><\/clipPath><\/defs><\/svg><\/span><\/a><\/div><\/div><\/div><div class=\"  col-sm-6 col-md-4 img-article\">\n                                        <div class=\"content-news-display row m-0 p-0\"><div class=\"holder p-0 \"><div class=\"img-wrap img-wrap-news\">\n                                        <div class=\"caption__news-category\">\n                                        <a href=\"https:\/\/www.uoh.cl\/acompanamiento-estudiantil\/category\/pace\/\">\n                                        PACE<\/a><\/div><img decoding=\"async\" class=\"w-100 h-100 lazyload\" data-src=\"https:\/\/www.uoh.cl\/acompanamiento-estudiantil\/wp-content\/uploads\/sites\/49\/2026\/04\/Actividad-PACE-2026-20.jpg\" alt=\"Doble bienvenida: Formaci\u00f3n Acad\u00e9mica UOH reuni\u00f3 a cientas\/os de estudiantes de cuarto medio que vivir\u00e1n experiencia universitaria\" style=\"--smush-placeholder-width: 1500px; --smush-placeholder-aspect-ratio: 1500\/1000;object-fit: cover; object-position: center;\" src=\"data:image\/svg+xml;base64,PHN2ZyB3aWR0aD0iMSIgaGVpZ2h0PSIxIiB4bWxucz0iaHR0cDovL3d3dy53My5vcmcvMjAwMC9zdmciPjwvc3ZnPg==\"><\/div><\/div><div class=\"caption py-3 caption__news py-md-3 pb-md-5\">\n                                    <span class=\"caption__date\">Martes 28, Abril<\/span>\n                                     <a href=\"https:\/\/www.uoh.cl\/acompanamiento-estudiantil\/doble-bienvenida-formacionacademica-uoh-reunio-a-cientos-as-de-estudiantes-de-cuarto-medio-que-viviran-experiencia-universitaria\/\">\n                                    <h3 class=\"small-space\">Doble bienvenida: Formaci\u00f3n Acad\u00e9mica UOH reuni\u00f3 a cientas\/os de estudiantes de cuarto medio que vivir\u00e1n experiencia universitaria<\/h3><\/a>\n\n                                    <p>El Programa de Acceso a la Educaci\u00f3n Superior de la Universidad de O\u2019Higgins (PACE UOH) realizar\u00e1, por segundo a\u00f1o consecutivo, un espacio que fortalecer\u00e1 competencias acad\u00e9micas y personales para j\u00f3venes que est\u00e1n finalizando su ense\u00f1anza media.<\/p>\n                                    <a class=\"link link--bold mt-md-3\" href=\"https:\/\/www.uoh.cl\/acompanamiento-estudiantil\/doble-bienvenida-formacionacademica-uoh-reunio-a-cientos-as-de-estudiantes-de-cuarto-medio-que-viviran-experiencia-universitaria\/\">Saber m\u00e1s <span class=\"icon icon--inline icon--link\"><svg version=\"1.1\" xmlns=\"http:\/\/www.w3.org\/2000\/svg\" xmlns:xlink=\"http:\/\/www.w3.org\/1999\/xlink\" x=\"0px\" y=\"0px\" width=\"22px\"height=\"22px\" viewBox=\"0 0 22 22\" style=\"overflow:visible;enable-background:new 0 0 80 64.6;\" xml:space=\"preserve\"><g clip-path=\"url(#acA)\"><path fill-rule=\"evenodd\" d=\"M21.913 11.266a.93.93 0 000-.711c-.022-.056-.063-.097-.091-.144s-.053-.103-.097-.15L12.306.294c-.357-.379-.955-.394-1.334-.038s-.394.955-.038 1.334l7.917 8.374H.927a.95.95 0 00-.908.983.946.946 0 00.908.908h17.924l-8.089 8.552c-.357.379-.341.977.034 1.334s.977.341 1.334-.034l9.594-10.148c.044-.044.063-.1.097-.15.028-.047.069-.088.091-.141z\"\/><\/g><defs><clipPath id=\"acA\"><path fill=\"#fff\" d=\"M0 0h22v22H0z\"\/><\/clipPath><\/defs><\/svg><\/span><\/a><\/div><\/div><\/div><div class=\"  col-sm-6 col-md-4 img-article\">\n                                        <div class=\"content-news-display row m-0 p-0\"><div class=\"holder p-0 \"><div class=\"img-wrap img-wrap-news\">\n                                        <div class=\"caption__news-category\">\n                                        <a href=\"https:\/\/www.uoh.cl\/acompanamiento-estudiantil\/category\/salud-mental\/\">\n                                        Salud Mental<\/a><\/div><img decoding=\"async\" class=\"w-100 h-100 lazyload\" data-src=\"https:\/\/www.uoh.cl\/acompanamiento-estudiantil\/wp-content\/uploads\/sites\/49\/2026\/04\/\u00bfComo-acompanar-ante-situaciones-impredecibles-Psicologa-de-la-Direccion-de-Salud-Mental-UOH-destaca-validacion-de-emociones-y-solicitar-apoyo.png\" alt=\"\u00bfC\u00f3mo acompa\u00f1ar ante situaciones impredecibles?: Psic\u00f3loga de la Direcci\u00f3n de Salud Mental UOH destaca validaci\u00f3n de emociones y solicitar apoyo\" style=\"--smush-placeholder-width: 1500px; --smush-placeholder-aspect-ratio: 1500\/1000;object-fit: cover; object-position: center;\" src=\"data:image\/svg+xml;base64,PHN2ZyB3aWR0aD0iMSIgaGVpZ2h0PSIxIiB4bWxucz0iaHR0cDovL3d3dy53My5vcmcvMjAwMC9zdmciPjwvc3ZnPg==\"><\/div><\/div><div class=\"caption py-3 caption__news py-md-3 pb-md-5\">\n                                    <span class=\"caption__date\">Martes 21, Abril<\/span>\n                                     <a href=\"https:\/\/www.uoh.cl\/acompanamiento-estudiantil\/como-acompanar-ante-situaciones-impredecibles-psicologa-de-la-direccion-de-salud-mental-uoh-destaca-validacion-de-emociones-y-solicitar-apoyo\/\">\n                                    <h3 class=\"small-space\">\u00bfC\u00f3mo acompa\u00f1ar ante situaciones impredecibles?: Psic\u00f3loga de la Direcci\u00f3n de Salud Mental UOH destaca validaci\u00f3n de emociones y solicitar apoyo<\/h3><\/a>\n\n                                    <p>La Universidad de O\u2019Higgins cuenta con distintas instancias para estar presente con estudiantes y la comunidad universitaria ante hechos que afecten su bienestar emocional. <\/p>\n                                    <a class=\"link link--bold mt-md-3\" href=\"https:\/\/www.uoh.cl\/acompanamiento-estudiantil\/como-acompanar-ante-situaciones-impredecibles-psicologa-de-la-direccion-de-salud-mental-uoh-destaca-validacion-de-emociones-y-solicitar-apoyo\/\">Saber m\u00e1s <span class=\"icon icon--inline icon--link\"><svg version=\"1.1\" xmlns=\"http:\/\/www.w3.org\/2000\/svg\" xmlns:xlink=\"http:\/\/www.w3.org\/1999\/xlink\" x=\"0px\" y=\"0px\" width=\"22px\"height=\"22px\" viewBox=\"0 0 22 22\" style=\"overflow:visible;enable-background:new 0 0 80 64.6;\" xml:space=\"preserve\"><g clip-path=\"url(#acA)\"><path fill-rule=\"evenodd\" d=\"M21.913 11.266a.93.93 0 000-.711c-.022-.056-.063-.097-.091-.144s-.053-.103-.097-.15L12.306.294c-.357-.379-.955-.394-1.334-.038s-.394.955-.038 1.334l7.917 8.374H.927a.95.95 0 00-.908.983.946.946 0 00.908.908h17.924l-8.089 8.552c-.357.379-.341.977.034 1.334s.977.341 1.334-.034l9.594-10.148c.044-.044.063-.1.097-.15.028-.047.069-.088.091-.141z\"\/><\/g><defs><clipPath id=\"acA\"><path fill=\"#fff\" d=\"M0 0h22v22H0z\"\/><\/clipPath><\/defs><\/svg><\/span><\/a><\/div><\/div><\/div><\/div><\/div><\/div><div class=\"pagination justify-content-center my-5\"><span aria-current=\"page\" class=\"page-numbers current\">1<\/span>\n<a class=\"page-numbers\" href=\"https:\/\/www.uoh.cl\/acompanamiento-estudiantil\/wp-json\/wp\/v2\/posts\/112\/\/page\/2\">2<\/a>\n<a class=\"page-numbers\" href=\"https:\/\/www.uoh.cl\/acompanamiento-estudiantil\/wp-json\/wp\/v2\/posts\/112\/\/page\/3\">3<\/a>\n<span class=\"page-numbers dots\">&hellip;<\/span>\n<a class=\"page-numbers\" href=\"https:\/\/www.uoh.cl\/acompanamiento-estudiantil\/wp-json\/wp\/v2\/posts\/112\/\/page\/25\">25<\/a>\n<a class=\"next page-numbers\" href=\"https:\/\/www.uoh.cl\/acompanamiento-estudiantil\/wp-json\/wp\/v2\/posts\/112\/\/page\/2\"><div class=\"icon-pagination-next\"> <?xml version=\"1.0\" ?><svg viewBox=\"0 0 96 96\" xmlns=\"http:\/\/www.w3.org\/2000\/svg\"><title\/><path d=\"M39.3756,48.0022l30.47-25.39a6.0035,6.0035,0,0,0-7.6878-9.223L26.1563,43.3906a6.0092,6.0092,0,0,0,0,9.2231L62.1578,82.615a6.0035,6.0035,0,0,0,7.6878-9.2231Z\"\/><\/svg> <\/div><\/a><\/div>[\/vc_column_inner][\/vc_row_inner][\/vc_column][\/vc_row][\/vc_section]<\/p>\n<\/div>","protected":false},"excerpt":{"rendered":"<p>Las jornadas se realizaron en el Campus Rancagua de la Universidad de O\u2019Higgins, junto a la Unidad de Inclusi\u00f3n y la Direcci\u00f3n de Salud Mental. <\/p>\n","protected":false},"author":39,"featured_media":113,"comment_status":"open","ping_status":"open","sticky":false,"template":"","format":"standard","meta":{"_acf_changed":false,"footnotes":""},"categories":[4],"tags":[],"class_list":["post-112","post","type-post","status-publish","format-standard","has-post-thumbnail","hentry","category-pace"],"acf":[],"yoast_head":"<!-- This site is optimized with the Yoast SEO plugin v26.6 - https:\/\/yoast.com\/wordpress\/plugins\/seo\/ -->\n<title>PACE UOH: profesionales ejecutores PACE se capacitan para brindar acompa\u00f1amiento en ense\u00f1anza media - Unidad de Acompa\u00f1amiento Estudiantil<\/title>\n<meta name=\"robots\" content=\"index, follow, max-snippet:-1, max-image-preview:large, max-video-preview:-1\" \/>\n<link rel=\"canonical\" href=\"https:\/\/www.uoh.cl\/acompanamiento-estudiantil\/pace-uoh-profesionales-ejecutores-pace-se-capacitan-para-brindar-acompanamiento-en-ensenanza-media\/\" \/>\n<meta property=\"og:locale\" content=\"es_ES\" \/>\n<meta property=\"og:type\" content=\"article\" \/>\n<meta property=\"og:title\" content=\"PACE UOH: profesionales ejecutores PACE se capacitan para brindar acompa\u00f1amiento en ense\u00f1anza media - Unidad de Acompa\u00f1amiento Estudiantil\" \/>\n<meta property=\"og:description\" content=\"Las jornadas se realizaron en el Campus Rancagua de la Universidad de O\u2019Higgins, junto a la Unidad de Inclusi\u00f3n y la Direcci\u00f3n de Salud Mental.\" \/>\n<meta property=\"og:url\" content=\"https:\/\/www.uoh.cl\/acompanamiento-estudiantil\/pace-uoh-profesionales-ejecutores-pace-se-capacitan-para-brindar-acompanamiento-en-ensenanza-media\/\" \/>\n<meta property=\"og:site_name\" content=\"Unidad de Acompa\u00f1amiento Estudiantil\" \/>\n<meta property=\"article:published_time\" content=\"2024-01-31T14:19:19+00:00\" \/>\n<meta property=\"article:modified_time\" content=\"2024-06-13T15:08:44+00:00\" \/>\n<meta property=\"og:image\" content=\"https:\/\/www.uoh.cl\/acompanamiento-estudiantil\/wp-content\/uploads\/sites\/49\/2024\/05\/PACE-UOH-2.jpg\" \/>\n\t<meta property=\"og:image:width\" content=\"1000\" \/>\n\t<meta property=\"og:image:height\" content=\"1000\" \/>\n\t<meta property=\"og:image:type\" content=\"image\/jpeg\" \/>\n<meta name=\"author\" content=\"Alex Abarca\" \/>\n<meta name=\"twitter:card\" content=\"summary_large_image\" \/>\n<meta name=\"twitter:label1\" content=\"Escrito por\" \/>\n\t<meta name=\"twitter:data1\" content=\"Alex Abarca\" \/>\n\t<meta name=\"twitter:label2\" content=\"Tiempo estimado de lectura\" \/>\n\t<meta name=\"twitter:data2\" content=\"4 minutos\" \/>\n<script type=\"application\/ld+json\" class=\"yoast-schema-graph\">{\"@context\":\"https:\/\/schema.org\",\"@graph\":[{\"@type\":\"Article\",\"@id\":\"https:\/\/www.uoh.cl\/acompanamiento-estudiantil\/pace-uoh-profesionales-ejecutores-pace-se-capacitan-para-brindar-acompanamiento-en-ensenanza-media\/#article\",\"isPartOf\":{\"@id\":\"https:\/\/www.uoh.cl\/acompanamiento-estudiantil\/pace-uoh-profesionales-ejecutores-pace-se-capacitan-para-brindar-acompanamiento-en-ensenanza-media\/\"},\"author\":{\"name\":\"Alex Abarca\",\"@id\":\"https:\/\/www.uoh.cl\/acompanamiento-estudiantil\/#\/schema\/person\/c1ec45baeb61494b4abaa342f7e17be0\"},\"headline\":\"PACE UOH: profesionales ejecutores PACE se capacitan para brindar acompa\u00f1amiento en ense\u00f1anza media\",\"datePublished\":\"2024-01-31T14:19:19+00:00\",\"dateModified\":\"2024-06-13T15:08:44+00:00\",\"mainEntityOfPage\":{\"@id\":\"https:\/\/www.uoh.cl\/acompanamiento-estudiantil\/pace-uoh-profesionales-ejecutores-pace-se-capacitan-para-brindar-acompanamiento-en-ensenanza-media\/\"},\"wordCount\":960,\"commentCount\":0,\"publisher\":{\"@id\":\"https:\/\/www.uoh.cl\/acompanamiento-estudiantil\/#organization\"},\"image\":{\"@id\":\"https:\/\/www.uoh.cl\/acompanamiento-estudiantil\/pace-uoh-profesionales-ejecutores-pace-se-capacitan-para-brindar-acompanamiento-en-ensenanza-media\/#primaryimage\"},\"thumbnailUrl\":\"https:\/\/www.uoh.cl\/acompanamiento-estudiantil\/wp-content\/uploads\/sites\/49\/2024\/05\/PACE-UOH-2.jpg\",\"articleSection\":[\"PACE\"],\"inLanguage\":\"es-CL\",\"potentialAction\":[{\"@type\":\"CommentAction\",\"name\":\"Comment\",\"target\":[\"https:\/\/www.uoh.cl\/acompanamiento-estudiantil\/pace-uoh-profesionales-ejecutores-pace-se-capacitan-para-brindar-acompanamiento-en-ensenanza-media\/#respond\"]}]},{\"@type\":\"WebPage\",\"@id\":\"https:\/\/www.uoh.cl\/acompanamiento-estudiantil\/pace-uoh-profesionales-ejecutores-pace-se-capacitan-para-brindar-acompanamiento-en-ensenanza-media\/\",\"url\":\"https:\/\/www.uoh.cl\/acompanamiento-estudiantil\/pace-uoh-profesionales-ejecutores-pace-se-capacitan-para-brindar-acompanamiento-en-ensenanza-media\/\",\"name\":\"PACE UOH: profesionales ejecutores PACE se capacitan para brindar acompa\u00f1amiento en ense\u00f1anza media - Unidad de Acompa\u00f1amiento Estudiantil\",\"isPartOf\":{\"@id\":\"https:\/\/www.uoh.cl\/acompanamiento-estudiantil\/#website\"},\"primaryImageOfPage\":{\"@id\":\"https:\/\/www.uoh.cl\/acompanamiento-estudiantil\/pace-uoh-profesionales-ejecutores-pace-se-capacitan-para-brindar-acompanamiento-en-ensenanza-media\/#primaryimage\"},\"image\":{\"@id\":\"https:\/\/www.uoh.cl\/acompanamiento-estudiantil\/pace-uoh-profesionales-ejecutores-pace-se-capacitan-para-brindar-acompanamiento-en-ensenanza-media\/#primaryimage\"},\"thumbnailUrl\":\"https:\/\/www.uoh.cl\/acompanamiento-estudiantil\/wp-content\/uploads\/sites\/49\/2024\/05\/PACE-UOH-2.jpg\",\"datePublished\":\"2024-01-31T14:19:19+00:00\",\"dateModified\":\"2024-06-13T15:08:44+00:00\",\"breadcrumb\":{\"@id\":\"https:\/\/www.uoh.cl\/acompanamiento-estudiantil\/pace-uoh-profesionales-ejecutores-pace-se-capacitan-para-brindar-acompanamiento-en-ensenanza-media\/#breadcrumb\"},\"inLanguage\":\"es-CL\",\"potentialAction\":[{\"@type\":\"ReadAction\",\"target\":[\"https:\/\/www.uoh.cl\/acompanamiento-estudiantil\/pace-uoh-profesionales-ejecutores-pace-se-capacitan-para-brindar-acompanamiento-en-ensenanza-media\/\"]}]},{\"@type\":\"ImageObject\",\"inLanguage\":\"es-CL\",\"@id\":\"https:\/\/www.uoh.cl\/acompanamiento-estudiantil\/pace-uoh-profesionales-ejecutores-pace-se-capacitan-para-brindar-acompanamiento-en-ensenanza-media\/#primaryimage\",\"url\":\"https:\/\/www.uoh.cl\/acompanamiento-estudiantil\/wp-content\/uploads\/sites\/49\/2024\/05\/PACE-UOH-2.jpg\",\"contentUrl\":\"https:\/\/www.uoh.cl\/acompanamiento-estudiantil\/wp-content\/uploads\/sites\/49\/2024\/05\/PACE-UOH-2.jpg\",\"width\":1000,\"height\":1000},{\"@type\":\"BreadcrumbList\",\"@id\":\"https:\/\/www.uoh.cl\/acompanamiento-estudiantil\/pace-uoh-profesionales-ejecutores-pace-se-capacitan-para-brindar-acompanamiento-en-ensenanza-media\/#breadcrumb\",\"itemListElement\":[{\"@type\":\"ListItem\",\"position\":1,\"name\":\"Portada\",\"item\":\"https:\/\/www.uoh.cl\/acompanamiento-estudiantil\/\"},{\"@type\":\"ListItem\",\"position\":2,\"name\":\"PACE UOH: profesionales ejecutores PACE se capacitan para brindar acompa\u00f1amiento en ense\u00f1anza media\"}]},{\"@type\":\"WebSite\",\"@id\":\"https:\/\/www.uoh.cl\/acompanamiento-estudiantil\/#website\",\"url\":\"https:\/\/www.uoh.cl\/acompanamiento-estudiantil\/\",\"name\":\"Unidad de Acompa\u00f1amiento Estudiantil\",\"description\":\"\",\"publisher\":{\"@id\":\"https:\/\/www.uoh.cl\/acompanamiento-estudiantil\/#organization\"},\"potentialAction\":[{\"@type\":\"SearchAction\",\"target\":{\"@type\":\"EntryPoint\",\"urlTemplate\":\"https:\/\/www.uoh.cl\/acompanamiento-estudiantil\/?s={search_term_string}\"},\"query-input\":{\"@type\":\"PropertyValueSpecification\",\"valueRequired\":true,\"valueName\":\"search_term_string\"}}],\"inLanguage\":\"es-CL\"},{\"@type\":\"Organization\",\"@id\":\"https:\/\/www.uoh.cl\/acompanamiento-estudiantil\/#organization\",\"name\":\"Unidad de Acompa\u00f1amiento Estudiantil\",\"url\":\"https:\/\/www.uoh.cl\/acompanamiento-estudiantil\/\",\"logo\":{\"@type\":\"ImageObject\",\"inLanguage\":\"es-CL\",\"@id\":\"https:\/\/www.uoh.cl\/acompanamiento-estudiantil\/#\/schema\/logo\/image\/\",\"url\":\"https:\/\/www.uoh.cl\/acompanamiento-estudiantil\/wp-content\/uploads\/sites\/49\/2024\/05\/UOHUAE.svg\",\"contentUrl\":\"https:\/\/www.uoh.cl\/acompanamiento-estudiantil\/wp-content\/uploads\/sites\/49\/2024\/05\/UOHUAE.svg\",\"caption\":\"Unidad de Acompa\u00f1amiento Estudiantil\"},\"image\":{\"@id\":\"https:\/\/www.uoh.cl\/acompanamiento-estudiantil\/#\/schema\/logo\/image\/\"}},{\"@type\":\"Person\",\"@id\":\"https:\/\/www.uoh.cl\/acompanamiento-estudiantil\/#\/schema\/person\/c1ec45baeb61494b4abaa342f7e17be0\",\"name\":\"Alex Abarca\",\"image\":{\"@type\":\"ImageObject\",\"inLanguage\":\"es-CL\",\"@id\":\"https:\/\/www.uoh.cl\/acompanamiento-estudiantil\/#\/schema\/person\/image\/\",\"url\":\"https:\/\/secure.gravatar.com\/avatar\/6b91ce563218f134a378735fedf9c1994a9f0ddf40c3f2974a1a3f63e3f2bc5a?s=96&d=mm&r=g\",\"contentUrl\":\"https:\/\/secure.gravatar.com\/avatar\/6b91ce563218f134a378735fedf9c1994a9f0ddf40c3f2974a1a3f63e3f2bc5a?s=96&d=mm&r=g\",\"caption\":\"Alex Abarca\"},\"url\":\"https:\/\/www.uoh.cl\/acompanamiento-estudiantil\/author\/alexabarca\/\"}]}<\/script>\n<!-- \/ Yoast SEO plugin. -->","yoast_head_json":{"title":"PACE UOH: profesionales ejecutores PACE se capacitan para brindar acompa\u00f1amiento en ense\u00f1anza media - Unidad de Acompa\u00f1amiento Estudiantil","robots":{"index":"index","follow":"follow","max-snippet":"max-snippet:-1","max-image-preview":"max-image-preview:large","max-video-preview":"max-video-preview:-1"},"canonical":"https:\/\/www.uoh.cl\/acompanamiento-estudiantil\/pace-uoh-profesionales-ejecutores-pace-se-capacitan-para-brindar-acompanamiento-en-ensenanza-media\/","og_locale":"es_ES","og_type":"article","og_title":"PACE UOH: profesionales ejecutores PACE se capacitan para brindar acompa\u00f1amiento en ense\u00f1anza media - Unidad de Acompa\u00f1amiento Estudiantil","og_description":"Las jornadas se realizaron en el Campus Rancagua de la Universidad de O\u2019Higgins, junto a la Unidad de Inclusi\u00f3n y la Direcci\u00f3n de Salud Mental.","og_url":"https:\/\/www.uoh.cl\/acompanamiento-estudiantil\/pace-uoh-profesionales-ejecutores-pace-se-capacitan-para-brindar-acompanamiento-en-ensenanza-media\/","og_site_name":"Unidad de Acompa\u00f1amiento Estudiantil","article_published_time":"2024-01-31T14:19:19+00:00","article_modified_time":"2024-06-13T15:08:44+00:00","og_image":[{"width":1000,"height":1000,"url":"https:\/\/www.uoh.cl\/acompanamiento-estudiantil\/wp-content\/uploads\/sites\/49\/2024\/05\/PACE-UOH-2.jpg","type":"image\/jpeg"}],"author":"Alex Abarca","twitter_card":"summary_large_image","twitter_misc":{"Escrito por":"Alex Abarca","Tiempo estimado de lectura":"4 minutos"},"schema":{"@context":"https:\/\/schema.org","@graph":[{"@type":"Article","@id":"https:\/\/www.uoh.cl\/acompanamiento-estudiantil\/pace-uoh-profesionales-ejecutores-pace-se-capacitan-para-brindar-acompanamiento-en-ensenanza-media\/#article","isPartOf":{"@id":"https:\/\/www.uoh.cl\/acompanamiento-estudiantil\/pace-uoh-profesionales-ejecutores-pace-se-capacitan-para-brindar-acompanamiento-en-ensenanza-media\/"},"author":{"name":"Alex Abarca","@id":"https:\/\/www.uoh.cl\/acompanamiento-estudiantil\/#\/schema\/person\/c1ec45baeb61494b4abaa342f7e17be0"},"headline":"PACE UOH: profesionales ejecutores PACE se capacitan para brindar acompa\u00f1amiento en ense\u00f1anza media","datePublished":"2024-01-31T14:19:19+00:00","dateModified":"2024-06-13T15:08:44+00:00","mainEntityOfPage":{"@id":"https:\/\/www.uoh.cl\/acompanamiento-estudiantil\/pace-uoh-profesionales-ejecutores-pace-se-capacitan-para-brindar-acompanamiento-en-ensenanza-media\/"},"wordCount":960,"commentCount":0,"publisher":{"@id":"https:\/\/www.uoh.cl\/acompanamiento-estudiantil\/#organization"},"image":{"@id":"https:\/\/www.uoh.cl\/acompanamiento-estudiantil\/pace-uoh-profesionales-ejecutores-pace-se-capacitan-para-brindar-acompanamiento-en-ensenanza-media\/#primaryimage"},"thumbnailUrl":"https:\/\/www.uoh.cl\/acompanamiento-estudiantil\/wp-content\/uploads\/sites\/49\/2024\/05\/PACE-UOH-2.jpg","articleSection":["PACE"],"inLanguage":"es-CL","potentialAction":[{"@type":"CommentAction","name":"Comment","target":["https:\/\/www.uoh.cl\/acompanamiento-estudiantil\/pace-uoh-profesionales-ejecutores-pace-se-capacitan-para-brindar-acompanamiento-en-ensenanza-media\/#respond"]}]},{"@type":"WebPage","@id":"https:\/\/www.uoh.cl\/acompanamiento-estudiantil\/pace-uoh-profesionales-ejecutores-pace-se-capacitan-para-brindar-acompanamiento-en-ensenanza-media\/","url":"https:\/\/www.uoh.cl\/acompanamiento-estudiantil\/pace-uoh-profesionales-ejecutores-pace-se-capacitan-para-brindar-acompanamiento-en-ensenanza-media\/","name":"PACE UOH: profesionales ejecutores PACE se capacitan para brindar acompa\u00f1amiento en ense\u00f1anza media - Unidad de Acompa\u00f1amiento Estudiantil","isPartOf":{"@id":"https:\/\/www.uoh.cl\/acompanamiento-estudiantil\/#website"},"primaryImageOfPage":{"@id":"https:\/\/www.uoh.cl\/acompanamiento-estudiantil\/pace-uoh-profesionales-ejecutores-pace-se-capacitan-para-brindar-acompanamiento-en-ensenanza-media\/#primaryimage"},"image":{"@id":"https:\/\/www.uoh.cl\/acompanamiento-estudiantil\/pace-uoh-profesionales-ejecutores-pace-se-capacitan-para-brindar-acompanamiento-en-ensenanza-media\/#primaryimage"},"thumbnailUrl":"https:\/\/www.uoh.cl\/acompanamiento-estudiantil\/wp-content\/uploads\/sites\/49\/2024\/05\/PACE-UOH-2.jpg","datePublished":"2024-01-31T14:19:19+00:00","dateModified":"2024-06-13T15:08:44+00:00","breadcrumb":{"@id":"https:\/\/www.uoh.cl\/acompanamiento-estudiantil\/pace-uoh-profesionales-ejecutores-pace-se-capacitan-para-brindar-acompanamiento-en-ensenanza-media\/#breadcrumb"},"inLanguage":"es-CL","potentialAction":[{"@type":"ReadAction","target":["https:\/\/www.uoh.cl\/acompanamiento-estudiantil\/pace-uoh-profesionales-ejecutores-pace-se-capacitan-para-brindar-acompanamiento-en-ensenanza-media\/"]}]},{"@type":"ImageObject","inLanguage":"es-CL","@id":"https:\/\/www.uoh.cl\/acompanamiento-estudiantil\/pace-uoh-profesionales-ejecutores-pace-se-capacitan-para-brindar-acompanamiento-en-ensenanza-media\/#primaryimage","url":"https:\/\/www.uoh.cl\/acompanamiento-estudiantil\/wp-content\/uploads\/sites\/49\/2024\/05\/PACE-UOH-2.jpg","contentUrl":"https:\/\/www.uoh.cl\/acompanamiento-estudiantil\/wp-content\/uploads\/sites\/49\/2024\/05\/PACE-UOH-2.jpg","width":1000,"height":1000},{"@type":"BreadcrumbList","@id":"https:\/\/www.uoh.cl\/acompanamiento-estudiantil\/pace-uoh-profesionales-ejecutores-pace-se-capacitan-para-brindar-acompanamiento-en-ensenanza-media\/#breadcrumb","itemListElement":[{"@type":"ListItem","position":1,"name":"Portada","item":"https:\/\/www.uoh.cl\/acompanamiento-estudiantil\/"},{"@type":"ListItem","position":2,"name":"PACE UOH: profesionales ejecutores PACE se capacitan para brindar acompa\u00f1amiento en ense\u00f1anza media"}]},{"@type":"WebSite","@id":"https:\/\/www.uoh.cl\/acompanamiento-estudiantil\/#website","url":"https:\/\/www.uoh.cl\/acompanamiento-estudiantil\/","name":"Unidad de Acompa\u00f1amiento Estudiantil","description":"","publisher":{"@id":"https:\/\/www.uoh.cl\/acompanamiento-estudiantil\/#organization"},"potentialAction":[{"@type":"SearchAction","target":{"@type":"EntryPoint","urlTemplate":"https:\/\/www.uoh.cl\/acompanamiento-estudiantil\/?s={search_term_string}"},"query-input":{"@type":"PropertyValueSpecification","valueRequired":true,"valueName":"search_term_string"}}],"inLanguage":"es-CL"},{"@type":"Organization","@id":"https:\/\/www.uoh.cl\/acompanamiento-estudiantil\/#organization","name":"Unidad de Acompa\u00f1amiento Estudiantil","url":"https:\/\/www.uoh.cl\/acompanamiento-estudiantil\/","logo":{"@type":"ImageObject","inLanguage":"es-CL","@id":"https:\/\/www.uoh.cl\/acompanamiento-estudiantil\/#\/schema\/logo\/image\/","url":"https:\/\/www.uoh.cl\/acompanamiento-estudiantil\/wp-content\/uploads\/sites\/49\/2024\/05\/UOHUAE.svg","contentUrl":"https:\/\/www.uoh.cl\/acompanamiento-estudiantil\/wp-content\/uploads\/sites\/49\/2024\/05\/UOHUAE.svg","caption":"Unidad de Acompa\u00f1amiento Estudiantil"},"image":{"@id":"https:\/\/www.uoh.cl\/acompanamiento-estudiantil\/#\/schema\/logo\/image\/"}},{"@type":"Person","@id":"https:\/\/www.uoh.cl\/acompanamiento-estudiantil\/#\/schema\/person\/c1ec45baeb61494b4abaa342f7e17be0","name":"Alex Abarca","image":{"@type":"ImageObject","inLanguage":"es-CL","@id":"https:\/\/www.uoh.cl\/acompanamiento-estudiantil\/#\/schema\/person\/image\/","url":"https:\/\/secure.gravatar.com\/avatar\/6b91ce563218f134a378735fedf9c1994a9f0ddf40c3f2974a1a3f63e3f2bc5a?s=96&d=mm&r=g","contentUrl":"https:\/\/secure.gravatar.com\/avatar\/6b91ce563218f134a378735fedf9c1994a9f0ddf40c3f2974a1a3f63e3f2bc5a?s=96&d=mm&r=g","caption":"Alex Abarca"},"url":"https:\/\/www.uoh.cl\/acompanamiento-estudiantil\/author\/alexabarca\/"}]}},"_links":{"self":[{"href":"https:\/\/www.uoh.cl\/acompanamiento-estudiantil\/wp-json\/wp\/v2\/posts\/112","targetHints":{"allow":["GET"]}}],"collection":[{"href":"https:\/\/www.uoh.cl\/acompanamiento-estudiantil\/wp-json\/wp\/v2\/posts"}],"about":[{"href":"https:\/\/www.uoh.cl\/acompanamiento-estudiantil\/wp-json\/wp\/v2\/types\/post"}],"author":[{"embeddable":true,"href":"https:\/\/www.uoh.cl\/acompanamiento-estudiantil\/wp-json\/wp\/v2\/users\/39"}],"replies":[{"embeddable":true,"href":"https:\/\/www.uoh.cl\/acompanamiento-estudiantil\/wp-json\/wp\/v2\/comments?post=112"}],"version-history":[{"count":2,"href":"https:\/\/www.uoh.cl\/acompanamiento-estudiantil\/wp-json\/wp\/v2\/posts\/112\/revisions"}],"predecessor-version":[{"id":117,"href":"https:\/\/www.uoh.cl\/acompanamiento-estudiantil\/wp-json\/wp\/v2\/posts\/112\/revisions\/117"}],"wp:featuredmedia":[{"embeddable":true,"href":"https:\/\/www.uoh.cl\/acompanamiento-estudiantil\/wp-json\/wp\/v2\/media\/113"}],"wp:attachment":[{"href":"https:\/\/www.uoh.cl\/acompanamiento-estudiantil\/wp-json\/wp\/v2\/media?parent=112"}],"wp:term":[{"taxonomy":"category","embeddable":true,"href":"https:\/\/www.uoh.cl\/acompanamiento-estudiantil\/wp-json\/wp\/v2\/categories?post=112"},{"taxonomy":"post_tag","embeddable":true,"href":"https:\/\/www.uoh.cl\/acompanamiento-estudiantil\/wp-json\/wp\/v2\/tags?post=112"}],"curies":[{"name":"wp","href":"https:\/\/api.w.org\/{rel}","templated":true}]}}